{"id":93436,"date":"2025-03-08T15:08:18","date_gmt":"2025-03-08T21:08:18","guid":{"rendered":"https:\/\/redsemlac.com\/semmexico\/?p=93436"},"modified":"2025-03-08T15:08:20","modified_gmt":"2025-03-08T21:08:20","slug":"pronunciamientos-del-8m-amnistia-internacional-exige-al-estado-mexicano-a-atender-y-prevenir-la-violencia-de-genero","status":"publish","type":"post","link":"https:\/\/redsemlac.com\/semmexico\/pronunciamientos-del-8m-amnistia-internacional-exige-al-estado-mexicano-a-atender-y-prevenir-la-violencia-de-genero\/","title":{"rendered":"Pronunciamientos del 8M: Amnist\u00eda Internacional exige al Estado mexicano a atender y prevenir la violencia de g\u00e9nero"},"content":{"rendered":"\n<p class=\"wp-block-paragraph\">Entre los grandes pendientes que tiene el Estado mexicano con la agenda de g\u00e9nero, est\u00e1 la reparaci\u00f3n integral del da\u00f1o en los casos de feminicidio<\/p>\n\n\n\n<p class=\"wp-block-paragraph\">Desde Jalisco, explicaci\u00f3n sobre fosas clandestina<\/p>\n\n\n\n<p class=\"wp-block-paragraph\">En Oaxaca definen al gobernador como feminicida&nbsp;<\/p>\n\n\n\n<p class=\"wp-block-paragraph\"><img loading=\"lazy\" decoding=\"async\" alt=\"Alternativas viales por la marcha\" src=\"https:\/\/lh7-rt.googleusercontent.com\/docsz\/AD_4nXedtb681BZoHpxUlD9iXM90VMsdDYMhh-lrXRV4sa5jRWNA6kI6ojsN0rAZRaXMnL7twVsX3hzK9pBqa-2UqJJ7Z26kf-nFqBJYTSq6kq1LX81ZcBKyrS1OVdds3-YEI7hGlqKZdDf8eT1gdwSYaz0?key=6XiSOfEnT3NxX6CHBmqA6QrF\" width=\"661\" height=\"372\">Alternativas viales por la marcha del D\u00eda Internacional de la Mujer Foto Infobae Jovany P\u00e9rez \/ Infobae M\u00e9xico<\/p>\n\n\n\n<p class=\"wp-block-paragraph\">Redacci\u00f3n<\/p>\n\n\n\n<p class=\"wp-block-paragraph\">SemM\u00e9xico, Cd. de M\u00e9xico, 8 de marzo, 2025.-La&nbsp;<strong>Organizaci\u00f3n No Gubernamental Amnist\u00eda Internacional<\/strong>&nbsp;ha pedido al Gobierno de M\u00e9xico, en el marco de la conmemoraci\u00f3n del D\u00eda Internacional de la Mujer, atender y prevenir la violencia de g\u00e9nero en todo el territorio nacional, pidiendo que este tema y el de los derechos humanos de las mujeres, ocupen un lugar prioritario en su agenda.<\/p>\n\n\n\n<p class=\"wp-block-paragraph\">A trav\u00e9s de un comunicado, el organismo se\u00f1al\u00f3 que&nbsp;<strong>la violencia de g\u00e9nero sigue siendo el gran obst\u00e1culo que impide lograr la igualdad sustantiva entre hombres y mujeres<\/strong>, por lo que, como cada a\u00f1o, Amnist\u00eda Internacional participar\u00e1 en la marcha del 8M y expresando su solidaridad y se sum\u00e1ndose con enorme alegr\u00eda a las demandas de las colectivas que, en todo el pa\u00eds, toman las calles y las iluminan de color morado para conmemorar esta fecha tan significativa.<\/p>\n\n\n\n<p class=\"wp-block-paragraph\">Al tiempo,<strong>&nbsp;ha instado a las autoridades federales, estatales y municipales, a respetar el derecho de las colectivas a manifestarse y a exigir el respeto a los derechos humanos de las mujeres.<\/strong><\/p>\n\n\n\n<p class=\"wp-block-paragraph\"><em>\u201cAmnist\u00eda Internacional ha insistido en que es prioritario desarrollar pol\u00edticas con visi\u00f3n de largo plazo que prevengan las violencias contra las mujeres. Esto es fundamental para cambiar las estructuras de pensamiento y los estereotipos sexistas arraigados en la idiosincrasia mexicana y que son la base de esas violencias\u201d.<\/em><\/p>\n\n\n\n<p class=\"wp-block-paragraph\">Avances de la marcha 8M en la CDMX Marcha 8M Ciudad de M\u00e9xico avances FOTO: CUARTOSCURO.COM L.\/ Infobae M\u00e9xico<img loading=\"lazy\" decoding=\"async\" alt=\"Avances de la marcha 8M\" src=\"https:\/\/lh7-rt.googleusercontent.com\/docsz\/AD_4nXcHdAGpVd6-4sV-UAyq-RG68JVSez1fCBMxHqkccpPW5VmHYk2QZMn5hmB05CerSxQE1X3MzfSehOKyd6yvGO1xYy4Xv9DkyRbkt_SOf_13fki9s5Wh4AI4WUtOAveBKZjxr4YcLV_GaNfpRLl7SEw?key=6XiSOfEnT3NxX6CHBmqA6QrF\" width=\"658\" height=\"370\"><\/p>\n\n\n\n<p class=\"wp-block-paragraph\">La ONG indica que los datos oficiales sobre feminicidios indican que en 2021 se registraron mil 019; en 2022, 853 y en 2024, 839, lo que&nbsp;<strong>revela la urgente necesidad de no seguir en la misma ruta y hacer los cambios necesarios para prevenirlos.<\/strong><\/p>\n\n\n\n<p class=\"wp-block-paragraph\">Entre los grandes pendientes que tiene el Estado mexicano con la agenda de g\u00e9nero, est\u00e1 la reparaci\u00f3n integral del da\u00f1o en los casos de feminicidio. De acuerdo con los est\u00e1ndares internacionales dicha reparaci\u00f3n es una obligaci\u00f3n de los Estados desde el momento en que faltan a su obligaci\u00f3n de garantizar la vida de ni\u00f1as y mujeres por su condici\u00f3n de g\u00e9nero.<\/p>\n\n\n\n<p class=\"wp-block-paragraph\">Esa obligaci\u00f3n contin\u00faa cuando el Estado no investiga debidamente los feminicidios, no sanciona a los responsables y no atiende los factores de riesgo que llevan a que sean cometidos. Adem\u00e1s, en una reparaci\u00f3n integral del da\u00f1o, apegada a est\u00e1ndares internacionales, las familias de las v\u00edctimas deben tener una participaci\u00f3n activa, lo que ocurre en contadas ocasiones.<\/p>\n\n\n\n<p class=\"wp-block-paragraph\"><strong>Amnist\u00eda Internacional ha documentado ampliamente los errores que cometen las procuradur\u00edas al investigar los feminicidios<\/strong>. En el informe Muertes Intolerables, publicado en 2023, relacionado con los feminicidios de Ciudad Ju\u00e1rez y Chihuahua, el movimiento dej\u00f3 constancia de la p\u00e9rdida de elementos de prueba, investigaciones deficientes y sin perspectiva de g\u00e9nero, actuaciones incompletas, entre muchas otras falencias.<\/p>\n\n\n\n<p class=\"wp-block-paragraph\"><em>\u201cNuestro llamado para atender las violencias contra las mujeres hace eco del trabajo emprendido por la presidenta de la Republica para impulsar la igualdad sustantiva. No olvidemos, adem\u00e1s, que en septiembre de este a\u00f1o se cumplen 30 a\u00f1os de la Convenci\u00f3n de Beijing y nada ser\u00eda mejor que conmemorarla con acciones contundentes para superar los roles de g\u00e9nero que tanto limitan el goce pleno de nuestros derechos humanos\u201d,<\/em>&nbsp;declar\u00f3 Edith Olivares Ferreto Directora Ejecutiva de Amnist\u00eda Internacional, secci\u00f3n mexicana.<\/p>\n\n\n\n<p class=\"wp-block-paragraph\"><strong><em>COMUNICADO CLADEM JALISCO 8 de marzo 2025 <\/em><\/strong><em>&nbsp;<\/em><\/p>\n\n\n\n<p class=\"wp-block-paragraph\">Desde el Comit\u00e9 de Am\u00e9rica Latina y el Caribe para la defensa de los derechos de las Mujeres (CLADEM), expresamos nuestra m\u00e1s profunda solidaridad con las familias de las personas desaparecidas y con las madres buscadoras de Jalisco, cuyo incansable esfuerzo en la localizaci\u00f3n de sus seres queridos representa una lucha por la verdad y la dignidad.<\/p>\n\n\n\n<p class=\"wp-block-paragraph\">Los recientes hallazgos de 3 crematorios clandestinos en el rancho Izaguirre y de objetos personales como ropa, calzado, mochilas, libretas, fotograf\u00edas, cartas, listas y cuadernos, evidencian la magnitud de la crisis de desapariciones y la violencia que atraviesa nuestro estado y el pa\u00eds. Estos sitios son testigos silenciados de graves violaciones a los derechos humanos y de una impunidad que persiste en el estado.&nbsp;&nbsp;<\/p>\n\n\n\n<p class=\"wp-block-paragraph\">Ante estos hechos, es imperativo que las autoridades forenses y de procuraci\u00f3n de justicia act\u00faen con estricto apego a los protocolos de investigaci\u00f3n y recuperaci\u00f3n de restos humanos. La inspecci\u00f3n minuciosa de estos lugares, el levantamiento y an\u00e1lisis de indicios, y la garant\u00eda de la cadena de custodia son acciones fundamentales para la identificaci\u00f3n de las v\u00edctimas y el acceso a la justicia. No podemos permitir que la falta de diligencia o la negligencia institucional retrasen o impidan el derecho de las familias a conocer la verdad.<\/p>\n\n\n\n<p class=\"wp-block-paragraph\">Llama la atenci\u00f3n la declaraci\u00f3n del ex Fiscal sobre la inspecci\u00f3n previa en septiembre del 2024, en la que se afirm\u00f3 que no se revis\u00f3 todo el rancho debido a su extensi\u00f3n. Esta omisi\u00f3n es inaceptable y pone en evidencia la necesidad de que las autoridades implementen estrategias m\u00e1s eficaces para la b\u00fasqueda de personas desaparecidas y el esclarecimiento de estos hechos. La impunidad no puede seguir siendo la norma.<\/p>\n\n\n\n<p class=\"wp-block-paragraph\">Exigimos que se realicen peritajes exhaustivos en los sitios identificados, garantizando la participaci\u00f3n de peritos especializados en antropolog\u00eda y odontolog\u00eda forense, as\u00ed como la toma de muestras gen\u00e9ticas para su confrontaci\u00f3n con bases de datos de personas desaparecidas. Asimismo, urgimos a que se brinde informaci\u00f3n clara y transparente a las familias y a la sociedad sobre los hallazgos y las acciones emprendidas por las autoridades.<\/p>\n\n\n\n<p class=\"wp-block-paragraph\">Respaldamos el trabajo incansable de las madres buscadoras y reiteramos nuestra solidaridad con cada familia que sigue en la incansable lucha por encontrar a sus seres queridos. Su dolor es tambi\u00e9n nuestro dolor, y su lucha es la lucha de toda una sociedad que no puede permanecer indiferente ante esta crisis humanitaria.<\/p>\n\n\n\n<p class=\"wp-block-paragraph\">Por la verdad, la justicia y la memoria, seguiremos exigiendo respuestas y acciones concretas. Ni el silencio ni el olvido pueden ser la respuesta de las instituciones.<\/p>\n\n\n\n<p class=\"wp-block-paragraph\">Exigimos se lleven sigan procedimientos rigurosos para preservar la integridad de la escena y garantizar una investigaci\u00f3n exhaustiva. A continuaci\u00f3n, detallamos algunas acciones fundamentales que deben llevarse a cabo:<\/p>\n\n\n\n<p class=\"wp-block-paragraph\">1. Aseguramiento y documentaci\u00f3n de la escena:<\/p>\n\n\n\n<p class=\"wp-block-paragraph\">\u2022 Fijar y acordonar el \u00e1rea para evitar la contaminaci\u00f3n de la escena y mantener su integridad.<\/p>\n\n\n\n<p class=\"wp-block-paragraph\">\u2022 Registrar fotogr\u00e1fica y videogr\u00e1ficamente la escena, capturando desde planos generales hasta detalles espec\u00edficos de los indicios presentes.<\/p>\n\n\n\n<p class=\"wp-block-paragraph\">\u2022 Elaborar croquis o planos que reflejen la disposici\u00f3n exacta de los elementos encontrados, incluyendo puntos de referencia y coordenadas geogr\u00e1ficas si es necesario.<\/p>\n\n\n\n<p class=\"wp-block-paragraph\">2. Recuperaci\u00f3n y manejo de indicios:<\/p>\n\n\n\n<p class=\"wp-block-paragraph\">\u2022 Describir detalladamente cada indicio, especificando su ubicaci\u00f3n, forma, tama\u00f1o y condici\u00f3n.<\/p>\n\n\n\n<p class=\"wp-block-paragraph\">\u2022 Realizar el levantamiento, embalaje y etiquetado de los indicios siguiendo protocolos que aseguren la cadena de custodia.<\/p>\n\n\n\n<p class=\"wp-block-paragraph\">3. An\u00e1lisis de restos humanos:<\/p>\n\n\n\n<p class=\"wp-block-paragraph\">\u2022 Recuperar y analizar los restos \u00f3seos o humanos presentes, aplicando t\u00e9cnicas de antropolog\u00eda y odontolog\u00eda forense.<\/p>\n\n\n\n<p class=\"wp-block-paragraph\">\u2022 Tomar muestras gen\u00e9ticas para su posterior confronta con bases de datos de personas desaparecidas, facilitando su identificaci\u00f3n.<\/p>\n\n\n\n<p class=\"wp-block-paragraph\">4. Investigaci\u00f3n de objetos personales:<\/p>\n\n\n\n<p class=\"wp-block-paragraph\">\u2022 Examinar minuciosamente los objetos personales encontrados, como ropa, calzado, mochilas, libretas, fotograf\u00edas, cartas, listas y cuadernos, ya que pueden proporcionar informaci\u00f3n valiosa sobre la identidad de las v\u00edctimas y las circunstancias del hecho.<\/p>\n\n\n\n<p class=\"wp-block-paragraph\">5. Colaboraci\u00f3n interinstitucional:<\/p>\n\n\n\n<p class=\"wp-block-paragraph\">\u2022 Coordinarse con otras autoridades competentes, como instituciones de salud p\u00fablica, protecci\u00f3n civil y medio ambiente, especialmente si se encuentran sustancias qu\u00edmicas, biol\u00f3gicas o residuos que requieran manejo especializado.<\/p>\n\n\n\n<p class=\"wp-block-paragraph\">6. Registro y seguimiento:<\/p>\n\n\n\n<p class=\"wp-block-paragraph\">\u2022 Mantener registros precisos y completos de todos los indicios recuperados, asegurando la continuidad y documentaci\u00f3n de cada movimiento o traslado para preservar la cadena de custodia.<\/p>\n\n\n\n<p class=\"wp-block-paragraph\">La aplicaci\u00f3n estricta de estos procedimientos es esencial para garantizar la integridad de la investigaci\u00f3n, facilitar la identificaci\u00f3n de las v\u00edctimas y contribuir al esclarecimiento de los hechos en escenarios tan complejos como los encontrados por los colectivos de personas desaparecidas en el rancho Izaguirre.<\/p>\n\n\n\n<p class=\"wp-block-paragraph\"><em>Oaxaca. Exigen mujeres de Fonapas<\/em><\/p>\n\n\n\n<p class=\"wp-block-paragraph\">En todo el mundo avanza el movimiento de mujeres sin disparar una sola bala. No pueden ni podr\u00e1n con nuestra diversidad, con nuestra fuerza, con nuestra sabidur\u00eda ancestral, con nuestra creatividad, con nuestra alegr\u00eda, con nuestro coraje, con nuestra SORORIDAD.<\/p>\n\n\n\n<p class=\"wp-block-paragraph\">Por ello, frente a la&nbsp; provocaci\u00f3n de Salom\u00f3n Jara de intentar amedrentarnos y\/o incluso, confrontarnos, las organizaciones que&nbsp; conformamos Mujeres Oaxaque\u00f1as Tejiendo Comunidad, hemos decidido cancelar las actividades culturales y de intercambio de saberes que ten\u00edamos programada para el d\u00eda de hoy y sumarnos a las marcha INCLUYENTE que saldr\u00e1 de la gasolinera Fonapas, a las 15 horas (3 de la tarde).&nbsp;<\/p>\n\n\n\n<p class=\"wp-block-paragraph\">\ud835\udc04\ud835\udc27 \ud835\udc0e\ud835\udc1a\ud835\udc31\ud835\udc1a\ud835\udc1c\ud835\udc1a, \ud835\udc1e\ud835\udc25 E\ud835\udc2c\ud835\udc2d\ud835\udc1a\ud835\udc1d\ud835\udc28 \ud835\udc29\ud835\udc1a\ud835\udc2d\ud835\udc2b\ud835\udc22\ud835\udc1a\ud835\udc2b\ud835\udc1c\ud835\udc1a\ud835\udc25 \ud835\udc1d\ud835\udc1e \ud835\udc12\ud835\udc1a\ud835\udc25\ud835\udc28\ud835\udc26\u00f3\ud835\udc27 \ud835\udc09\ud835\udc1a\ud835\udc2b\ud835\udc1a \ud835\udc2d\ud835\udc22\ud835\udc1e\ud835\udc27\ud835\udc1e \ud835\udc26\ud835\udc22\ud835\udc1e\ud835\udc1d\ud835\udc28. \ud835\udc12\ud835\udc1a\ud835\udc25\ud835\udc28\ud835\udc26\u00f3\ud835\udc27 \ud835\udc09\ud835\udc1a\ud835\udc2b\ud835\udc1a, \ud835\udc2c\ud835\udc28\ud835\udc25\ud835\udc28 \ud835\udc2a\ud835\udc2e\ud835\udc22\ud835\udc1e\ud835\udc2b\ud835\udc1e\ud835\udc27 \ud835\udc29\ud835\udc2b\ud835\udc28\ud835\udc2f\ud835\udc28\ud835\udc1c\ud835\udc1a\ud835\udc2b \ud835\udc32 \ud835\udc1d\ud835\udc1e\ud835\udc2c\ud835\udc26\ud835\udc28\ud835\udc2f\ud835\udc22\ud835\udc25\ud835\udc22\ud835\udc33\ud835\udc1a\ud835\udc2b \ud835\udc1c\ud835\udc28\ud835\udc27 \ud835\udc2c\ud835\udc2e\ud835\udc2c \ud835\udc2f\ud835\udc1a\ud835\udc25\ud835\udc25\ud835\udc1a\ud835\udc2c \ud835\udc26\ud835\udc22\ud835\udc25\ud835\udc25\ud835\udc28\ud835\udc27\ud835\udc1a\ud835\udc2b\ud835\udc22\ud835\udc1a\ud835\udc2c.&nbsp;<\/p>\n\n\n\n<p class=\"wp-block-paragraph\">\u270a\ud835\udc0d\ud835\udc28 \ud835\udc26\u00e1\ud835\udc2c \ud835\udc2f\ud835\udc22\ud835\udc28\ud835\udc25\ud835\udc1e\ud835\udc27\ud835\udc1c\ud835\udc22\ud835\udc1a \ud835\udc21\ud835\udc1a\ud835\udc1c\ud835\udc22\ud835\udc1a \ud835\udc25\ud835\udc1a\ud835\udc2c \ud835\udc26\ud835\udc2e\ud835\udc23\ud835\udc1e\ud835\udc2b\ud835\udc1e\ud835\udc2c \ud835\udc1e\ud835\udc27 \ud835\udc0e\ud835\udc1a\ud835\udc31\ud835\udc1a\ud835\udc1c\ud835\udc1a<\/p>\n\n\n\n<p class=\"wp-block-paragraph\"><strong><em>Se suma IECM a conmemoraci\u00f3n del D\u00eda Internacional de la Mujer en la Alcald\u00eda Miguel Hidalgo<\/em><\/strong><\/p>\n\n\n\n<p class=\"wp-block-paragraph\">El Instituto Electoral de la Ciudad de M\u00e9xico (IECM) particip\u00f3 en el Encuentro de Mujeres y Ni\u00f1as \u201cPrimero las Mujeres 8M\u201d, organizado por la Alcald\u00eda Miguel Hidalgo, como parte de las actividades y acciones conmemorativas en torno al D\u00eda Internacional de la Mujer.<\/p>\n\n\n\n<p class=\"wp-block-paragraph\">En el evento, realizado en la explanada de la Alcald\u00eda, la Consejera Presidenta del IECM, Patricia Avenda\u00f1o Dur\u00e1n, asegur\u00f3 que todav\u00eda hay muchas barreras por derrumbar; sin embargo, reconoci\u00f3 que este tiempo que ahora viven las ni\u00f1as, adolescentes y j\u00f3venes ha tenido cambios significativos, gracias a muchas mujeres y hombres que han sido parte de esta lucha.<\/p>\n\n\n\n<p class=\"wp-block-paragraph\">\u201cHubo un tiempo en que las mujeres no pod\u00edamos votar, no nos dejaban elegir a los gobernantes y mucho menos pod\u00eda haber mujeres legisladoras, gobernadoras o alcaldesas. La enorme ventaja de esta \u00e9poca es que ustedes, ni\u00f1as, j\u00f3venes, adolescentes, mujeres que sue\u00f1an, van a poder ser legisladoras, arquitectas, astronautas o ingenieras\u201d, expres\u00f3.<\/p>\n\n\n\n<p class=\"wp-block-paragraph\">Con la presencia de la Consejera Electoral Maira Melisa Guerra Pulido, autoridades y trabajadoras de la demarcaci\u00f3n y alumnado de diversas escuelas de educaci\u00f3n b\u00e1sica y media superior, la Presidenta Patricia Avenda\u00f1o asegur\u00f3 que el Instituto Electoral lo que busca transmitir a las mujeres es que todas tienen derechos y uno de ellos es participar. \u201cSomos libres y somos fuertes, y tenemos que salir adelante juntas y juntos\u201d, subray\u00f3.<\/p>\n\n\n\n<p class=\"wp-block-paragraph\">A su vez, el Alcalde de Miguel Hidalgo, Mauricio Tabe Echartea, dijo que su gobierno est\u00e1 convencido de que las mujeres deben ser libres, con oportunidades para salir adelante, que el piso sea mucho m\u00e1s parejo; por eso, todos los d\u00edas, con acciones y mensajes, las mujeres y las jefas de familia son prioridad en la demarcaci\u00f3n.<\/p>\n\n\n\n<p class=\"wp-block-paragraph\">Al agradecer la presencia del IECM en el evento, asegur\u00f3 que todos los d\u00edas, las mujeres demuestran que se puede ser libres y salir adelante. \u201cPor eso tomen el ejemplo de muchas mujeres que han dado luchas y batallas para decir s\u00ed se puede y esa debe ser la consigna para que puedan cumplir sus sue\u00f1os\u201d, resalt\u00f3.<\/p>\n\n\n\n<p class=\"wp-block-paragraph\">En este encuentro, participaron las Direcciones Distritales 12 y 13 del IECM, quienes instalaron stands para que mujeres de todas las edades pudieran reflexionar sobre la importancia de participar y elegir, as\u00ed como para hacer valer sus derechos.<\/p>\n\n\n\n<p class=\"wp-block-paragraph\">En el evento tambi\u00e9n participaron diputadas del \u00e1mbito federal y local, representantes de ONU Mujeres, y de diferentes instituciones y organismos.<\/p>\n","protected":false},"excerpt":{"rendered":"<p>Entre los grandes pendientes que tiene el Estado mexicano con la agenda de g\u00e9nero, est\u00e1 la reparaci\u00f3n integral del da\u00f1o en los casos de feminicidio Desde Jalisco, explicaci\u00f3n sobre fosas clandestina En Oaxaca definen al gobernador como feminicida&nbsp; Alternativas viales por la marcha del D\u00eda Internacional de la Mujer Foto Infobae Jovany P\u00e9rez \/ Infobae [&hellip;]<\/p>\n","protected":false},"author":3,"featured_media":93437,"comment_status":"open","ping_status":"open","sticky":false,"template":"","format":"standard","meta":{"_monsterinsights_skip_tracking":false,"footnotes":""},"categories":[205,897],"tags":[],"class_list":["post-93436","post","type-post","status-publish","format-standard","has-post-thumbnail","category-8-de-marzo","category-especial"],"_links":{"self":[{"href":"https:\/\/redsemlac.com\/semmexico\/wp-json\/wp\/v2\/posts\/93436","targetHints":{"allow":["GET"]}}],"collection":[{"href":"https:\/\/redsemlac.com\/semmexico\/wp-json\/wp\/v2\/posts"}],"about":[{"href":"https:\/\/redsemlac.com\/semmexico\/wp-json\/wp\/v2\/types\/post"}],"author":[{"embeddable":true,"href":"https:\/\/redsemlac.com\/semmexico\/wp-json\/wp\/v2\/users\/3"}],"replies":[{"embeddable":true,"href":"https:\/\/redsemlac.com\/semmexico\/wp-json\/wp\/v2\/comments?post=93436"}],"version-history":[{"count":0,"href":"https:\/\/redsemlac.com\/semmexico\/wp-json\/wp\/v2\/posts\/93436\/revisions"}],"wp:featuredmedia":[{"embeddable":true,"href":"https:\/\/redsemlac.com\/semmexico\/wp-json\/wp\/v2\/media\/93437"}],"wp:attachment":[{"href":"https:\/\/redsemlac.com\/semmexico\/wp-json\/wp\/v2\/media?parent=93436"}],"wp:term":[{"taxonomy":"category","embeddable":true,"href":"https:\/\/redsemlac.com\/semmexico\/wp-json\/wp\/v2\/categories?post=93436"},{"taxonomy":"post_tag","embeddable":true,"href":"https:\/\/redsemlac.com\/semmexico\/wp-json\/wp\/v2\/tags?post=93436"}],"curies":[{"name":"wp","href":"https:\/\/api.w.org\/{rel}","templated":true}]}}