{"id":9342,"date":"2019-07-01T16:45:15","date_gmt":"2019-07-01T16:45:15","guid":{"rendered":"https:\/\/redsemlac.com\/semmexico\/?p=9342"},"modified":"2023-07-21T14:50:14","modified_gmt":"2023-07-21T19:50:14","slug":"notimex-niega-derecho-de-replica","status":"publish","type":"post","link":"https:\/\/redsemlac.com\/semmexico\/notimex-niega-derecho-de-replica\/","title":{"rendered":"Notimex niega derecho de r\u00e9plica"},"content":{"rendered":"\n<h2 class=\"wp-block-heading\"><strong><em>Por vez primera en su historia, Notimex neg\u00f3 de manera reiterada el derecho de r\u00e9plica a un ciudadano.<\/em><\/strong><\/h2>\n\n\n\n<p class=\"wp-block-paragraph\"><strong>Alejandro Lelo de\nLarrea<\/strong><\/p>\n\n\n\n<p class=\"wp-block-paragraph\">SemM\u00e9xico. Ciudad de M\u00e9xico. 01 de julio 2019.- En apenas 5\nmeses, la descomposici\u00f3n de la agencia estatal de noticias Notimex ha sido\nvertiginosa. No s\u00f3lo es el asunto de la austeridad y despidos masivos.<\/p>\n\n\n\n<p class=\"wp-block-paragraph\">Es el caso de su directora general, Sanjuana Mart\u00ednez.\nIncumple los m\u00ednimos preceptos de \u00e9tica y profesionalismo del periodismo. Y\nviola los art\u00edculos 6 y 7 Constitucionales.<\/p>\n\n\n\n<p class=\"wp-block-paragraph\">Por vez primera en su historia, Notimex neg\u00f3 de manera\nreiterada el derecho de r\u00e9plica a un ciudadano. A tal extremo, que ahora tal\npetici\u00f3n est\u00e1 en los Tribunales. Pronto podr\u00edan resolver en contra de la\nagencia. Incluso destituir a su directora.<\/p>\n\n\n\n<p class=\"wp-block-paragraph\">En el Juzgado S\u00e9ptimo de Distrito en Materia Civil en la\nCDMX se encuentra el Procedimiento Judicial en Materia de Derecho de R\u00e9plica,\nexpediente 218\/2019-III.<\/p>\n\n\n\n<p class=\"wp-block-paragraph\">\u00c9ste fue interpuesto contra Notimex por parte de Carlos\nDom\u00ednguez, hijo del periodista del mismo nombre, asesinado en Nuevo Laredo, en\nenero de 2018. Carlos Dom\u00ednguez tuvo que recurrir a lo tribunales porque\nconsidera que la agencia trae una campa\u00f1a de informaci\u00f3n negativa en contra de\nsu acaecido padre.<\/p>\n\n\n\n<p class=\"wp-block-paragraph\">En varias ocasiones acudi\u00f3 a buscar a Sanjuana Mart\u00ednez a\nsus oficinas para hacer valer su derecho de r\u00e9plica. Nunca lo recibi\u00f3. Tampoco\nle publicaron su carta. Todo ello va contra el discurso de AMLO: apertura y\nderecho de r\u00e9plica est\u00e1n garantizados. No hay tal en Notimex.<\/p>\n\n\n\n<p class=\"wp-block-paragraph\">Es la peor etapa en la historia de la agencia. Hace tres\nd\u00edas, el Congreso de la Uni\u00f3n exhort\u00f3 a la Notimex a \u201cconducirse con absoluta\nindependencia editorial\u201d.<\/p>\n\n\n\n<p class=\"wp-block-paragraph\">No ser\u00e1 f\u00e1cil con Sanjuana, quien ha tenido que recurrir a\nMonterrey, su tierra, para traer periodistas a su equipo de trabajo.<\/p>\n\n\n\n<p class=\"wp-block-paragraph\">Los colegas de la CDMX no quieren trabajar con ella. As\u00ed,\nparece que tambi\u00e9n en el caso de Notimex est\u00e1bamos mejor cuando est\u00e1bamos peor.<\/p>\n\n\n\n<p class=\"wp-block-paragraph\"><\/p>\n","protected":false},"excerpt":{"rendered":"<p>Por vez primera en su historia, Notimex neg\u00f3 de manera reiterada el derecho de r\u00e9plica a un ciudadano.\ufeff<\/p>\n","protected":false},"author":3,"featured_media":9343,"comment_status":"open","ping_status":"open","sticky":false,"template":"","format":"standard","meta":{"_monsterinsights_skip_tracking":false,"footnotes":""},"categories":[690,110],"tags":[],"class_list":["post-9342","post","type-post","status-publish","format-standard","has-post-thumbnail","category-690","category-la-opinion-columnas"],"_links":{"self":[{"href":"https:\/\/redsemlac.com\/semmexico\/wp-json\/wp\/v2\/posts\/9342","targetHints":{"allow":["GET"]}}],"collection":[{"href":"https:\/\/redsemlac.com\/semmexico\/wp-json\/wp\/v2\/posts"}],"about":[{"href":"https:\/\/redsemlac.com\/semmexico\/wp-json\/wp\/v2\/types\/post"}],"author":[{"embeddable":true,"href":"https:\/\/redsemlac.com\/semmexico\/wp-json\/wp\/v2\/users\/3"}],"replies":[{"embeddable":true,"href":"https:\/\/redsemlac.com\/semmexico\/wp-json\/wp\/v2\/comments?post=9342"}],"version-history":[{"count":0,"href":"https:\/\/redsemlac.com\/semmexico\/wp-json\/wp\/v2\/posts\/9342\/revisions"}],"wp:featuredmedia":[{"embeddable":true,"href":"https:\/\/redsemlac.com\/semmexico\/wp-json\/wp\/v2\/media\/9343"}],"wp:attachment":[{"href":"https:\/\/redsemlac.com\/semmexico\/wp-json\/wp\/v2\/media?parent=9342"}],"wp:term":[{"taxonomy":"category","embeddable":true,"href":"https:\/\/redsemlac.com\/semmexico\/wp-json\/wp\/v2\/categories?post=9342"},{"taxonomy":"post_tag","embeddable":true,"href":"https:\/\/redsemlac.com\/semmexico\/wp-json\/wp\/v2\/tags?post=9342"}],"curies":[{"name":"wp","href":"https:\/\/api.w.org\/{rel}","templated":true}]}}