{"id":93416,"date":"2025-03-08T14:31:44","date_gmt":"2025-03-08T20:31:44","guid":{"rendered":"https:\/\/redsemlac.com\/semmexico\/?p=93416"},"modified":"2025-03-08T14:48:37","modified_gmt":"2025-03-08T20:48:37","slug":"avanzan-las-marchas-por-el-8-de-marzo-en-la-cdmx-y-otras-entidades","status":"publish","type":"post","link":"https:\/\/redsemlac.com\/semmexico\/avanzan-las-marchas-por-el-8-de-marzo-en-la-cdmx-y-otras-entidades\/","title":{"rendered":"Avanzan las marchas\u00a0 por el 8 de marzo en la CDMX y otras entidades"},"content":{"rendered":"\n<p class=\"wp-block-paragraph\">Tijuana, foto, El Sol de M\u00e9xico<\/p>\n\n\n\n<p class=\"wp-block-paragraph\">Protestas buscadoras frente al Palacio Nacional muy de ma\u00f1ana<\/p>\n\n\n\n<p class=\"wp-block-paragraph\">En la Antimonumenta los primeros contingentes<\/p>\n\n\n\n<p class=\"wp-block-paragraph\">SemM\u00e9xico, Cd. de M\u00e9xico, 8 de marzo, 2025.- Previo al inicio de las marchas del 8 de marzo en el z\u00f3calo y aun lado de las vallas que cubren a Palacio Nacional, las madres buscadoras realizaron una ceremonia por sus hijas desaparecidas con fotograf\u00edas rodeadas con veladoras y anunciaron la fundaci\u00f3n del Frente de Madres Buscadoras Luci\u00e9rnagas.<\/p>\n\n\n\n<p class=\"wp-block-paragraph\">El v\u00ednculo de las madres la negligencia de las autoridades de justicia que no hacen caso a sus denuncias y despu\u00e9s el desaseo de las investigaciones y falta de compromiso de las autoridades.<\/p>\n\n\n\n<p class=\"wp-block-paragraph\">En la plancha de la Plaza de la Constituci\u00f3n ya se lee el texto \u201cPresidenta, no llegamos todas\u201d y en las vallas colocadas para para resguardar Palacio Nacional ya aparecen carteles, mantas , as\u00ed como consignas por el 8M.<\/p>\n\n\n\n<p class=\"wp-block-paragraph\">En la Glorieta de las Mujeres antes del inicio de la marcha la se\u00f1ora Elvira Canchola, mam\u00e1 de Esmeralda y Sof\u00eda, las j\u00f3venes que fallecieron tras caer a una coladera mientras se dirig\u00edan a un concierto, realiz\u00f3 una actividad para que las mujeres que asisten cambien el dolor por amor. Elabor\u00f3 un \u00e1rbol para que otras mujeres puedan expresar su sentir al pegar mariposas para recordar a su ser querido desaparecido o v\u00edctima de feminicidio.<\/p>\n\n\n\n<p class=\"wp-block-paragraph\">Por su parte, la familia de Leticia G\u00f3mez se re\u00fane en esta marcha del 8M para pedir a las autoridades que se esclarezca su desaparici\u00f3n y puedan volver a verla. Una de las mujeres integrantes del colectivo \u201cFuerza Urbana Campesina Popular\u201d, que lleg\u00f3 esta ma\u00f1ana al Z\u00f3calo, dijo que marchan por las violaciones, por las vejaciones, que llevan s y todas las madres trabajadoras.<\/p>\n\n\n\n<p class=\"wp-block-paragraph\">En las inmediaciones del \u00c1ngel de la Independencia desde las11:30 empezaron a concentrarse,&nbsp; el primer colectivo \u201cEstamos listas\u201d, del estado de Hidalgo.<\/p>\n\n\n\n<p class=\"wp-block-paragraph\">Otros grupos de mujeres dieron inicio la marcha por la calzada San Antonio Abad, a la altura de la estaci\u00f3n del Metro Chabacano.<\/p>\n\n\n\n<p class=\"wp-block-paragraph\">La Secretar\u00eda de Seguridad Ciudadana inform\u00f3 que mujeres polic\u00edas acompa\u00f1ar\u00e1n a las participantes de la marcha de este s\u00e1bado 8 de marzo, con motivo del D\u00eda Internacional de la Mujer. Adem\u00e1s, 400 elementos adicionales estar\u00e1n en puntos estrat\u00e9gicos para intervenir \u00fanicamente en caso de emergencia o contingencia.<\/p>\n\n\n\n<p class=\"wp-block-paragraph\"><strong>\u00bfLlegamos todas?\u201d: activistas se\u00f1alan las tareas pendientes en el primer 8M con una presidenta<\/strong><\/p>\n\n\n\n<p class=\"wp-block-paragraph\">Este 8 de marzo las calles de la Ciudad de M\u00e9xico se ti\u00f1en de morado en conmemoraci\u00f3n del D\u00eda Internacional de la Mujer. Colectivas, activistas, mujeres y personas gestantes se re\u00fanen en distintos puntos de la capital para marchar en contra de la violencia y desigualdad de g\u00e9nero, un problema urgente de resolver en el pa\u00eds.<\/p>\n\n\n\n<p class=\"wp-block-paragraph\">A lo largo del d\u00eda, los contingentes convocados por distintas organizaciones se ir\u00e1n integrando a la marcha que partir\u00e1 desde el \u00c1ngel de la Independencia rumbo al Z\u00f3calo capitalino. Aqu\u00ed puedes consultar la ruta y las distintas convocatorias.<\/p>\n\n\n\n<p class=\"wp-block-paragraph\">De acuerdo con la Secretar\u00eda de Seguridad Ciudadana (SSC), se desplegar\u00e1 un operativo con 800 mujeres polic\u00edas que acompa\u00f1ar\u00e1n la macha a distancia.<\/p>\n\n\n\n<p class=\"wp-block-paragraph\">Las asistentes comenzar\u00e1n a congregarse en distintos puntos a partir de las 10:00 horas, aunque las actividades de protesta iniciaron m\u00e1s temprano. Aqu\u00ed puedes consultar minuto a minuto de lo que acontece a lo largo de la jornada.<\/p>\n\n\n\n<p class=\"wp-block-paragraph\">Denuncian omisiones de autoridades en casos de feminicidio<\/p>\n\n\n\n<p class=\"wp-block-paragraph\">A las 11:30 horas, en la Glorieta de las Mujeres que Luchan, madres de mujeres desaparecidas y v\u00edctimas de feminicidio encabezaron un performance sobre c\u00f3mo son ignoradas por las autoridades.<\/p>\n\n\n\n<p class=\"wp-block-paragraph\">Con cargo, nombre y apellido, madres se\u00f1alaron a cada una de las autoridades responsables de las omisiones en los casos de sus hijas e hijos.<\/p>\n\n\n\n<p class=\"wp-block-paragraph\">Entre la multitud se encontraba la mam\u00e1 de Lesvy Berl\u00edn Rivera Osorio, quien record\u00f3 que el juez de Enjuiciamiento del Sistema Procesal Penal Acusatorio de la Ciudad de M\u00e9xico, Christian Ricardo Franco Reyes, juzg\u00f3 sin perspectiva de g\u00e9nero el caso de su hija y ha retrasado la sentencia definitiva.<\/p>\n\n\n\n<p class=\"wp-block-paragraph\">Jacqueline, madre de Montserrat Uribe Palmeros, la joven que desapareci\u00f3 en 2020 y cuyos restos fueron hallados tras cuatro a\u00f1os de revictimizaciones, tambi\u00e9n reclam\u00f3 a la jueza del Tribunal Superior de Justicia de la Ciudad de M\u00e9xico, Belem Bola\u00f1os, por liberar a los presuntos implicados en la desaparici\u00f3n de su hija. \u201c\u00a1Culpable!\u201d, expres\u00f3.<\/p>\n\n\n\n<p class=\"wp-block-paragraph\">Para finalizar el acto, las mujeres prendieron fuego a cartones que representaban a los tres Poderes de la Uni\u00f3n, jueces, fiscal\u00edas y servicios forenses.<\/p>\n\n\n\n<p class=\"wp-block-paragraph\">\u201cAsesinos, asesinos, asesinos son ustedes, en la guerra contra el narco las que mueren son mujeres\u201d y \u201caplaudan, aplaudan, no dejen de aplaudir, que el pinche gobierno se tiene que morir\u201d, eran algunas de las consignas que gritaban las presentes al un\u00edsono.<\/p>\n\n\n\n<p class=\"wp-block-paragraph\">8M en Palacio Nacional sin oposici\u00f3n<\/p>\n\n\n\n<p class=\"wp-block-paragraph\">Detr\u00e1s de las vallas colocadas para proteger Palacio Nacional, en el patio central del inmueble, la presidenta Claudia Sheinbaum conmemor\u00f3 el 8M rodeada de las mujeres integrantes de su gabinete, representantes de pueblos originarios y las ministras Yasm\u00edn Esquivel, Lenia Batres y Loretta Ortiz.<\/p>\n\n\n\n<p class=\"wp-block-paragraph\">Al evento, que inici\u00f3 alrededor de las 10:00 horas, no asistieron cuadros de oposici\u00f3n ni tampoco representantes de organizaciones feministas, por los que las presentes privilegiaron celebrar a la presidenta.<\/p>\n\n\n\n<p class=\"wp-block-paragraph\">Sheinbaum, quien luci\u00f3 un vestido morado, afirm\u00f3 que \u201cnuestro movimiento es el \u00fanico -perd\u00f3n que lo diga- que puede defender los derechos de las mujeres\u201d, aunque omiti\u00f3 pronunciarse sobre la violencia intrafamiliar, violencia vicaria, violencia en contra de las ni\u00f1as y dem\u00e1s luchas.<\/p>\n\n\n\n<p class=\"wp-block-paragraph\">\u201cEl d\u00eda de hoy, 8M, que es el D\u00eda Internacional de la Mujer Trabajadora, es importante que entendamos que la violencia de g\u00e9nero y el machismo precede a cualquier suceso desafortunado, es decir, todas las familias de este pa\u00eds estamos inmersas dentro de una cultura machista que reproduce estas violencias microsc\u00f3picas a actos tan terribles como el feminicidio y la desaparici\u00f3n\u201d, manifestaron las familias de personas desaparecidas.<\/p>\n\n\n\n<p class=\"wp-block-paragraph\">Conforman Frente Amplio de Familias Buscadoras de Verdad<\/p>\n\n\n\n<p class=\"wp-block-paragraph\">Al iniciar el d\u00eda, un grupo de mujeres y familias buscadoras protestaron frente a Palacio Nacional, colocaron fotos de personas desaparecidas, velas y pancartas.<\/p>\n\n\n\n<p class=\"wp-block-paragraph\">Desde ah\u00ed anunciaron la conformaci\u00f3n de Luxi\u00e9rnegas, Frente Amplio de Familias Buscadoras de Verdad, Justicia en la Ciudad de M\u00e9xico, conformado por cinco familias de personas desaparecidas de larga data.<\/p>\n\n\n\n<p class=\"wp-block-paragraph\">Las integrantes del Frente expresaron su rechazo a las pol\u00edticas en materia de desaparici\u00f3n que se han implementado en los \u00faltimos meses en la capital del pa\u00eds. \u201cReiteramos nuestra postura, no en nuestro nombre. No avalamos decisiones que no reflejan el sentir de todas las familias\u201d, expresaron.<\/p>\n\n\n\n<p class=\"wp-block-paragraph\">Las buscadoras pidieron mesas de trabajo con autoridades y exigieron a la presidenta Claudia Sheinbaum cumplir con su compromiso de atender a las v\u00edctimas.<\/p>\n\n\n\n<p class=\"wp-block-paragraph\">\u201cHoy vengo a exigirle que nos cumpla la Presidenta de la Rep\u00fablica que en campa\u00f1a nos prometi\u00f3 que las puertas de la presidencia estar\u00edan abiertas para las madres v\u00edctimas. Hoy, quiero recordarle sus palabras. No me voy a ir hasta que me reciba\u201d, dijo MariCruz Velasco, mam\u00e1 de Karla Yessenia G\u00f3mez, asesinada en 2018.<\/p>\n\n\n\n<p class=\"wp-block-paragraph\">En las vallas que rodean Palacio Nacional colocaron fotos de personas desaparecidas, realizaron pintas con nombres de mujeres asesinadas y levantaron carteles con la consigna de: \u201cNo estamos todas\u201d.<\/p>\n\n\n\n<p class=\"wp-block-paragraph\"><\/p>\n","protected":false},"excerpt":{"rendered":"<p>Tijuana, foto, El Sol de M\u00e9xico Protestas buscadoras frente al Palacio Nacional muy de ma\u00f1ana En la Antimonumenta los primeros contingentes SemM\u00e9xico, Cd. de M\u00e9xico, 8 de marzo, 2025.- Previo al inicio de las marchas del 8 de marzo en el z\u00f3calo y aun lado de las vallas que cubren a Palacio Nacional, las madres [&hellip;]<\/p>\n","protected":false},"author":3,"featured_media":93417,"comment_status":"open","ping_status":"open","sticky":false,"template":"","format":"standard","meta":{"_monsterinsights_skip_tracking":false,"footnotes":""},"categories":[205,694],"tags":[],"class_list":["post-93416","post","type-post","status-publish","format-standard","has-post-thumbnail","category-8-de-marzo","category-destacadas"],"_links":{"self":[{"href":"https:\/\/redsemlac.com\/semmexico\/wp-json\/wp\/v2\/posts\/93416","targetHints":{"allow":["GET"]}}],"collection":[{"href":"https:\/\/redsemlac.com\/semmexico\/wp-json\/wp\/v2\/posts"}],"about":[{"href":"https:\/\/redsemlac.com\/semmexico\/wp-json\/wp\/v2\/types\/post"}],"author":[{"embeddable":true,"href":"https:\/\/redsemlac.com\/semmexico\/wp-json\/wp\/v2\/users\/3"}],"replies":[{"embeddable":true,"href":"https:\/\/redsemlac.com\/semmexico\/wp-json\/wp\/v2\/comments?post=93416"}],"version-history":[{"count":0,"href":"https:\/\/redsemlac.com\/semmexico\/wp-json\/wp\/v2\/posts\/93416\/revisions"}],"wp:featuredmedia":[{"embeddable":true,"href":"https:\/\/redsemlac.com\/semmexico\/wp-json\/wp\/v2\/media\/93417"}],"wp:attachment":[{"href":"https:\/\/redsemlac.com\/semmexico\/wp-json\/wp\/v2\/media?parent=93416"}],"wp:term":[{"taxonomy":"category","embeddable":true,"href":"https:\/\/redsemlac.com\/semmexico\/wp-json\/wp\/v2\/categories?post=93416"},{"taxonomy":"post_tag","embeddable":true,"href":"https:\/\/redsemlac.com\/semmexico\/wp-json\/wp\/v2\/tags?post=93416"}],"curies":[{"name":"wp","href":"https:\/\/api.w.org\/{rel}","templated":true}]}}