{"id":93411,"date":"2025-03-08T14:29:34","date_gmt":"2025-03-08T20:29:34","guid":{"rendered":"https:\/\/redsemlac.com\/semmexico\/?p=93411"},"modified":"2025-03-08T14:29:34","modified_gmt":"2025-03-08T20:29:34","slug":"ni-un-feminicidio-mas-ni-un-golpe-ni-una-palabra-violenta-contra-las-mujeres-clamo-claudia-sheinbaum-pardo","status":"publish","type":"post","link":"https:\/\/redsemlac.com\/semmexico\/ni-un-feminicidio-mas-ni-un-golpe-ni-una-palabra-violenta-contra-las-mujeres-clamo-claudia-sheinbaum-pardo\/","title":{"rendered":"Ni un feminicidio m\u00e1s , ni un golpe ni una palabra violenta contra las mujeres clam\u00f3 Claudia Sheinbaum Pardo"},"content":{"rendered":"\n<p class=\"wp-block-paragraph\">La ra\u00edz para la transformaci\u00f3n es la historia, el reconocimiento de las ancestras y el reconocimiento de las an\u00f3nimas<\/p>\n\n\n\n<p class=\"wp-block-paragraph\">Encabez\u00f3 la conmemoraci\u00f3n oficial del 8 de marzo y anunci\u00f3 10 acciones, 9 ya se conoc\u00edan<\/p>\n\n\n\n<p class=\"wp-block-paragraph\">Sara Lovera<\/p>\n\n\n\n<p class=\"wp-block-paragraph\">SemM\u00e9xico, Cd. de M\u00e9xico, 8 de marzo, 2025.- De lo que se trata el 8 de marzo es de cambiar la conciencia respecto del pasado y el futuro de la condici\u00f3n de las mujeres, dijo la presidenta de la Rep\u00fablica Claudia Sheinbaum Pardo, como mensaje central al encabezar la conmemoraci\u00f3n oficial del 8 de marzo, D\u00eda Internacional de la Mujer.<\/p>\n\n\n\n<p class=\"wp-block-paragraph\">Ah\u00ed, en el patio del Palacio Nacional, la jefa del&nbsp; ejecutivo deline\u00f3 6 de 10 acciones del gobierno para eso, para transformar la conciencia, y 3 pol\u00edticas directas a saber_ &nbsp;en agosto&nbsp; todas las mujeres de 60 a 64 a\u00f1os recibir\u00e1n una pensi\u00f3n \u201cpara reconocer el trabajo del hogar\u201d , se construir\u00e1n&nbsp; 200 centros infantiles en el pa\u00eds, para que las mexicanas &nbsp;tengan tiempo para trabajar y ser\u00e1n reconocidos los derechos agrarios de 150 mil campesinas.<\/p>\n\n\n\n<p class=\"wp-block-paragraph\">Centrada en la necesidad de &nbsp;cambiar la conciencia, dio especial atenci\u00f3n a conocer la historia con estas acciones: una Sala sobre nuestras ancestras en Palacio Nacional; 24 efem\u00e9rides para celebraciones c\u00edvicas &nbsp;porque las mujeres \u201chan estado invisibles durante cientos de &nbsp;a\u00f1os\u201d; construcci\u00f3n de una Red Nacional de Tejedoras de la Patria , mujeres que tejaran redes de apoyo y empoderamiento entre mujeres en una acci\u00f3n \u201cvoluntaria\u201d, y habl\u00f3 de una campa\u00f1a permanente de educaci\u00f3n para reconocer el origen de la contribuci\u00f3n de las mujeres a la historia y&nbsp; el desarrollo del pa\u00eds. Eliminar la pr\u00e1ctica&nbsp; del sexismo, es el camino, dijo.<\/p>\n\n\n\n<p class=\"wp-block-paragraph\">Tambi\u00e9n inform\u00f3 o que la Cartilla Nacional sobre los Derechos de las Mujeres que lanz\u00f3 el 7 de marzo, se distribuir\u00e1 masivamente en todos los rincones del pa\u00eds.<\/p>\n\n\n\n<p class=\"wp-block-paragraph\">Al finalizar su alocuci\u00f3n &nbsp;clam\u00f3: \u201cNi un feminicidio m\u00e1s, ni un golpe m\u00e1s, ni un maltrato, ni una palabra que violente a las mujeres que tienen derecho a ser libres plenamente\u2026\u201d<\/p>\n\n\n\n<p class=\"wp-block-paragraph\">Al comenzar explic\u00f3 el origen del 8 de marzo y dijo que esta conmemoraci\u00f3n se hizo por primera vez en los Estados Unidos en 1908, por las trabajadoras textiles, entre otros detalles y explic\u00f3 c\u00f3mo el 8 de marzo tiene un origen obrero y por eso las socialista denominaron D\u00eda Internacional de la Mujer Trabajadora en un congreso en 1910.<\/p>\n\n\n\n<p class=\"wp-block-paragraph\">Tambi\u00e9n dijo que la transformaci\u00f3n, el proyecto de su partido, es la ruta verdadera, porque, seg\u00fan ella, los conservadores hablan de las mujeres desde una mirada individualista, para mantenerlas explotadas.<\/p>\n\n\n\n<p class=\"wp-block-paragraph\">Reiter\u00f3 que primero las m\u00e1s pobres y las ind\u00edgenas y afrodescendientes.<\/p>\n\n\n\n<p class=\"wp-block-paragraph\">&nbsp;Claudia Sheinbaum Pardo en el patio central de &nbsp;Palacio Nacional, nombr\u00f3 a quienes las acompa\u00f1aban, &nbsp;mujeres de los tres poderes de la uni\u00f3n,&nbsp; integrantes del poder judicial, consejeras electorales, &nbsp;diputadas y senadoras,&nbsp; funcionarias p\u00fablicas, responsables &nbsp;de todas las secretar\u00edas de la mujer del pa\u00eds o de los institutos de la mujer, a empresarias. Ah\u00ed hizo una pausa para nombrar y agradecer a &nbsp;Altagracia G\u00f3mez Sierra &nbsp;titular del Consejo Asesor Empresarial y asesora en el gobierno de la presidenta, de la \u00fanica que dijo su nombre.<\/p>\n\n\n\n<p class=\"wp-block-paragraph\">Mencion\u00f3 12 veces la palabra trabajadora y dijo que las mexicanas tienen derecho al empleo, a un salario digno y&nbsp; a ganar igual que los hombres.<\/p>\n\n\n\n<p class=\"wp-block-paragraph\">Con una visi\u00f3n particular -se dir\u00eda marxista- se\u00f1al\u00f3 la importancia de las acciones para reconocer a las mujeres en la historia, la ra\u00edz para las acciones del presente. Y dijo que es necesario replantear la mirada hist\u00f3rica del papel de las mujeres frente al pasado para planear el presente y el futuro. Dijo que ello significa la \u00e9tica de la transformaci\u00f3n. Recolocarlas es la ra\u00edz para pensar en el porvenir.<\/p>\n\n\n\n<p class=\"wp-block-paragraph\">Efusiva, respondiendo a la consigna que gritaban las asistentes \u201c\u00a1 presidenta, presidenta, presidenta\u00a1 , dijo Sheinbaum Pardo&nbsp; que todas son presidentas en la C\u00e1mara de Diputados, en el Senado, en el sal\u00f3n de clase, en su casa,&nbsp; en la calle, en las empresas, en el ej\u00e9rcito, \u201ccada mujer en M\u00e9xico es presidenta -con A- gracias que llegamos todas\u201d.<\/p>\n\n\n\n<p class=\"wp-block-paragraph\">Antes hablaron la jefa de gobierno de la Ciudad de M\u00e9xico Clara Brugada y la Secretaria de las Mujeres, Citlalli Hern\u00e1ndez.<\/p>\n\n\n\n<p class=\"wp-block-paragraph\">Al comenzar la conmemoraci\u00f3n oficial del 8 de marzo, por tercera ocasi\u00f3n, recibi\u00f3 el bast\u00f3n de mando, una tradici\u00f3n ind\u00edgena para dotar de autoridad, principalmente&nbsp; a los hombres y estuvo en medio de un ritual ind\u00edgena, que llama a la suerte y a la paz desde los 4 puntos del universo.<\/p>\n\n\n\n<figure class=\"wp-block-image size-large\"><a href=\"https:\/\/redsemlac.com\/semmexico\/wp-content\/uploads\/2025\/03\/ni-un-feminicidio-mas-02-1.jpg\"><img loading=\"lazy\" decoding=\"async\" width=\"1024\" height=\"683\" src=\"https:\/\/redsemlac.com\/semmexico\/wp-content\/uploads\/2025\/03\/ni-un-feminicidio-mas-02-1-1024x683.jpg\" alt=\"\" class=\"wp-image-93413\" srcset=\"https:\/\/redsemlac.com\/semmexico\/wp-content\/uploads\/2025\/03\/ni-un-feminicidio-mas-02-1-1024x683.jpg 1024w, https:\/\/redsemlac.com\/semmexico\/wp-content\/uploads\/2025\/03\/ni-un-feminicidio-mas-02-1-300x200.jpg 300w, https:\/\/redsemlac.com\/semmexico\/wp-content\/uploads\/2025\/03\/ni-un-feminicidio-mas-02-1-768x512.jpg 768w, https:\/\/redsemlac.com\/semmexico\/wp-content\/uploads\/2025\/03\/ni-un-feminicidio-mas-02-1-150x100.jpg 150w, https:\/\/redsemlac.com\/semmexico\/wp-content\/uploads\/2025\/03\/ni-un-feminicidio-mas-02-1-696x464.jpg 696w, https:\/\/redsemlac.com\/semmexico\/wp-content\/uploads\/2025\/03\/ni-un-feminicidio-mas-02-1-1068x712.jpg 1068w, https:\/\/redsemlac.com\/semmexico\/wp-content\/uploads\/2025\/03\/ni-un-feminicidio-mas-02-1.jpg 1200w\" sizes=\"auto, (max-width: 1024px) 100vw, 1024px\" \/><\/a><\/figure>\n\n\n\n<p class=\"wp-block-paragraph\">Afuera del Palacio Nacional mujeres madres del feminicidio, buscadoras de sus hijas desaparecidas,&nbsp; integrantes de los colectivos feministas y ciudadanas en general protestaban por la impunidad&nbsp; y la falta de di\u00e1logo, frente&nbsp;&nbsp; a las vallas y&nbsp; muros de concreto que evitan tocar el Palacio Nacional, construido desde la Conquista de M\u00e9xico, donde vive y despacha las presidenta de la&nbsp; Rep\u00fablica.<\/p>\n\n\n\n<p class=\"wp-block-paragraph\">Mientras transcurr\u00eda la celebraci\u00f3n oficial, empezaron a surgir las marchas&nbsp; feministas, la primera a las 10 de la ma\u00f1ana en Avenida Reforma de la Ciudad de M\u00e9xico.<\/p>\n\n\n\n<p class=\"wp-block-paragraph\">Aqu\u00ed las 10 acciones anunciadas esta ma\u00f1ana:<\/p>\n\n\n\n<p class=\"wp-block-paragraph\"><strong>1.<\/strong>&nbsp;24 nuevas efem\u00e9rides para reconocer a las mujeres en la historia.<\/p>\n\n\n\n<p class=\"wp-block-paragraph\"><strong>2.<\/strong>&nbsp;Apertura de la sala mujeres en la historia en Palacio Nacional.<\/p>\n\n\n\n<p class=\"wp-block-paragraph\"><strong>3.<\/strong>&nbsp;Millones de&nbsp;<a href=\"https:\/\/aristeguinoticias.com\/070325\/mexico\/que-incluye-la-cartilla-de-derechos-de-las-mujeres-presentada-hoy\/\"><strong>Cartillas de Derechos de las Mujeres<\/strong><\/a>&nbsp;repartidas \u201ca lo largo y ancho del pa\u00eds\u201d.<\/p>\n\n\n\n<p class=\"wp-block-paragraph\"><strong>4.<\/strong>&nbsp;Construcci\u00f3n, de la red nacional de tejedoras de la patria.<\/p>\n\n\n\n<p class=\"wp-block-paragraph\"><strong>5.<\/strong>&nbsp;<strong>Pensi\u00f3n Mujeres del Bienestar<\/strong>, que a partir de agosto comenzar\u00e1 a repartirse para mujeres de 60 a 63 a\u00f1os.<\/p>\n\n\n\n<p class=\"wp-block-paragraph\"><strong>6.<\/strong>&nbsp;Construcci\u00f3n de \u201cal menos\u201d 200 Centros de Educaci\u00f3n y Cuidado Infantil (<strong>CECIs<\/strong>) para madres trabajadoras a nivel nacional.<\/p>\n\n\n\n<p class=\"wp-block-paragraph\"><strong>7.<\/strong>&nbsp;Reconocimiento permanente a las mujeres de pueblos originarios y afrodescendientes en todo el sexenio.<\/p>\n\n\n\n<p class=\"wp-block-paragraph\"><strong>8.<\/strong>&nbsp;El programa de vivienda, anunciado a inicios de sexenio, dar\u00e1 preferencia a las mujeres como propietarias.<\/p>\n\n\n\n<p class=\"wp-block-paragraph\"><strong>9.<\/strong>&nbsp;Reconocimiento de derechos agrarios a por lo menos 150 mil mujeres.<\/p>\n\n\n\n<p class=\"wp-block-paragraph\"><strong>10.<\/strong>&nbsp;Esta semana, a trav\u00e9s de la&nbsp;<strong>Secretar\u00eda de las Mujeres<\/strong>, iniciar\u00e1n foros y consultas en todo el pa\u00eds para \u201cdeterminar las acciones a futuro para hacer realidad\u201d las reformas constitucionales en favor de las mujeres.<\/p>\n\n\n\n<p class=\"wp-block-paragraph\"><a href=\"https:\/\/editorial.aristeguinoticias.com\/wp-content\/uploads\/2025\/03\/1022537_Sheinbaum-Dia-de-la-Mujer_web.jpg\"><\/a><\/p>\n","protected":false},"excerpt":{"rendered":"<p>La ra\u00edz para la transformaci\u00f3n es la historia, el reconocimiento de las ancestras y el reconocimiento de las an\u00f3nimas Encabez\u00f3 la conmemoraci\u00f3n oficial del 8 de marzo y anunci\u00f3 10 acciones, 9 ya se conoc\u00edan Sara Lovera SemM\u00e9xico, Cd. de M\u00e9xico, 8 de marzo, 2025.- De lo que se trata el 8 de marzo es [&hellip;]<\/p>\n","protected":false},"author":3,"featured_media":93414,"comment_status":"open","ping_status":"open","sticky":false,"template":"","format":"standard","meta":{"_monsterinsights_skip_tracking":false,"footnotes":""},"categories":[205,694],"tags":[],"class_list":["post-93411","post","type-post","status-publish","format-standard","has-post-thumbnail","category-8-de-marzo","category-destacadas"],"_links":{"self":[{"href":"https:\/\/redsemlac.com\/semmexico\/wp-json\/wp\/v2\/posts\/93411","targetHints":{"allow":["GET"]}}],"collection":[{"href":"https:\/\/redsemlac.com\/semmexico\/wp-json\/wp\/v2\/posts"}],"about":[{"href":"https:\/\/redsemlac.com\/semmexico\/wp-json\/wp\/v2\/types\/post"}],"author":[{"embeddable":true,"href":"https:\/\/redsemlac.com\/semmexico\/wp-json\/wp\/v2\/users\/3"}],"replies":[{"embeddable":true,"href":"https:\/\/redsemlac.com\/semmexico\/wp-json\/wp\/v2\/comments?post=93411"}],"version-history":[{"count":0,"href":"https:\/\/redsemlac.com\/semmexico\/wp-json\/wp\/v2\/posts\/93411\/revisions"}],"wp:featuredmedia":[{"embeddable":true,"href":"https:\/\/redsemlac.com\/semmexico\/wp-json\/wp\/v2\/media\/93414"}],"wp:attachment":[{"href":"https:\/\/redsemlac.com\/semmexico\/wp-json\/wp\/v2\/media?parent=93411"}],"wp:term":[{"taxonomy":"category","embeddable":true,"href":"https:\/\/redsemlac.com\/semmexico\/wp-json\/wp\/v2\/categories?post=93411"},{"taxonomy":"post_tag","embeddable":true,"href":"https:\/\/redsemlac.com\/semmexico\/wp-json\/wp\/v2\/tags?post=93411"}],"curies":[{"name":"wp","href":"https:\/\/api.w.org\/{rel}","templated":true}]}}