{"id":93396,"date":"2025-03-07T21:01:56","date_gmt":"2025-03-08T03:01:56","guid":{"rendered":"https:\/\/redsemlac.com\/semmexico\/?p=93396"},"modified":"2025-03-07T21:02:25","modified_gmt":"2025-03-08T03:02:25","slug":"en-uno-de-cada-cuatro-paises-retroceden-los-derechos-de-las-mujeres-y-las-ninas","status":"publish","type":"post","link":"https:\/\/redsemlac.com\/semmexico\/en-uno-de-cada-cuatro-paises-retroceden-los-derechos-de-las-mujeres-y-las-ninas\/","title":{"rendered":"En uno de cada cuatro pa\u00edses retroceden los derechos de las mujeres y las ni\u00f1as"},"content":{"rendered":"\n<ul class=\"wp-block-list\">\n<li>Revela ONU Mujeres que cada 10 minutos una mujer o ni\u00f1a es asesinada por su pareja o un familiar<\/li>\n\n\n\n<li>Presenta el informe l<a href=\"https:\/\/www.unwomen.org\/en\/digital-library\/publications\/2025\/03\/womens-rights-in-review-30-years-after-beijing\"><em>os derechos de las mujeres bajo examen, 30 a\u00f1os despu\u00e9s de Beijing<\/em><\/a><\/li>\n<\/ul>\n\n\n\n<p class=\"wp-block-paragraph\">Micaela M\u00e1rquez<\/p>\n\n\n\n<p class=\"wp-block-paragraph\">SemM\u00e9xico, Ciudad de M\u00e9xico, 7 de marzo 2025.- En uno de cuatro pa\u00edses en el mundo los derechos de las mujeres y ni\u00f1as presentaron un retroceso, se enfrentan a un escenario sin precedentes de amenazas cada vez mayores, desde niveles m\u00e1s altos de discriminaci\u00f3n hasta protecciones jur\u00eddicas m\u00e1s d\u00e9biles y un menor financiamiento para los programas y las instituciones que apoyan y protegen a las mujeres.<\/p>\n\n\n\n<p class=\"wp-block-paragraph\">Cada 10 minutos una mujer o una ni\u00f1a es asesinada por su pareja o alguien de su familia, y&nbsp;<a href=\"https:\/\/www.dw.com\/es\/una-de-cada-tres-mujeres-es-v%C3%ADctima-de-violencia-en-la-ue-seg%C3%BAn-estudio\/a-70883919\">una de cada tres<\/a>&nbsp;sufre&nbsp;<a href=\"https:\/\/www.dw.com\/es\/20-de-hombres-j%C3%B3venes-en-espa%C3%B1a-no-cree-que-golpear-o-amenazar-sean-violencia-machista\/a-70882922\">violencia f\u00edsica<\/a>&nbsp;y sexual tanto en el hogar como fuera de este.<\/p>\n\n\n\n<p class=\"wp-block-paragraph\">As\u00ed lo se\u00f1ala la organizaci\u00f3n internacional ONU Mujeres, en su reciente informe <a href=\"https:\/\/www.unwomen.org\/en\/digital-library\/publications\/2025\/03\/womens-rights-in-review-30-years-after-beijing\"><em>Los derechos de las mujeres bajo examen, 30 a\u00f1os despu\u00e9s de Beijing<\/em><\/a><em>,<\/em> publicado de cara al 50\u00ba aniversario de la declaraci\u00f3n del D\u00eda Internacional de la Mujer por parte de Naciones Unidas.<\/p>\n\n\n\n<p class=\"wp-block-paragraph\">El documento reconoce que en estos a\u00f1os se logr\u00f3 la paridad en la educaci\u00f3n de las ni\u00f1as, se redujo la mortalidad materna en una tercera parte, la representaci\u00f3n de las mujeres en los parlamentos aument\u00f3 m\u00e1s del doble y muchos pa\u00edses abolieron leyes discriminatorias. Sin embargo, las mujeres tienen apenas el 64 por ciento de los derechos que disfrutan los hombres.<\/p>\n\n\n\n<p class=\"wp-block-paragraph\">Adem\u00e1s expone que el debilitamiento de las&nbsp;<a href=\"https:\/\/www.dw.com\/es\/uruguay-un-buen-experimento-de-la-democracia\/a-70893137\">instituciones democr\u00e1ticas<\/a>&nbsp;ha ido de la mano de una&nbsp;<a href=\"https:\/\/www.dw.com\/es\/malala-condena-apartheid-de-g%C3%A9nero-en-afganist%C3%A1n\/a-71278344\">reacci\u00f3n violenta contra la igualdad de g\u00e9nero<\/a>. Los agentes contrarios a los derechos de g\u00e9nero est\u00e1n socavando activamente&nbsp;<a href=\"https:\/\/www.dw.com\/es\/el-femicidio-no-es-un-homicidio-cualquiera\/a-71461923\">el consenso que existe desde hace tiempo sobre cuestiones clave<\/a>.<\/p>\n\n\n\n<p class=\"wp-block-paragraph\">\u00abCuando no pueden hacer retroceder del todo los&nbsp;<a href=\"https:\/\/www.dw.com\/es\/alemania-claves-de-una-ley-para-proteger-a-las-mujeres\/a-70903572\">avances jur\u00eddicos<\/a>&nbsp;y pol\u00edticos, tratan de bloquear o ralentizar su aplicaci\u00f3n\u00bb, indica el informe. Casi una cuarta parte de los pa\u00edses informaron de que la reacci\u00f3n violenta contra la igualdad de g\u00e9nero est\u00e1 obstaculizando la aplicaci\u00f3n\u00bb de los acuerdos de Pek\u00edn.<\/p>\n\n\n\n<p class=\"wp-block-paragraph\">El documento analiza los avances desde el lanzamiento de la Plataforma de Acci\u00f3n en Beijing en 1995, que fue adoptada por 189 pa\u00edses.<\/p>\n\n\n\n<h2 class=\"wp-block-heading\">Las mujeres tienen 64 % de derechos que disfrutan hombres&nbsp;<\/h2>\n\n\n\n<h2 class=\"wp-block-heading\">&nbsp;<\/h2>\n\n\n\n<ul class=\"wp-block-list\">\n<li>El 63 por ciento de las mujeres entre 25 y 54 a\u00f1os tiene un trabajo remunerado, frente al 92 por ciento de los hombres.<\/li>\n\n\n\n<li>\u00a0<\/li>\n\n\n\n<li>M\u00e1s de 772 millones de mujeres trabajan en la econom\u00eda informal, carecen de protecci\u00f3n social y sus empleos son los que m\u00e1s peligran en caso de crisis.<\/li>\n<\/ul>\n\n\n\n<ul class=\"wp-block-list\">\n<li>La tecnolog\u00eda digital y la inteligencia artificial difunden estereotipos nocivos, al tiempo que la brecha de g\u00e9nero en el \u00e1mbito digital limita las oportunidades de las mujeres.<\/li>\n<\/ul>\n\n\n\n<ul class=\"wp-block-list\">\n<li>Desde 2022, los casos de violencia sexual ligados a los conflictos han aumentado un 50 por ciento y el 95 por ciento de las v\u00edctimas son mujeres y ni\u00f1as.<\/li>\n<\/ul>\n\n\n\n<ul class=\"wp-block-list\">\n<li>En 2023, 612 millones viv\u00edan a menos de 50 kil\u00f3metros de alguno de los 170 conflictos armados que se registraban en el planeta, un 54 % m\u00e1s que en 2010.<\/li>\n<\/ul>\n\n\n\n<ul class=\"wp-block-list\">\n<li>Las personas defensoras de los derechos de las mujeres se enfrentan cada d\u00eda a acoso, ataques personales e incluso la muerte.<\/li>\n<\/ul>\n\n\n\n<p class=\"wp-block-paragraph\">Las recientes crisis mundiales \u2014como la de COVID-19, la emergencia clim\u00e1tica y la escalada de los precios de los combustibles y alimentos\u2014 no hacen sino aumentar la urgencia de la respuesta.<\/p>\n\n\n\n<p class=\"wp-block-paragraph\"><em><strong>Las mujeres y ni\u00f1as est\u00e1n exigiendo un cambio, y no merecen menos: Bahous<\/strong><\/em><\/p>\n\n\n\n<p class=\"wp-block-paragraph\"><em>\u201cLa igualdad de g\u00e9nero y el empoderamiento de las mujeres se enfrentan a desaf\u00edos complejos, pero nos mantenemos firmes y avanzamos con ambici\u00f3n y determinaci\u00f3n. <\/em><em><\/em><\/p>\n\n\n\n<p class=\"wp-block-paragraph\">De cara al futuro, el informe recuerda que, \u00abcuando se defienden plenamente los derechos de las mujeres en los pa\u00edses donde viven, las familias, comunidades y econom\u00edas prosperan\u00bb, <em>afirm\u00f3 Sima Bahous, directora ejecutiva de ONU Mujeres.&nbsp;<\/em><\/p>\n\n\n\n<p class=\"wp-block-paragraph\">El documento incluye un nuevo Programa de Acci\u00f3n Pek\u00edn+30, una ambiciosa hoja de ruta con seis iniciativas para completar las asignaturas pendientes tiene el potencial de detonar avances en el terreno de los derechos de las mujeres y encarrilarnos de nuevo en la v\u00eda de los objetivos fijados para 2030.<\/p>\n\n\n\n<p class=\"wp-block-paragraph\">Una revoluci\u00f3n digital para todas las mujeres y ni\u00f1as; erradicaci\u00f3n de la pobreza; cero violencia; pleno poder de decisi\u00f3n en pie de igualdad; paz y seguridad, y justicia clim\u00e1tica.<\/p>\n\n\n\n<p class=\"wp-block-paragraph\">La conmemoraci\u00f3n del 30.\u00ba aniversario de la Declaraci\u00f3n y Plataforma de Acci\u00f3n de Beijing y el pr\u00f3ximo per\u00edodo de sesiones de la Comisi\u00f3n de la Condici\u00f3n Jur\u00eddica y Social de la Mujer (CSW69) brindan una clara oportunidad para integrar este Programa de Acci\u00f3n en las pol\u00edticas nacionales, las estrategias regionales y los acuerdos mundiales, se\u00f1ala el documento.<\/p>\n\n\n\n<figure class=\"wp-block-image size-large\"><a href=\"https:\/\/redsemlac.com\/semmexico\/wp-content\/uploads\/2025\/03\/image-6-1.png\"><img loading=\"lazy\" decoding=\"async\" width=\"791\" height=\"1024\" src=\"https:\/\/redsemlac.com\/semmexico\/wp-content\/uploads\/2025\/03\/image-6-1-791x1024.png\" alt=\"\" class=\"wp-image-93397\" srcset=\"https:\/\/redsemlac.com\/semmexico\/wp-content\/uploads\/2025\/03\/image-6-1-791x1024.png 791w, https:\/\/redsemlac.com\/semmexico\/wp-content\/uploads\/2025\/03\/image-6-1-232x300.png 232w, https:\/\/redsemlac.com\/semmexico\/wp-content\/uploads\/2025\/03\/image-6-1-768x994.png 768w, https:\/\/redsemlac.com\/semmexico\/wp-content\/uploads\/2025\/03\/image-6-1-150x194.png 150w, https:\/\/redsemlac.com\/semmexico\/wp-content\/uploads\/2025\/03\/image-6-1-300x388.png 300w, https:\/\/redsemlac.com\/semmexico\/wp-content\/uploads\/2025\/03\/image-6-1-696x901.png 696w, https:\/\/redsemlac.com\/semmexico\/wp-content\/uploads\/2025\/03\/image-6-1.png 989w\" sizes=\"auto, (max-width: 791px) 100vw, 791px\" \/><\/a><\/figure>\n","protected":false},"excerpt":{"rendered":"<p>Micaela M\u00e1rquez SemM\u00e9xico, Ciudad de M\u00e9xico, 7 de marzo 2025.- En uno de cuatro pa\u00edses en el mundo los derechos de las mujeres y ni\u00f1as presentaron un retroceso, se enfrentan a un escenario sin precedentes de amenazas cada vez mayores, desde niveles m\u00e1s altos de discriminaci\u00f3n hasta protecciones jur\u00eddicas m\u00e1s d\u00e9biles y un menor financiamiento [&hellip;]<\/p>\n","protected":false},"author":3,"featured_media":93399,"comment_status":"open","ping_status":"open","sticky":false,"template":"","format":"standard","meta":{"_monsterinsights_skip_tracking":false,"footnotes":""},"categories":[694],"tags":[],"class_list":["post-93396","post","type-post","status-publish","format-standard","has-post-thumbnail","category-destacadas"],"_links":{"self":[{"href":"https:\/\/redsemlac.com\/semmexico\/wp-json\/wp\/v2\/posts\/93396","targetHints":{"allow":["GET"]}}],"collection":[{"href":"https:\/\/redsemlac.com\/semmexico\/wp-json\/wp\/v2\/posts"}],"about":[{"href":"https:\/\/redsemlac.com\/semmexico\/wp-json\/wp\/v2\/types\/post"}],"author":[{"embeddable":true,"href":"https:\/\/redsemlac.com\/semmexico\/wp-json\/wp\/v2\/users\/3"}],"replies":[{"embeddable":true,"href":"https:\/\/redsemlac.com\/semmexico\/wp-json\/wp\/v2\/comments?post=93396"}],"version-history":[{"count":0,"href":"https:\/\/redsemlac.com\/semmexico\/wp-json\/wp\/v2\/posts\/93396\/revisions"}],"wp:featuredmedia":[{"embeddable":true,"href":"https:\/\/redsemlac.com\/semmexico\/wp-json\/wp\/v2\/media\/93399"}],"wp:attachment":[{"href":"https:\/\/redsemlac.com\/semmexico\/wp-json\/wp\/v2\/media?parent=93396"}],"wp:term":[{"taxonomy":"category","embeddable":true,"href":"https:\/\/redsemlac.com\/semmexico\/wp-json\/wp\/v2\/categories?post=93396"},{"taxonomy":"post_tag","embeddable":true,"href":"https:\/\/redsemlac.com\/semmexico\/wp-json\/wp\/v2\/tags?post=93396"}],"curies":[{"name":"wp","href":"https:\/\/api.w.org\/{rel}","templated":true}]}}