{"id":93390,"date":"2025-03-07T20:58:38","date_gmt":"2025-03-08T02:58:38","guid":{"rendered":"https:\/\/redsemlac.com\/semmexico\/?p=93390"},"modified":"2025-03-07T20:58:39","modified_gmt":"2025-03-08T02:58:39","slug":"dos-mil-172-feminicidios-en-los-ultimos-26-anos-en-oaxaca","status":"publish","type":"post","link":"https:\/\/redsemlac.com\/semmexico\/dos-mil-172-feminicidios-en-los-ultimos-26-anos-en-oaxaca\/","title":{"rendered":"Dos mil 172 feminicidios en los \u00faltimos 26 a\u00f1os en Oaxaca"},"content":{"rendered":"\n<ul class=\"wp-block-list\">\n<li>El 8M la manifestaci\u00f3n de la digna rabia<\/li>\n\n\n\n<li>719 asesinatos de mujeres y ni\u00f1as desde la declaratoria de AVG<\/li>\n<\/ul>\n\n\n\n<p class=\"wp-block-paragraph\">Soledad Jarqu\u00edn Edgar<\/p>\n\n\n\n<p class=\"wp-block-paragraph\">SemM\u00e9xico, Oaxaca, 7 de marzo, 2025.- En los \u00faltimos 26 a\u00f1os -cuatro sexenios anteriores y los dos a\u00f1os y tres meses de la actual administraci\u00f3n que encabeza Salom\u00f3n Jara Cruz, actual gobernador de Oaxaca-, se han cometido dos mil 172 asesinatos violentos contra mujeres, 719 de ellas han ocurrido desde la declaratoria de Alerta de Violencia de G\u00e9nero en 2018, seg\u00fan el recuento hemorogr\u00e1fico del Grupo de Estudios sobre la Mujer \u201cRosario Castellanos\u201d, GesMujer.<\/p>\n\n\n\n<p class=\"wp-block-paragraph\">La mayor\u00eda de esos asesinatos violentos, una cuarta parte clasificadas como feminicidios, han terminado en el cementerio de la impunidad, como sostiene el colectivo de Madres contra la Impunidad y el Feminicidio.<\/p>\n\n\n\n<p class=\"wp-block-paragraph\">Aunado a ello, en Oaxaca, de acuerdo con Consorcio Oaxaca, existe una crisis de derechos humanos que han derivado en la desaparici\u00f3n de mujeres activistas y una cifra no determinada de desaparecidas.<\/p>\n\n\n\n<p class=\"wp-block-paragraph\">Los nombres de Sandra Dom\u00ednguez Mart\u00ednez, que cumpli\u00f3 cinco meses sin ser localizada, antes se hab\u00edan registrado los casos de Claudia Uruchurtu, quien fue vista por \u00faltima vez el 26 de marzo del 2021; e Irma Galindo, desaparecida desde el 27 de octubre tambi\u00e9n en 2021, quienes hab\u00edan cuestionado acciones de corrupci\u00f3n, nepotismo y violaci\u00f3n a derechos humanos.<\/p>\n\n\n\n<p class=\"wp-block-paragraph\">Frente a esa realidad contada en n\u00fameros, este 8M D\u00eda Internacional de la Mujer en la ciudad de Oaxaca se prev\u00e9n al menos cuatro marchas que realizar\u00e1n sindicalistas y feministas, as\u00ed como el desarrollo de dos actividades en el z\u00f3calo de la capital oaxaque\u00f1a.<\/p>\n\n\n\n<p class=\"wp-block-paragraph\">La jornada de protestas se prev\u00e9 tendr\u00e1 una duraci\u00f3n de 10 horas aproximadamente a partir de las 9 de la ma\u00f1ana cuando ex trabajadoras del gobierno del Estado realicen una marcha desde La Cruz de Piedra hasta el z\u00f3calo, unas ocho cuadras de distancia.<\/p>\n\n\n\n<p class=\"wp-block-paragraph\">Tambi\u00e9n a la misma hora iniciar\u00e1 la marcha de integrantes de la Coordinadora Nacional de Trabajadores de la Educaci\u00f3n, Secci\u00f3n 22, que partir\u00e1 desde el mercado zonal de Santa Rosa, agencia municipal de la capital oaxaque\u00f1a hasta el z\u00f3calo, se prev\u00e9 la participaci\u00f3n de m\u00e1s de siete mil maestras y maestros.<\/p>\n\n\n\n<p class=\"wp-block-paragraph\">En el coraz\u00f3n de la ciudad de Oaxaca a partir de las 12 horas se llevar\u00e1 a cabo la actividad Ser Mujer, ser docente.<\/p>\n\n\n\n<p class=\"wp-block-paragraph\">A las 4 de la tarde se prev\u00e9 el inicio de dos marchas m\u00e1s. La primera separatista convocada por feministas se realizar\u00e1 a partir del pante\u00f3n general de la ciudad de Oaxaca, en el punto de llegada el Paseo Ju\u00e1rez El Llano, se llevar\u00e1 a cabo el encendido de velas en recuerdo de las dos mil 172 mujeres asesinadas en los \u00faltimos cinco sexenios.<\/p>\n\n\n\n<p class=\"wp-block-paragraph\">La otra marcha denominada transfeminista iniciar\u00e1 en el cruce de la calzada H\u00e9roes de Chapultepec y avenida Ju\u00e1rez. Esta concluir\u00e1 en el z\u00f3calo de la capital oaxaque\u00f1a, donde de las 15 horas se instalar\u00e1 una Campamenta Feminista #8M por la lucha aut\u00f3noma de las mujeres. Durante la tarde desarrollar\u00e1n c\u00edrculos de derechos humanos, salud, tierra y territorio, derecho a una alimentaci\u00f3n sana y nutritiva, as\u00ed como proyecci\u00f3n de videos.<\/p>\n\n\n\n<p class=\"wp-block-paragraph\"><strong>719 ni\u00f1as y mujeres asesinadas desde la declaratoria de Alerta de G\u00e9nero<\/strong><\/p>\n\n\n\n<p class=\"wp-block-paragraph\">En un comunicado de prensa, GESMujer se\u00f1al\u00f3 que el feminicidio contin\u00faa siendo la manifestaci\u00f3n m\u00e1s brutal de un sistema patriarcal que despoja a las mujeres de su derecho a la vida. Con datos del <a>Observatorio de Feminicidios en la plataforma de GESMujer<\/a> son ya 218 asesinatos violentos en las ocho regiones de la entidad en lo que va del Gobierno de Salom\u00f3n Jara.<\/p>\n\n\n\n<p class=\"wp-block-paragraph\">Con la nueva administraci\u00f3n federal, la desaparici\u00f3n de la CONAVIM (Comisi\u00f3n Nacional para prevenir y erradicar la violencia contra las mujeres) y la incorporaci\u00f3n de sus funciones a la Secretar\u00eda de las Mujeres, abre un per\u00edodo de incertidumbre acerca del programa, lo cual es preocupante dadas las condiciones de violencia que enfrentan las mujeres y las ni\u00f1as a nivel nacional.<\/p>\n\n\n\n<p class=\"wp-block-paragraph\">Sin embargo, a nivel estatal la declaratoria de la Alerta por Violencia de G\u00e9nero que se estableci\u00f3 desde el 2018 para 40 municipios oaxaque\u00f1os, fue retomada en el 2023 durante la actual administraci\u00f3n por el Sistema Estatal de Prevenci\u00f3n, Atenci\u00f3n, Sanci\u00f3n y Erradicaci\u00f3n de la Violencia contra las Mujeres (PASEVM) quien aprob\u00f3 el programa de Acciones estrat\u00e9gicas para el cumplimiento de los resolutivos y medidas contenidas en la declaratoria de Alerta de Violencia de G\u00e9nero contra las Mujeres (AVGM) para el Estado de Oaxaca.<\/p>\n\n\n\n<p class=\"wp-block-paragraph\">Cabe mencionar, que de acuerdo al Observatorio de Feminicidios en la plataforma de GESMujer, son 719 mujeres y ni\u00f1as, v\u00edctimas de asesinatos violentos desde la declaratoria de la Alerta de Violencia de G\u00e9nero, por lo que consideramos urgente que se realice una evaluaci\u00f3n del Programa de acciones estrat\u00e9gicas, as\u00ed como del uso del presupuesto asignado y ejercido durante el 2024 para el cumplimiento de los Resolutivos y Medidas contenidas en la Declaratoria de Alerta de Violencia de G\u00e9nero contra las Mujeres, dado que son recursos p\u00fablicos y por lo tanto el estado debe rendir cuentas.<\/p>\n\n\n\n<p class=\"wp-block-paragraph\">Reconocemos que el programa recomienda priorizar los 40 municipios decretados con la Alerta con la creaci\u00f3n o fortalecimientos de puntos de atenci\u00f3n inmediata a mujeres en situaci\u00f3n de violencia, sin embargo, nos preocupa qu\u00e9 al hacer un an\u00e1lisis de los asesinatos violentos en el mapeo de violencia feminicida, casi el 50% han sucedido en municipios que, durante la declaratoria, no fueron considerados de alto riesgo y que tambi\u00e9n requieren acciones urgentes.<\/p>\n\n\n\n<p class=\"wp-block-paragraph\">Este 8 de marzo, las movilizaciones feministas tomar\u00e1n las calles con una digna rabia, al gobierno le corresponde no criminalizar al movimiento y s\u00ed responder con acciones contundentes de protecci\u00f3n al derecho a una vida libre de violencias para las ni\u00f1as y mujeres oaxaque\u00f1as.<\/p>\n\n\n\n<p class=\"wp-block-paragraph\">En este 8 de marzo, D\u00eda Internacional de las Mujeres, desde el Grupo de Estudios sobre la Mujer Rosario Castellanos (GESMujer) nos sumamos a la movilizaci\u00f3n global que reclama justicia, equidad y una vida libre de violencias para todas las mujeres y ni\u00f1as.<\/p>\n\n\n\n<p class=\"wp-block-paragraph\">Reconocemos que ha sido un largo camino, que juntas hemos celebrado logros importantes. Hoy el movimiento feminista, diverso y din\u00e1mico, ha colocado nuestros derechos en todos los espacios de la vida social, sin embargo, a\u00fan falta que cada uno de esos derechos sean una realidad en la vida de cada mujer y de cada ni\u00f1a.<\/p>\n\n\n\n<p class=\"wp-block-paragraph\">La presidenta Claudia Sheinbaum inici\u00f3 su gesti\u00f3n afirmando que con ella \u201cllegamos todas\u201d, pero desafortunadamente nos faltan las v\u00edctimas de feminicidios, as\u00ed como las mujeres y ni\u00f1as desaparecidas. En Oaxaca este 8 de marzo miles de voces ser\u00e1n las que exijan justicia por cada una de ellas, pues a pesar de los discursos de transformaci\u00f3n y los anuncios de una \u201cprimavera oaxaque\u00f1a\u201d, la realidad sigue marcada por la impunidad, la desigualdad y la violencia estructural.<\/p>\n\n\n\n<figure class=\"wp-block-gallery has-nested-images columns-default is-cropped wp-block-gallery-1 is-layout-flex wp-block-gallery-is-layout-flex\">\n<figure class=\"wp-block-image size-large\"><a href=\"https:\/\/redsemlac.com\/semmexico\/wp-content\/uploads\/2025\/03\/WhatsApp-Image-2025-03-07-at-3.04.33-PM.jpeg\"><img loading=\"lazy\" decoding=\"async\" width=\"1024\" height=\"768\" data-id=\"93394\" src=\"https:\/\/redsemlac.com\/semmexico\/wp-content\/uploads\/2025\/03\/WhatsApp-Image-2025-03-07-at-3.04.33-PM-1024x768.jpeg\" alt=\"\" class=\"wp-image-93394\" srcset=\"https:\/\/redsemlac.com\/semmexico\/wp-content\/uploads\/2025\/03\/WhatsApp-Image-2025-03-07-at-3.04.33-PM-1024x768.jpeg 1024w, https:\/\/redsemlac.com\/semmexico\/wp-content\/uploads\/2025\/03\/WhatsApp-Image-2025-03-07-at-3.04.33-PM-300x225.jpeg 300w, https:\/\/redsemlac.com\/semmexico\/wp-content\/uploads\/2025\/03\/WhatsApp-Image-2025-03-07-at-3.04.33-PM-768x576.jpeg 768w, https:\/\/redsemlac.com\/semmexico\/wp-content\/uploads\/2025\/03\/WhatsApp-Image-2025-03-07-at-3.04.33-PM-150x113.jpeg 150w, https:\/\/redsemlac.com\/semmexico\/wp-content\/uploads\/2025\/03\/WhatsApp-Image-2025-03-07-at-3.04.33-PM-696x522.jpeg 696w, https:\/\/redsemlac.com\/semmexico\/wp-content\/uploads\/2025\/03\/WhatsApp-Image-2025-03-07-at-3.04.33-PM-1068x801.jpeg 1068w, https:\/\/redsemlac.com\/semmexico\/wp-content\/uploads\/2025\/03\/WhatsApp-Image-2025-03-07-at-3.04.33-PM.jpeg 1408w\" sizes=\"auto, (max-width: 1024px) 100vw, 1024px\" \/><\/a><\/figure>\n\n\n\n<figure class=\"wp-block-image size-large\"><a href=\"https:\/\/redsemlac.com\/semmexico\/wp-content\/uploads\/2025\/03\/WhatsApp-Image-2025-03-07-at-3.04.31-PM.jpeg\"><img loading=\"lazy\" decoding=\"async\" width=\"1024\" height=\"768\" data-id=\"93391\" src=\"https:\/\/redsemlac.com\/semmexico\/wp-content\/uploads\/2025\/03\/WhatsApp-Image-2025-03-07-at-3.04.31-PM-1024x768.jpeg\" alt=\"\" class=\"wp-image-93391\" srcset=\"https:\/\/redsemlac.com\/semmexico\/wp-content\/uploads\/2025\/03\/WhatsApp-Image-2025-03-07-at-3.04.31-PM-1024x768.jpeg 1024w, https:\/\/redsemlac.com\/semmexico\/wp-content\/uploads\/2025\/03\/WhatsApp-Image-2025-03-07-at-3.04.31-PM-300x225.jpeg 300w, https:\/\/redsemlac.com\/semmexico\/wp-content\/uploads\/2025\/03\/WhatsApp-Image-2025-03-07-at-3.04.31-PM-768x576.jpeg 768w, https:\/\/redsemlac.com\/semmexico\/wp-content\/uploads\/2025\/03\/WhatsApp-Image-2025-03-07-at-3.04.31-PM-1536x1152.jpeg 1536w, https:\/\/redsemlac.com\/semmexico\/wp-content\/uploads\/2025\/03\/WhatsApp-Image-2025-03-07-at-3.04.31-PM-150x113.jpeg 150w, https:\/\/redsemlac.com\/semmexico\/wp-content\/uploads\/2025\/03\/WhatsApp-Image-2025-03-07-at-3.04.31-PM-696x522.jpeg 696w, https:\/\/redsemlac.com\/semmexico\/wp-content\/uploads\/2025\/03\/WhatsApp-Image-2025-03-07-at-3.04.31-PM-1068x801.jpeg 1068w, https:\/\/redsemlac.com\/semmexico\/wp-content\/uploads\/2025\/03\/WhatsApp-Image-2025-03-07-at-3.04.31-PM.jpeg 1600w\" sizes=\"auto, (max-width: 1024px) 100vw, 1024px\" \/><\/a><\/figure>\n<\/figure>\n\n\n<div class=\"wp-block-image\">\n<figure class=\"aligncenter size-large\"><a href=\"https:\/\/redsemlac.com\/semmexico\/wp-content\/uploads\/2025\/03\/WhatsApp-Image-2025-03-07-at-3.06.11-PM.jpeg\"><img loading=\"lazy\" decoding=\"async\" width=\"768\" height=\"1024\" src=\"https:\/\/redsemlac.com\/semmexico\/wp-content\/uploads\/2025\/03\/WhatsApp-Image-2025-03-07-at-3.06.11-PM-768x1024.jpeg\" alt=\"\" class=\"wp-image-93392\" srcset=\"https:\/\/redsemlac.com\/semmexico\/wp-content\/uploads\/2025\/03\/WhatsApp-Image-2025-03-07-at-3.06.11-PM-768x1024.jpeg 768w, https:\/\/redsemlac.com\/semmexico\/wp-content\/uploads\/2025\/03\/WhatsApp-Image-2025-03-07-at-3.06.11-PM-225x300.jpeg 225w, https:\/\/redsemlac.com\/semmexico\/wp-content\/uploads\/2025\/03\/WhatsApp-Image-2025-03-07-at-3.06.11-PM-1152x1536.jpeg 1152w, https:\/\/redsemlac.com\/semmexico\/wp-content\/uploads\/2025\/03\/WhatsApp-Image-2025-03-07-at-3.06.11-PM-150x200.jpeg 150w, https:\/\/redsemlac.com\/semmexico\/wp-content\/uploads\/2025\/03\/WhatsApp-Image-2025-03-07-at-3.06.11-PM-300x400.jpeg 300w, https:\/\/redsemlac.com\/semmexico\/wp-content\/uploads\/2025\/03\/WhatsApp-Image-2025-03-07-at-3.06.11-PM-696x928.jpeg 696w, https:\/\/redsemlac.com\/semmexico\/wp-content\/uploads\/2025\/03\/WhatsApp-Image-2025-03-07-at-3.06.11-PM-1068x1424.jpeg 1068w, https:\/\/redsemlac.com\/semmexico\/wp-content\/uploads\/2025\/03\/WhatsApp-Image-2025-03-07-at-3.06.11-PM.jpeg 1200w\" sizes=\"auto, (max-width: 768px) 100vw, 768px\" \/><\/a><\/figure>\n<\/div>\n\n\n<p class=\"wp-block-paragraph\">SEM\/sj<\/p>\n","protected":false},"excerpt":{"rendered":"<p>Soledad Jarqu\u00edn Edgar SemM\u00e9xico, Oaxaca, 7 de marzo, 2025.- En los \u00faltimos 26 a\u00f1os -cuatro sexenios anteriores y los dos a\u00f1os y tres meses de la actual administraci\u00f3n que encabeza Salom\u00f3n Jara Cruz, actual gobernador de Oaxaca-, se han cometido dos mil 172 asesinatos violentos contra mujeres, 719 de ellas han ocurrido desde la declaratoria [&hellip;]<\/p>\n","protected":false},"author":3,"featured_media":93393,"comment_status":"open","ping_status":"open","sticky":false,"template":"","format":"standard","meta":{"_monsterinsights_skip_tracking":false,"footnotes":""},"categories":[694],"tags":[],"class_list":["post-93390","post","type-post","status-publish","format-standard","has-post-thumbnail","category-destacadas"],"_links":{"self":[{"href":"https:\/\/redsemlac.com\/semmexico\/wp-json\/wp\/v2\/posts\/93390","targetHints":{"allow":["GET"]}}],"collection":[{"href":"https:\/\/redsemlac.com\/semmexico\/wp-json\/wp\/v2\/posts"}],"about":[{"href":"https:\/\/redsemlac.com\/semmexico\/wp-json\/wp\/v2\/types\/post"}],"author":[{"embeddable":true,"href":"https:\/\/redsemlac.com\/semmexico\/wp-json\/wp\/v2\/users\/3"}],"replies":[{"embeddable":true,"href":"https:\/\/redsemlac.com\/semmexico\/wp-json\/wp\/v2\/comments?post=93390"}],"version-history":[{"count":0,"href":"https:\/\/redsemlac.com\/semmexico\/wp-json\/wp\/v2\/posts\/93390\/revisions"}],"wp:featuredmedia":[{"embeddable":true,"href":"https:\/\/redsemlac.com\/semmexico\/wp-json\/wp\/v2\/media\/93393"}],"wp:attachment":[{"href":"https:\/\/redsemlac.com\/semmexico\/wp-json\/wp\/v2\/media?parent=93390"}],"wp:term":[{"taxonomy":"category","embeddable":true,"href":"https:\/\/redsemlac.com\/semmexico\/wp-json\/wp\/v2\/categories?post=93390"},{"taxonomy":"post_tag","embeddable":true,"href":"https:\/\/redsemlac.com\/semmexico\/wp-json\/wp\/v2\/tags?post=93390"}],"curies":[{"name":"wp","href":"https:\/\/api.w.org\/{rel}","templated":true}]}}