{"id":93382,"date":"2025-03-07T20:47:40","date_gmt":"2025-03-08T02:47:40","guid":{"rendered":"https:\/\/redsemlac.com\/semmexico\/?p=93382"},"modified":"2025-03-07T20:51:07","modified_gmt":"2025-03-08T02:51:07","slug":"exigen-en-oaxaca-libertad-de-joven-artista-detenida-esta-semana","status":"publish","type":"post","link":"https:\/\/redsemlac.com\/semmexico\/exigen-en-oaxaca-libertad-de-joven-artista-detenida-esta-semana\/","title":{"rendered":"Exigen en Oaxaca libertad de joven artista, detenida esta semana"},"content":{"rendered":"\n<ul class=\"wp-block-list\">\n<li>Didxaz\u00e1 Garc\u00eda fue detenida junto con otras dos personas, que le dieron un avent\u00f3n<\/li>\n\n\n\n<li>Colectivos piden dejar de estigmatizar a la joven rapera y tatuadora<\/li>\n<\/ul>\n\n\n\n<p class=\"wp-block-paragraph\">Redacci\u00f3n<\/p>\n\n\n\n<p class=\"wp-block-paragraph\">SemM\u00e9xico, Oaxaca, 7 de marzo, 2025.- Diversas organizaciones se han pronunciado en la exigencia de justicia para Didxaz\u00e1 Garc\u00eda, artista pl\u00e1tica, rapera, muralista, tatuadora de Juchit\u00e1n de Zaragoza detenida junto con dos personas m\u00e1s que la hab\u00edan contratado para la realizaci\u00f3n de tatuajes.<\/p>\n\n\n\n<p class=\"wp-block-paragraph\">La Plataforma Defensora de Derechos Humanos, una de las organizaciones que se han pronunciado, alzan la voz y se\u00f1alan estar preocupadas por la \u201cinjusta detenci\u00f3n de su compa\u00f1era y hermana Didxaz\u00e1 Garc\u00eda\u201d y exigen a la Fiscal\u00eda General de la Rep\u00fablica realizar una investigaci\u00f3n apegada a Derecho.<\/p>\n\n\n\n<p class=\"wp-block-paragraph\">La artista juchiteca fue detenida el pasado martes en el tramo carretero entre Ciudad Ixtepec y Juchit\u00e1n, cuando regresaba de elaborar los tatuajes y las dos personas que la contrataron le ofrecieron un avent\u00f3n que ella acept\u00f3 para regresar a Juchit\u00e1n, siendo detenidos en la carretera por la polic\u00eda.}<\/p>\n\n\n\n<p class=\"wp-block-paragraph\">Las organizaciones en diversos pronunciamientos sostienen que Didxaz\u00e1 Garc\u00eda volv\u00eda de realizar un trabajo y sus herramientas de trabajo no la convierten en una criminal.<\/p>\n\n\n\n<p class=\"wp-block-paragraph\">Exigen a la Fiscal\u00eda General de la Rep\u00fablica y a las instituciones de<\/p>\n\n\n\n<p class=\"wp-block-paragraph\">justicia esclarecer de inmediato del caso, mediante una investigaci\u00f3n exhaustiva, transparente y justa que revele la verdad, a fin de que Didxaz\u00e1 Garc\u00eda sea liberada de esta injusta situaci\u00f3n.<\/p>\n\n\n\n<p class=\"wp-block-paragraph\">Respeto irrestricto al debido proceso garantizando que se respeten todos sus<\/p>\n\n\n\n<p class=\"wp-block-paragraph\">derechos durante su retenci\u00f3n, incluyendo el derecho a una defensa<\/p>\n\n\n\n<p class=\"wp-block-paragraph\">adecuada y a la presunci\u00f3n de inocencia.<\/p>\n\n\n\n<p class=\"wp-block-paragraph\">Investigaci\u00f3n sobre el actuar policial para descartar cualquier abuso de autoridad. Cese a la criminalizaci\u00f3n de la artista evitando la estigmatizaci\u00f3n y proteger su integridad.<\/p>\n\n\n\n<p class=\"wp-block-paragraph\">Tambi\u00e9n demandan la reparaci\u00f3n del da\u00f1o, si se llegara a comprobar la detenci\u00f3n injusta, incluyendo la restituci\u00f3n de sus derechos y la compensaci\u00f3n por los perjuicios sufridos.<\/p>\n\n\n\n<p class=\"wp-block-paragraph\">Que se revisen los protocolos de actuaci\u00f3n policial, para que estos tengan perspectiva de g\u00e9nero, y que protejan a las mujeres, de la violencia institucional.<\/p>\n\n\n\n<p class=\"wp-block-paragraph\"><br>Las personas que conocemos y apreciamos a Didxaz\u00e1, exigimos a la Fiscal\u00eda General de la Rep\u00fablica esclarezca el caso y sea hecho de manera transparente y justa ante la injusta situaci\u00f3n que est\u00e1 viviendo la compa\u00f1era, se\u00f1alan otros colectivos.<\/p>\n\n\n\n<p class=\"wp-block-paragraph\">SEM\/sj<\/p>\n\n\n\n<figure class=\"wp-block-image size-full\"><a href=\"https:\/\/redsemlac.com\/semmexico\/wp-content\/uploads\/2025\/03\/Captura-de-pantalla-2025-03-07-132003.png\"><img loading=\"lazy\" decoding=\"async\" width=\"805\" height=\"658\" src=\"https:\/\/redsemlac.com\/semmexico\/wp-content\/uploads\/2025\/03\/Captura-de-pantalla-2025-03-07-132003.png\" alt=\"\" class=\"wp-image-93384\" srcset=\"https:\/\/redsemlac.com\/semmexico\/wp-content\/uploads\/2025\/03\/Captura-de-pantalla-2025-03-07-132003.png 805w, https:\/\/redsemlac.com\/semmexico\/wp-content\/uploads\/2025\/03\/Captura-de-pantalla-2025-03-07-132003-300x245.png 300w, https:\/\/redsemlac.com\/semmexico\/wp-content\/uploads\/2025\/03\/Captura-de-pantalla-2025-03-07-132003-768x628.png 768w, https:\/\/redsemlac.com\/semmexico\/wp-content\/uploads\/2025\/03\/Captura-de-pantalla-2025-03-07-132003-150x123.png 150w, https:\/\/redsemlac.com\/semmexico\/wp-content\/uploads\/2025\/03\/Captura-de-pantalla-2025-03-07-132003-696x569.png 696w\" sizes=\"auto, (max-width: 805px) 100vw, 805px\" \/><\/a><\/figure>\n\n\n\n<figure class=\"wp-block-image size-large\"><a href=\"https:\/\/redsemlac.com\/semmexico\/wp-content\/uploads\/2025\/03\/didxaza-2.jpg\"><img loading=\"lazy\" decoding=\"async\" width=\"724\" height=\"1024\" src=\"https:\/\/redsemlac.com\/semmexico\/wp-content\/uploads\/2025\/03\/didxaza-2-724x1024.jpg\" alt=\"\" class=\"wp-image-93383\" srcset=\"https:\/\/redsemlac.com\/semmexico\/wp-content\/uploads\/2025\/03\/didxaza-2-724x1024.jpg 724w, https:\/\/redsemlac.com\/semmexico\/wp-content\/uploads\/2025\/03\/didxaza-2-212x300.jpg 212w, https:\/\/redsemlac.com\/semmexico\/wp-content\/uploads\/2025\/03\/didxaza-2-768x1086.jpg 768w, https:\/\/redsemlac.com\/semmexico\/wp-content\/uploads\/2025\/03\/didxaza-2-1086x1536.jpg 1086w, https:\/\/redsemlac.com\/semmexico\/wp-content\/uploads\/2025\/03\/didxaza-2-150x212.jpg 150w, https:\/\/redsemlac.com\/semmexico\/wp-content\/uploads\/2025\/03\/didxaza-2-300x424.jpg 300w, https:\/\/redsemlac.com\/semmexico\/wp-content\/uploads\/2025\/03\/didxaza-2-696x985.jpg 696w, https:\/\/redsemlac.com\/semmexico\/wp-content\/uploads\/2025\/03\/didxaza-2-1068x1511.jpg 1068w, https:\/\/redsemlac.com\/semmexico\/wp-content\/uploads\/2025\/03\/didxaza-2.jpg 1131w\" sizes=\"auto, (max-width: 724px) 100vw, 724px\" \/><\/a><\/figure>\n","protected":false},"excerpt":{"rendered":"<p>Redacci\u00f3n SemM\u00e9xico, Oaxaca, 7 de marzo, 2025.- Diversas organizaciones se han pronunciado en la exigencia de justicia para Didxaz\u00e1 Garc\u00eda, artista pl\u00e1tica, rapera, muralista, tatuadora de Juchit\u00e1n de Zaragoza detenida junto con dos personas m\u00e1s que la hab\u00edan contratado para la realizaci\u00f3n de tatuajes. La Plataforma Defensora de Derechos Humanos, una de las organizaciones que [&hellip;]<\/p>\n","protected":false},"author":3,"featured_media":93389,"comment_status":"open","ping_status":"open","sticky":false,"template":"","format":"standard","meta":{"_monsterinsights_skip_tracking":false,"footnotes":""},"categories":[700],"tags":[],"class_list":["post-93382","post","type-post","status-publish","format-standard","has-post-thumbnail","category-estados"],"_links":{"self":[{"href":"https:\/\/redsemlac.com\/semmexico\/wp-json\/wp\/v2\/posts\/93382","targetHints":{"allow":["GET"]}}],"collection":[{"href":"https:\/\/redsemlac.com\/semmexico\/wp-json\/wp\/v2\/posts"}],"about":[{"href":"https:\/\/redsemlac.com\/semmexico\/wp-json\/wp\/v2\/types\/post"}],"author":[{"embeddable":true,"href":"https:\/\/redsemlac.com\/semmexico\/wp-json\/wp\/v2\/users\/3"}],"replies":[{"embeddable":true,"href":"https:\/\/redsemlac.com\/semmexico\/wp-json\/wp\/v2\/comments?post=93382"}],"version-history":[{"count":0,"href":"https:\/\/redsemlac.com\/semmexico\/wp-json\/wp\/v2\/posts\/93382\/revisions"}],"wp:featuredmedia":[{"embeddable":true,"href":"https:\/\/redsemlac.com\/semmexico\/wp-json\/wp\/v2\/media\/93389"}],"wp:attachment":[{"href":"https:\/\/redsemlac.com\/semmexico\/wp-json\/wp\/v2\/media?parent=93382"}],"wp:term":[{"taxonomy":"category","embeddable":true,"href":"https:\/\/redsemlac.com\/semmexico\/wp-json\/wp\/v2\/categories?post=93382"},{"taxonomy":"post_tag","embeddable":true,"href":"https:\/\/redsemlac.com\/semmexico\/wp-json\/wp\/v2\/tags?post=93382"}],"curies":[{"name":"wp","href":"https:\/\/api.w.org\/{rel}","templated":true}]}}