{"id":93377,"date":"2025-03-07T20:44:08","date_gmt":"2025-03-08T02:44:08","guid":{"rendered":"https:\/\/redsemlac.com\/semmexico\/?p=93377"},"modified":"2025-03-07T20:45:49","modified_gmt":"2025-03-08T02:45:49","slug":"tenemos-pendientes-con-las-mexicanas-dice-senadora","status":"publish","type":"post","link":"https:\/\/redsemlac.com\/semmexico\/tenemos-pendientes-con-las-mexicanas-dice-senadora\/","title":{"rendered":"Tenemos pendientes con las mexicanas, dice senadora"},"content":{"rendered":"\n<ul class=\"wp-block-list\">\n<li>La legisladora Virginia Maga\u00f1a Fonseca plantea que aun cuando M\u00e9xico es referente, persisten las desigualdades<\/li>\n\n\n\n<li>El edificio del Senado se ilumina de color morado por el 8M<\/li>\n<\/ul>\n\n\n\n<p class=\"wp-block-paragraph\">Elda Montiel<\/p>\n\n\n\n<p class=\"wp-block-paragraph\">SemM\u00e9xico, Ciudad de M\u00e9xico, 7 de marzo 2025.- M\u00e9xico debe sentir orgulloso por ser un referente mundial en el derecho a la paridad, pero tenemos desigualdades cotidianas de las mujeres como la despenalizaci\u00f3n del aborto en entidades como Tabasco por lo que las legisladoras tenemos una gran responsabilidad afirm\u00f3 la senadora Virginia Maga\u00f1a Fonseca del Partido Verde Ecologista de M\u00e9xico (PVEM).<\/p>\n\n\n\n<p class=\"wp-block-paragraph\">En la ceremonia de iluminaci\u00f3n de morado del Senado de la Rep\u00fablica por el D\u00eda Internacional de la Mujer tambi\u00e9n se dijo orgullosa de tener una mujer presidenta y que todas las mujeres son aliadas en una agenda progresista, feminista para que no se eche ni un derecho atr\u00e1s.&nbsp; &nbsp;&nbsp;&nbsp;&nbsp;<\/p>\n\n\n\n<p class=\"wp-block-paragraph\">Encabez\u00f3 la ceremonia la presidenta de la Comisi\u00f3n para la Igualdad de G\u00e9nero, Martha Luc\u00eda Micher Camarena quien enfatiz\u00f3 que se debe reconocer el derecho a tener derechos.<\/p>\n\n\n\n<p class=\"wp-block-paragraph\">Maga\u00f1a Fonseca afirm\u00f3 \u201cseguimos de pie, tenemos grandes desaf\u00edos y vamos a tener que un gran compromiso y una gran responsabilidad para seguir legislando, no solamente aqu\u00ed en el Senado de la Rep\u00fablica, pero para seguir trabajando en nuestros territorios en cada municipio y en cada Estado de la Rep\u00fablica\u201d.<\/p>\n\n\n\n<p class=\"wp-block-paragraph\">As\u00ed que el 8 de marzo sea solamente un recordatorio para seguir trabajando por las mujeres en nuestro pa\u00eds.<\/p>\n\n\n\n<p class=\"wp-block-paragraph\">Afirm\u00f3 que existe una gran deuda hist\u00f3rica con las mujeres que deben vivir en condiciones de igualdad libres de violencia en los hogares, que vivamos libres de acosos en nuestros trabajos, con una igualdad salarial, que las mujeres ind\u00edgenas no sean vistas como de segunda clase, con las mujeres con discapacidades, las mujeres migrantes, tenemos que acortar, esa brecha de desigualdad.<\/p>\n\n\n\n<p class=\"wp-block-paragraph\">La senadora Alejandra Berenice Arias Trevilla, morenista dijo que iluminar de morado, el color del feminismo existencialista es un recordatorio constante de que los derechos humanos de las mujeres, adolescentes y ni\u00f1as se deben de respetar y garantizar en el pa\u00eds por lo que no hay que dar \u201cni un paso atr\u00e1s\u201d.&nbsp;<\/p>\n\n\n\n<p class=\"wp-block-paragraph\">SEM\/em\/sj<\/p>\n\n\n\n<figure class=\"wp-block-image size-full\"><a href=\"https:\/\/redsemlac.com\/semmexico\/wp-content\/uploads\/2025\/03\/image-8-1.png\"><img loading=\"lazy\" decoding=\"async\" width=\"650\" height=\"403\" src=\"https:\/\/redsemlac.com\/semmexico\/wp-content\/uploads\/2025\/03\/image-8-1.png\" alt=\"\" class=\"wp-image-93379\" srcset=\"https:\/\/redsemlac.com\/semmexico\/wp-content\/uploads\/2025\/03\/image-8-1.png 650w, https:\/\/redsemlac.com\/semmexico\/wp-content\/uploads\/2025\/03\/image-8-1-300x186.png 300w, https:\/\/redsemlac.com\/semmexico\/wp-content\/uploads\/2025\/03\/image-8-1-150x93.png 150w\" sizes=\"auto, (max-width: 650px) 100vw, 650px\" \/><\/a><\/figure>\n","protected":false},"excerpt":{"rendered":"<p>Elda Montiel SemM\u00e9xico, Ciudad de M\u00e9xico, 7 de marzo 2025.- M\u00e9xico debe sentir orgulloso por ser un referente mundial en el derecho a la paridad, pero tenemos desigualdades cotidianas de las mujeres como la despenalizaci\u00f3n del aborto en entidades como Tabasco por lo que las legisladoras tenemos una gran responsabilidad afirm\u00f3 la senadora Virginia Maga\u00f1a [&hellip;]<\/p>\n","protected":false},"author":3,"featured_media":93378,"comment_status":"open","ping_status":"open","sticky":false,"template":"","format":"standard","meta":{"_monsterinsights_skip_tracking":false,"footnotes":""},"categories":[205,897],"tags":[],"class_list":["post-93377","post","type-post","status-publish","format-standard","has-post-thumbnail","category-8-de-marzo","category-especial"],"_links":{"self":[{"href":"https:\/\/redsemlac.com\/semmexico\/wp-json\/wp\/v2\/posts\/93377","targetHints":{"allow":["GET"]}}],"collection":[{"href":"https:\/\/redsemlac.com\/semmexico\/wp-json\/wp\/v2\/posts"}],"about":[{"href":"https:\/\/redsemlac.com\/semmexico\/wp-json\/wp\/v2\/types\/post"}],"author":[{"embeddable":true,"href":"https:\/\/redsemlac.com\/semmexico\/wp-json\/wp\/v2\/users\/3"}],"replies":[{"embeddable":true,"href":"https:\/\/redsemlac.com\/semmexico\/wp-json\/wp\/v2\/comments?post=93377"}],"version-history":[{"count":0,"href":"https:\/\/redsemlac.com\/semmexico\/wp-json\/wp\/v2\/posts\/93377\/revisions"}],"wp:featuredmedia":[{"embeddable":true,"href":"https:\/\/redsemlac.com\/semmexico\/wp-json\/wp\/v2\/media\/93378"}],"wp:attachment":[{"href":"https:\/\/redsemlac.com\/semmexico\/wp-json\/wp\/v2\/media?parent=93377"}],"wp:term":[{"taxonomy":"category","embeddable":true,"href":"https:\/\/redsemlac.com\/semmexico\/wp-json\/wp\/v2\/categories?post=93377"},{"taxonomy":"post_tag","embeddable":true,"href":"https:\/\/redsemlac.com\/semmexico\/wp-json\/wp\/v2\/tags?post=93377"}],"curies":[{"name":"wp","href":"https:\/\/api.w.org\/{rel}","templated":true}]}}