{"id":93371,"date":"2025-03-07T20:42:11","date_gmt":"2025-03-08T02:42:11","guid":{"rendered":"https:\/\/redsemlac.com\/semmexico\/?p=93371"},"modified":"2025-03-07T20:42:11","modified_gmt":"2025-03-08T02:42:11","slug":"blindan-edificios-publicos-ante-el-8m-la-jornada-de-lucha-feminista","status":"publish","type":"post","link":"https:\/\/redsemlac.com\/semmexico\/blindan-edificios-publicos-ante-el-8m-la-jornada-de-lucha-feminista\/","title":{"rendered":"Blindan edificios p\u00fablicos ante el 8M, la jornada de lucha feminista"},"content":{"rendered":"\n<ul class=\"wp-block-list\">\n<li>La violencia por la que pasan las mujeres se visibiliza en pintas<\/li>\n\n\n\n<li>Preparadas instituciones con protocolos de atenci\u00f3n a marchas pac\u00edficas<\/li>\n<\/ul>\n\n\n\n<p class=\"wp-block-paragraph\">Elda Montiel<\/p>\n\n\n\n<p class=\"wp-block-paragraph\">SemM\u00e9xico, Ciudad de M\u00e9xico, 7 de marzo 2025.- El gobierno federal al igual que las feministas se preparan para las marchas conmemorativas del D\u00eda Internacional de la Mujer, este 8 de marzo, con la implementaci\u00f3n de un Protocolo de Atenci\u00f3n implementado por la Secretar\u00eda de Gobernaci\u00f3n para todo el pa\u00eds, y el blindaje a Palacio Nacional con vallas met\u00e1licas para protecci\u00f3n del inmueble y de las mismas feministas, de acuerdo a lo expresado por la&nbsp; presidenta Claudia Sheinbaum en la conferencia ma\u00f1anera del mi\u00e9rcoles.<\/p>\n\n\n\n<p class=\"wp-block-paragraph\">Sin embargo, en el estado de Durango hay apertura a la iconoclastia que es la pinta de inmuebles hist\u00f3ricos p\u00fablicos durante la marcha del 8 de marzo por parte del gobernador, el alcalde y el rector de la Universidad Ju\u00e1rez ya que no se colocar\u00e1n vallas y se prepara un equipo de aseo urbano.<\/p>\n\n\n\n<p class=\"wp-block-paragraph\">La presidenta Claudia Sheinbaum reconoci\u00f3 que el 99 por ciento de las manifestaciones son pac\u00edficas, \u201cel problema es que cuando quieren quemar la puerta de Palacio Nacional, pues hay que proteger, la otra opci\u00f3n ser\u00eda poner&nbsp;mujeres polic\u00edas&nbsp;(&#8230;) Es mejor poner vallas met\u00e1licas que poner a personas, principalmente polic\u00edas, a contener (la manifestaci\u00f3n)\u201d.<\/p>\n\n\n\n<p class=\"wp-block-paragraph\">Asegur\u00f3 en la conferencia ma\u00f1anera que es falso que en su gobierno se proteja m\u00e1s a los monumentos que a la vida de las mujeres y enumer\u00f3 los cambios realizados tanto en la constituci\u00f3n como en las pol\u00edticas p\u00fablicas.&nbsp;&nbsp;<em>\u201cPor primera vez hay una Secretar\u00eda de las Mujeres, el 8 de marzo comenzar\u00e1 la distribuci\u00f3n de la&nbsp;cartilla de las mujeres\u2026 hay muchas m\u00e1s leyes en protecci\u00f3n de las mujeres\u201d.<\/em><\/p>\n\n\n\n<p class=\"wp-block-paragraph\"><em>.&nbsp;<\/em><\/p>\n\n\n\n<p class=\"wp-block-paragraph\">La presidenta aprovech\u00f3 para exponer que la&nbsp;lucha por los derechos de las mujeres&nbsp;no puede aislarse de la lucha por la&nbsp;igualdad, por la&nbsp;democracia, por la&nbsp;soberan\u00eda, por un M\u00e9xico de derechos\u201d, coment\u00f3.<\/p>\n\n\n\n<p class=\"wp-block-paragraph\"><strong>Protocolo especial para el 8 de marzo anunci\u00f3 Segob<\/strong><\/p>\n\n\n\n<p class=\"wp-block-paragraph\">Rosa Icela Rodr\u00edguez, secretaria de Gobernaci\u00f3n inform\u00f3 del Protocolo para Atenci\u00f3n y Gesti\u00f3n de la Protesta Pac\u00edfica para este 8 de marzo para antes y despu\u00e9s de las marchas que privilegiar\u00e1 el dialogo y la resoluci\u00f3n pac\u00edfica de conflictos incluso cuando sea legal usar la fuerza p\u00fablica o las personas manifestantes no est\u00e9n dispuestas a dialogar.<\/p>\n\n\n\n<p class=\"wp-block-paragraph\">Se\u00f1al\u00f3 que la implementaci\u00f3n depende de la voluntad pol\u00edtica de cada entidad,<\/p>\n\n\n\n<p class=\"wp-block-paragraph\">pero es la clave para garantizar que el 8 de marzo, D\u00eda Internacional de la Mujer, sea una jornada de expresi\u00f3n libre y segura para las manifestantes.<\/p>\n\n\n\n<p class=\"wp-block-paragraph\">La titular de Segob junto con el subsecretario C\u00e9sar Y\u00e1\u00f1ez Centeno Cabrera encabezaron un encuentro con las autoridades locales de todos los estados del pa\u00eds, lo anterior con la finalidad de generar un procedimiento de atenci\u00f3n que garantizar\u00e1 la&nbsp;libre expresi\u00f3n de ideas y el respeto irrestricto&nbsp;al derecho de las movilizaciones pac\u00edficas por el movimiento de la mujer.<\/p>\n\n\n\n<p class=\"wp-block-paragraph\">El Protocolo para la Atenci\u00f3n y Gesti\u00f3n de la Protesta Pac\u00edfica pretende que las movilizaciones se realicen pac\u00edficamente dando una apertura adecuada al di\u00e1logo para atender las demandas de las precursoras y aliadas a la causa.<\/p>\n\n\n\n<p class=\"wp-block-paragraph\">El protocolo coloca en prioridad el di\u00e1logo y la distenci\u00f3n de tensiones, por lo que el gobierno de&nbsp;M\u00e9xico&nbsp;debe acompa\u00f1ar las protestas con respeto a los&nbsp;derechos humanos. la estrategia buscar\u00e1 establecer puntos de evacuaci\u00f3n, y designar enlaces de seguimiento&nbsp;exclusivamente para periodistas.&nbsp;M\u00e9xico es un pa\u00eds de hombres y mujeres libres de manifestar sus ideas, reunirse y expresarse del modo que decidan.<\/p>\n\n\n\n<p class=\"wp-block-paragraph\">De entre los puntos destaca que:<\/p>\n\n\n\n<p class=\"wp-block-paragraph\">Se debe privilegiar el di\u00e1logo y la resoluci\u00f3n pac\u00edfica de conflictos siempre, especialmente, cuando hay tensiones entre la libertad de expresi\u00f3n y los derechos de terceros, incluso cuando sea legal usar la fuerza p\u00fablica o las personas manifestantes no est\u00e9n dispuestas a dialogar.<\/p>\n\n\n\n<p class=\"wp-block-paragraph\">Que jam\u00e1s se usar\u00e1 la fuerza p\u00fablica para reprimir, agredir, o afectar de cualquier manera a las personas que expresen sus ideas de forma pac\u00edfica.<\/p>\n\n\n\n<p class=\"wp-block-paragraph\">El derecho de manifestaci\u00f3n, expresi\u00f3n y reuni\u00f3n, en cuanto a derecho, no es condicionable.<\/p>\n\n\n\n<p class=\"wp-block-paragraph\">Que el Gobierno salvaguardar\u00e1 la integridad f\u00edsica, los bienes y la seguridad personal de las personas manifestantes y terceros y se respeta la labor de periodistas y comunicadores durante las manifestaciones, reuniones o cualquier forma de protesta social.<\/p>\n\n\n\n<p class=\"wp-block-paragraph\"><strong>Respeto a la iconoclastia en Durango<\/strong><\/p>\n\n\n\n<p class=\"wp-block-paragraph\">El gobernador de Durango, Esteban Villegas Villarreal, el alcalde de Durango Jos\u00e9 Antonio Ochoa Rodr\u00edguez, as\u00ed como el rector de la Universidad de Ju\u00e1rez del Estado de Durango (UJED), Ram\u00f3n Garc\u00eda Rivera han se\u00f1alado que respetaran las manifestaciones de iconoclastia en la marcha de este 8 de marzo.<\/p>\n\n\n\n<p class=\"wp-block-paragraph\">No habr\u00e1 colocaci\u00f3n de vallas para proteger los edificios emblem\u00e1ticos del Centro Hist\u00f3rico de la ciudad durante las manifestaciones del 8M, inform\u00f3 el titular de la Direcci\u00f3n Municipal de Servicios P\u00fablicos, Emiliano Gonz\u00e1lez Mart\u00ednez, quien puntualiz\u00f3 que se trata de una marcha libre y la instrucci\u00f3n desde el alcalde es el respeto a la manifestaci\u00f3n.<\/p>\n\n\n\n<p class=\"wp-block-paragraph\">Contrasta con las declaraciones de la sindica del ayuntamiento de Durango, Alicia Gamboa Mart\u00ednez, quien&nbsp;hizo un llamado a las mujeres que participan a seguir juntas y firmes en la lucha, pero sin hacer acciones de vandalismo contra edificios p\u00fablicos. Para las que decidan hacerlo pide a las autoridades castigar a las responsables con todo el peso de la ley,&nbsp;<em>\u201c<\/em>ahorita son mujeres, ma\u00f1ana pueden ser hombres o cualquier tema. Si la autoridad lo permite, lo que se permite se repite\u201d,asever\u00f3 la funcionaria municipal a El Sol de Durango el pasado 20 de febrero.<\/p>\n\n\n\n<p class=\"wp-block-paragraph\">Sin embargo, la apertura del gobernador y del rector fue reconocida por la presidenta Julieta Hern\u00e1ndez Camargo, presidenta de \u201cSi hay mujeres en Durango\u201d y coment\u00f3 que existe un grupo al que denominan \u201cBloque Negro\u201d,&nbsp;conformado por un sector de feministas, cuya forma de participar en este tipo de manifestaciones es precisamente haciendo iconoclasia, es decir la manifestaci\u00f3n de pintas a inmuebles oficiales como se\u00f1al de negaci\u00f3n a la autoridad.<\/p>\n\n\n\n<p class=\"wp-block-paragraph\">\u201cAunque yo no participo en la iconoclasia y tampoco estoy de acuerdo, s\u00ed respeto la expresi\u00f3n de las mujeres\u201d, dijo Hern\u00e1ndez Camargo al referirse a las recientes declaraciones de las autoridades tanto estatales, como municipales, en relaci\u00f3n a las acciones que emprender\u00e1n las mujeres durante la marcha feminista este 8 de marzo.<\/p>\n\n\n\n<p class=\"wp-block-paragraph\">No sabe si forman parte de la organizaci\u00f3n de la marcha ya que existen diversas de organizaciones que&nbsp;defienden los derechos de las mujeres y se suman a la marcha el 8 de marzo, por lo que ella en particular no tiene conocimiento de qu\u00e9 mujeres son las que participan.<\/p>\n\n\n\n<p class=\"wp-block-paragraph\">Pero si destac\u00f3 que todos los tipos de violencia por los que pasan las mujeres son visibilizados a trav\u00e9s de sus mensajes plasmados en los edificios p\u00fablicos,&nbsp;solo habla del hartazgo, la indignaci\u00f3n, y el coraje que tienen por la falta de justicia que existe y la serie de actos de revictimizaci\u00f3n que constantemente se observan en las instituciones de procuraci\u00f3n de justicia.<\/p>\n\n\n\n<p class=\"wp-block-paragraph\">Detallo que \u201ccon solo ver los letreros que est\u00e1n en el edificio de la Biblioteca de la Universidad donde hay frases con todo lo que ocurre, lo ver\u00eda como una&nbsp;forma de impotencia que tienen que responder de alguna manera y una forma de comunicarse\u201d, coment\u00f3.<\/p>\n\n\n\n<p class=\"wp-block-paragraph\">El gobernador Esteban Villegas coment\u00f3 a un peri\u00f3dico local que le gustar\u00edan que no pintar\u00e1n porque en el centro hay monumentos hist\u00f3ricos que tienen un seguro y que por aspectos burocr\u00e1ticos no se pueden limpiar r\u00e1pidamente. Aseguro que en su gobierno no hay represi\u00f3n ya que entiende el objetivo de las marchas.<em> Pero expreso que si hay pintas pues a limpiar porque la vida de una mujer c\u00f3mo la regresas. <\/em><em><\/em><\/p>\n\n\n\n<p class=\"wp-block-paragraph\"><em>Mientras que el rector de la <\/em>Universidad Ju\u00e1rez del Estado de Durango (UJED) Ram\u00f3n Garc\u00eda Rivera se\u00f1al\u00f3 que se respetar\u00e1 todo tipo de manifestaciones que se realicen con motivo del 8 de marzo, ya que el edificio central junto a la&nbsp;Biblioteca&nbsp;de la instituci\u00f3n, que se ubica sobre la&nbsp;Avenida 20 de Noviembre, suelen ser dos de los inmuebles que resultan m\u00e1s afectados con las expresiones de&nbsp;iconoclasia&nbsp;que se realizan cada a\u00f1o, durante la marcha feminista.<\/p>\n\n\n\n<p class=\"wp-block-paragraph\">Incluso en esta ocasi\u00f3n UJED participar\u00e1 en alg\u00fan momento durante estas manifestaciones, para que de la mano de las&nbsp;mujeres universitarias, mostrar el apoyo al movimiento y sus causas.<\/p>\n\n\n\n<p class=\"wp-block-paragraph\">Respecto al tema de los tendederos&nbsp;que desde hace unos a\u00f1os se han comenzado a colocar en las diversas unidades acad\u00e9micas, donde las alumnas y maestras realizan se\u00f1alamientos en contra de docentes, directivos y alumnos, que cometen alg\u00fan acto de violencia contra una de ellas, dijo que se analizar\u00e1n los casos.<\/p>\n\n\n\n<p class=\"wp-block-paragraph\">Este a\u00f1o la marcha comenzar\u00e1 a las 17:00 horas del s\u00e1bado 8 de marzo, y el punto de encuentro ser\u00e1 en la avenida 20 de Noviembre, frente al Hotel Gobernador. Desde all\u00ed, el contingente avanzar\u00e1 hacia el Poder Judicial del Estado de Durango, ubicado frente a la Plaza IV Centenario, en la calle Zaragoza, en el centro de la ciudad. Anteriormente el destino final era la catedral de Durango.<\/p>\n\n\n\n<p class=\"wp-block-paragraph\">El contingente estar\u00e1 organizado en tres partes<em>:<\/em>&nbsp;en la primera parte participar\u00e1n las madres con ni\u00f1os, mujeres con discapacidad, sobrevivientes de violencia y adultas mayores. En la segunda parte estar\u00e1n las mujeres en general, incluidas aquellas que participar\u00e1n con performances. Finalmente, en la tercera parte, se sumar\u00e1n las mujeres que se movilizar\u00e1n en bicicleta, motocicletas, autos o acompa\u00f1adas de perros.<\/p>\n\n\n\n<figure class=\"wp-block-image size-large\"><a href=\"https:\/\/redsemlac.com\/semmexico\/wp-content\/uploads\/2025\/03\/WhatsApp-Image-2025-03-07-at-12.30.35-PM-3.jpeg\"><img loading=\"lazy\" decoding=\"async\" width=\"819\" height=\"1024\" src=\"https:\/\/redsemlac.com\/semmexico\/wp-content\/uploads\/2025\/03\/WhatsApp-Image-2025-03-07-at-12.30.35-PM-3-819x1024.jpeg\" alt=\"\" class=\"wp-image-93374\" srcset=\"https:\/\/redsemlac.com\/semmexico\/wp-content\/uploads\/2025\/03\/WhatsApp-Image-2025-03-07-at-12.30.35-PM-3-819x1024.jpeg 819w, https:\/\/redsemlac.com\/semmexico\/wp-content\/uploads\/2025\/03\/WhatsApp-Image-2025-03-07-at-12.30.35-PM-3-240x300.jpeg 240w, https:\/\/redsemlac.com\/semmexico\/wp-content\/uploads\/2025\/03\/WhatsApp-Image-2025-03-07-at-12.30.35-PM-3-768x960.jpeg 768w, https:\/\/redsemlac.com\/semmexico\/wp-content\/uploads\/2025\/03\/WhatsApp-Image-2025-03-07-at-12.30.35-PM-3-150x188.jpeg 150w, https:\/\/redsemlac.com\/semmexico\/wp-content\/uploads\/2025\/03\/WhatsApp-Image-2025-03-07-at-12.30.35-PM-3-300x375.jpeg 300w, https:\/\/redsemlac.com\/semmexico\/wp-content\/uploads\/2025\/03\/WhatsApp-Image-2025-03-07-at-12.30.35-PM-3-696x870.jpeg 696w, https:\/\/redsemlac.com\/semmexico\/wp-content\/uploads\/2025\/03\/WhatsApp-Image-2025-03-07-at-12.30.35-PM-3.jpeg 1024w\" sizes=\"auto, (max-width: 819px) 100vw, 819px\" \/><\/a><\/figure>\n\n\n\n<p class=\"wp-block-paragraph\"><strong>Coahuila<\/strong><\/p>\n\n\n\n<p class=\"wp-block-paragraph\">En Coahuila la colectiva de Mujeres que luchan por Mujeres que es una Asamblea feminista independiente, antirracista, anticolonial y transincluyente de La Laguna, conformada por mujeres de Torre\u00f3n, G\u00f3mez Palacio y Lerdo recomiendan a quienes van a ser iconoclastia ir acompa\u00f1adas siempre por mujeres de confianza, evitar viviendas, casas, negocios, veh\u00edculos particulares y no portar drogas.&nbsp;<\/p>\n\n\n\n<p class=\"wp-block-paragraph\">La presidenta de la&nbsp;Junta de Gobierno del Congreso de Coahuila,<a href=\"https:\/\/www.congresocoahuila.gob.mx\/portal\/luz-elena-guadalupe-morales-nunez\/\" target=\"_blank\" rel=\"noreferrer noopener\">&nbsp;Luz Elena Morales N\u00fa\u00f1ez<\/a>,&nbsp;adelant\u00f3 que las autoridades est\u00e1n evaluando la posibilidad de proteger el&nbsp;Palacio del Congreso&nbsp; en Saltillo el pr\u00f3ximo 8 de marzo, debido a que una de las marchas feministas organizadas por colectivos llegar\u00e1 a este recinto y aun son visibles las huellas de la iconoclasia practicada durante la protesta del a\u00f1o pasado se\u00f1alo al medio Vanguardia.com.mx<\/p>\n\n\n\n<p class=\"wp-block-paragraph\">Por otra parte, en Saltillo se realizar\u00e1n dos marchas, los colectivos como Hermandad L\u00e9sbica, La Manada, Furia y Red de Mujeres Feministas anunciaron que la marcha iniciar\u00e1 a las 16:00 horas&nbsp;del pr\u00f3ximo s\u00e1bado 8 de marzo. El punto de reuni\u00f3n ser\u00e1 en el Instituto Tecnol\u00f3gico de Saltillo para tomar el bulevar Venustiano Carranza, caminar\u00e1n&nbsp;hasta atravesar la calle Allende, para llegar a la plaza Nueva Tlaxcala. Esperan que lleguen m\u00e1s de 15 mil mujeres.<\/p>\n\n\n\n<p class=\"wp-block-paragraph\">Ante la confusi\u00f3n que ha surgido porque las convocatorias que han circulado manejan dos rutas diferentes, Polet Delgado de las colectivas indic\u00f3 que en esta ruta Tec Saltillo-Plaza Tlaxcala s\u00f3lo se tiene contemplado que participen mujeres. Aunque incluir\u00e1n un contingente de mujeres trans, dijo que la marcha ser\u00e1 encabezada por familiares de v\u00edctimas de feminicidios. La otra marcha es organizada por un grupo de mujeres y por un grupo de mujeres trans\u201d.<\/p>\n\n\n\n<figure class=\"wp-block-image size-large\"><a href=\"https:\/\/redsemlac.com\/semmexico\/wp-content\/uploads\/2025\/03\/WhatsApp-Image-2025-03-07-at-12.30.35-PM-4.jpeg\"><img loading=\"lazy\" decoding=\"async\" width=\"1024\" height=\"1024\" src=\"https:\/\/redsemlac.com\/semmexico\/wp-content\/uploads\/2025\/03\/WhatsApp-Image-2025-03-07-at-12.30.35-PM-4-1024x1024.jpeg\" alt=\"\" class=\"wp-image-93373\" srcset=\"https:\/\/redsemlac.com\/semmexico\/wp-content\/uploads\/2025\/03\/WhatsApp-Image-2025-03-07-at-12.30.35-PM-4-1024x1024.jpeg 1024w, https:\/\/redsemlac.com\/semmexico\/wp-content\/uploads\/2025\/03\/WhatsApp-Image-2025-03-07-at-12.30.35-PM-4-300x300.jpeg 300w, https:\/\/redsemlac.com\/semmexico\/wp-content\/uploads\/2025\/03\/WhatsApp-Image-2025-03-07-at-12.30.35-PM-4-150x150.jpeg 150w, https:\/\/redsemlac.com\/semmexico\/wp-content\/uploads\/2025\/03\/WhatsApp-Image-2025-03-07-at-12.30.35-PM-4-768x768.jpeg 768w, https:\/\/redsemlac.com\/semmexico\/wp-content\/uploads\/2025\/03\/WhatsApp-Image-2025-03-07-at-12.30.35-PM-4-1536x1536.jpeg 1536w, https:\/\/redsemlac.com\/semmexico\/wp-content\/uploads\/2025\/03\/WhatsApp-Image-2025-03-07-at-12.30.35-PM-4-696x696.jpeg 696w, https:\/\/redsemlac.com\/semmexico\/wp-content\/uploads\/2025\/03\/WhatsApp-Image-2025-03-07-at-12.30.35-PM-4-1068x1068.jpeg 1068w, https:\/\/redsemlac.com\/semmexico\/wp-content\/uploads\/2025\/03\/WhatsApp-Image-2025-03-07-at-12.30.35-PM-4.jpeg 1600w\" sizes=\"auto, (max-width: 1024px) 100vw, 1024px\" \/><\/a><\/figure>\n\n\n\n<p class=\"wp-block-paragraph\"><strong>Oaxaca<\/strong><\/p>\n\n\n\n<p class=\"wp-block-paragraph\">En Oaxaca, instituciones p\u00fablicas, bancos, comercio y el palacio de gobierno son blindados desde este jueves, en tanto las autoridades emiten un documento con la informaci\u00f3n de las marchas y rutas que realizar\u00e1n ma\u00f1ana.<\/p>\n\n\n\n<p class=\"wp-block-paragraph\">Se prev\u00e9 al menos cinco actividades en las calles de la capital oaxaque\u00f1a desde las nueve de la ma\u00f1ana hasta ocho de la noche, aproximadamente. Marchas y jornadas de trabajo que realizar\u00e1n la secci\u00f3n 22 del Sindicato Nacional de Trabajadores del Estado; tambi\u00e9n marchar\u00e1n las trabajadoras del Sindicato de Trabajadores de los Poderes del Estado e Instituciones Descentralizadas de Car\u00e1cter Estatal, por la tarde se prev\u00e9n dos marchas feministas.<\/p>\n\n\n\n<figure class=\"wp-block-image size-large\"><a href=\"https:\/\/redsemlac.com\/semmexico\/wp-content\/uploads\/2025\/03\/WhatsApp-Image-2025-03-07-at-12.30.35-PM-5.jpeg\"><img loading=\"lazy\" decoding=\"async\" width=\"1024\" height=\"999\" src=\"https:\/\/redsemlac.com\/semmexico\/wp-content\/uploads\/2025\/03\/WhatsApp-Image-2025-03-07-at-12.30.35-PM-5-1024x999.jpeg\" alt=\"\" class=\"wp-image-93372\" srcset=\"https:\/\/redsemlac.com\/semmexico\/wp-content\/uploads\/2025\/03\/WhatsApp-Image-2025-03-07-at-12.30.35-PM-5-1024x999.jpeg 1024w, https:\/\/redsemlac.com\/semmexico\/wp-content\/uploads\/2025\/03\/WhatsApp-Image-2025-03-07-at-12.30.35-PM-5-300x293.jpeg 300w, https:\/\/redsemlac.com\/semmexico\/wp-content\/uploads\/2025\/03\/WhatsApp-Image-2025-03-07-at-12.30.35-PM-5-768x749.jpeg 768w, https:\/\/redsemlac.com\/semmexico\/wp-content\/uploads\/2025\/03\/WhatsApp-Image-2025-03-07-at-12.30.35-PM-5-150x146.jpeg 150w, https:\/\/redsemlac.com\/semmexico\/wp-content\/uploads\/2025\/03\/WhatsApp-Image-2025-03-07-at-12.30.35-PM-5-696x679.jpeg 696w, https:\/\/redsemlac.com\/semmexico\/wp-content\/uploads\/2025\/03\/WhatsApp-Image-2025-03-07-at-12.30.35-PM-5-1068x1041.jpeg 1068w, https:\/\/redsemlac.com\/semmexico\/wp-content\/uploads\/2025\/03\/WhatsApp-Image-2025-03-07-at-12.30.35-PM-5.jpeg 1085w\" sizes=\"auto, (max-width: 1024px) 100vw, 1024px\" \/><\/a><\/figure>\n\n\n\n<p class=\"wp-block-paragraph\">SEM\/em\/sj<\/p>\n\n\n\n<p class=\"wp-block-paragraph\"><\/p>\n","protected":false},"excerpt":{"rendered":"<p>Elda Montiel SemM\u00e9xico, Ciudad de M\u00e9xico, 7 de marzo 2025.- El gobierno federal al igual que las feministas se preparan para las marchas conmemorativas del D\u00eda Internacional de la Mujer, este 8 de marzo, con la implementaci\u00f3n de un Protocolo de Atenci\u00f3n implementado por la Secretar\u00eda de Gobernaci\u00f3n para todo el pa\u00eds, y el blindaje [&hellip;]<\/p>\n","protected":false},"author":3,"featured_media":93375,"comment_status":"open","ping_status":"open","sticky":false,"template":"","format":"standard","meta":{"_monsterinsights_skip_tracking":false,"footnotes":""},"categories":[205,897],"tags":[],"class_list":["post-93371","post","type-post","status-publish","format-standard","has-post-thumbnail","category-8-de-marzo","category-especial"],"_links":{"self":[{"href":"https:\/\/redsemlac.com\/semmexico\/wp-json\/wp\/v2\/posts\/93371","targetHints":{"allow":["GET"]}}],"collection":[{"href":"https:\/\/redsemlac.com\/semmexico\/wp-json\/wp\/v2\/posts"}],"about":[{"href":"https:\/\/redsemlac.com\/semmexico\/wp-json\/wp\/v2\/types\/post"}],"author":[{"embeddable":true,"href":"https:\/\/redsemlac.com\/semmexico\/wp-json\/wp\/v2\/users\/3"}],"replies":[{"embeddable":true,"href":"https:\/\/redsemlac.com\/semmexico\/wp-json\/wp\/v2\/comments?post=93371"}],"version-history":[{"count":0,"href":"https:\/\/redsemlac.com\/semmexico\/wp-json\/wp\/v2\/posts\/93371\/revisions"}],"wp:featuredmedia":[{"embeddable":true,"href":"https:\/\/redsemlac.com\/semmexico\/wp-json\/wp\/v2\/media\/93375"}],"wp:attachment":[{"href":"https:\/\/redsemlac.com\/semmexico\/wp-json\/wp\/v2\/media?parent=93371"}],"wp:term":[{"taxonomy":"category","embeddable":true,"href":"https:\/\/redsemlac.com\/semmexico\/wp-json\/wp\/v2\/categories?post=93371"},{"taxonomy":"post_tag","embeddable":true,"href":"https:\/\/redsemlac.com\/semmexico\/wp-json\/wp\/v2\/tags?post=93371"}],"curies":[{"name":"wp","href":"https:\/\/api.w.org\/{rel}","templated":true}]}}