{"id":9332,"date":"2019-07-01T15:52:08","date_gmt":"2019-07-01T15:52:08","guid":{"rendered":"https:\/\/redsemlac.com\/semmexico\/?p=9332"},"modified":"2023-07-21T14:50:14","modified_gmt":"2023-07-21T19:50:14","slug":"jurista-peruana-julissa-mantilla-integrara-la-cidh","status":"publish","type":"post","link":"https:\/\/redsemlac.com\/semmexico\/jurista-peruana-julissa-mantilla-integrara-la-cidh\/","title":{"rendered":"Jurista peruana Julissa Mantilla integrar\u00e1 la CIDH"},"content":{"rendered":"\n<p class=\"wp-block-paragraph\"><strong><em>La nominaci\u00f3n de la tambi\u00e9n catedr\u00e1tica, quien ocupar\u00e1 el cargo de\ncomisionada para el periodo 2020-2023, obtuvo 22 votos en la \u00faltima asamblea de\nla Organizaci\u00f3n de Estados Americanos. <\/em><\/strong><\/p>\n\n\n\n<p class=\"wp-block-paragraph\"><strong>Julissa Mantilla\nFalc\u00f3n <\/strong><\/p>\n\n\n\n<p class=\"wp-block-paragraph\">SemM\u00e9xico\/RPP Noticias. Lima, Per\u00fa. 01 de julio 2019.- El\npasado viernes, &nbsp;la jurista peruana\nJulissa Mantilla Falc\u00f3n fue elegida para integrar la Comisi\u00f3n Interamericana de\nDerechos Humanos (CIDH), el organismo que observa y defiende derechos\nfundamentales en todo el continente.<\/p>\n\n\n\n<p class=\"wp-block-paragraph\">La elecci\u00f3n se realiz\u00f3 durante la asamblea n\u00famero 49 de la\nOrganizaci\u00f3n de Estados Americanos (OEA), que tuvo lugar en Medell\u00edn, Colombia,\ny cont\u00f3 con 22 votos a favor de Mantilla. La abogada ocupar\u00e1 el cargo por\ncuatro a\u00f1os, que correr\u00e1n desde el 1 de enero de 2020 hasta el 31 de diciembre\nde 2023. <\/p>\n\n\n\n<p class=\"wp-block-paragraph\">La candidatura de Mantilla a la CIDH hab\u00eda sido propuesta\npor el Gobierno peruano en febrero de este a\u00f1o. De acuerdo con el panel\nevaluador independiente, la abogada recibi\u00f3 m\u00e1s de veinte cartas de apoyo\nfirmadas desde instituciones acad\u00e9micas peruanas y extranjeras, adem\u00e1s de\norganizaciones civiles como el Estudio para la Defensa de los Derechos de la\nMujer (Demus). <\/p>\n\n\n\n<p class=\"wp-block-paragraph\"><strong>Experiencia en\nDerecho<\/strong><\/p>\n\n\n\n<p class=\"wp-block-paragraph\">Mantilla Falc\u00f3n obtuvo el t\u00edtulo de abogada en 1994 por la\nPontificia Universidad Cat\u00f3lica del Per\u00fa (PUCP). Tambi\u00e9n cuenta con el grado de\nmag\u00edster en Derechos Humanos (2000) por la London School of Economics and\nPolitical Science (Londres, Inglaterra) y estudios de Derecho y G\u00e9nero por la\nPUCP.<\/p>\n\n\n\n<p class=\"wp-block-paragraph\">Adem\u00e1s, ha sido expositora y profesora invitada por el Banco\nInteramericano, el Banco Mundial y por universidades de Estados Unidos, Espa\u00f1a,\nArgentina y M\u00e9xico, y por la Universidad para la Paz de la Organizaci\u00f3n de las\nNaciones Unidas (ONU), en Costa Rica. Actualmente, ejerce la docencia en la\nAcademia de Derechos Humanos de la Escuela de Derecho de la American University\n(Washington, EE.UU.) y de las maestr\u00edas de G\u00e9nero y de Derechos Humanos en la\nPUCP. <\/p>\n\n\n\n<p class=\"wp-block-paragraph\">La ciudadana peruana tambi\u00e9n ha participado como perita en\ncasos de violaciones de derechos humanos -especialmente, violencia sexual- ante\nla Corte Interamericana de Derechos Humanos. Por otro lado, ha contribuido como\nasesora internacional ante ONU Mujeres. En Per\u00fa, fue investigadora en casos de\nviolaci\u00f3n sexual de mujeres para la Comisi\u00f3n de la Verdad y Reconciliaci\u00f3n\n(2001-2003). Otras materias sobre las que se ha especializado son justicia\ntransicional y reparaci\u00f3n.<\/p>\n\n\n\n<p class=\"wp-block-paragraph\"><strong>Pr\u00f3xima gesti\u00f3n en la\nCIDH<\/strong><\/p>\n\n\n\n<p class=\"wp-block-paragraph\">En el proceso de elecci\u00f3n, donde los pa\u00edses firmantes de la\nConvenci\u00f3n Americana de Derechos Humanos emitieron voto, tambi\u00e9n se respald\u00f3 la\nnominaci\u00f3n del jurista guatemalteco Edgar Stuardo Ral\u00f3n Orellana y la\nreelecci\u00f3n de las comisionadas Esmeralda Arosemena de Troiti\u00f1o (Panam\u00e1) y\nMargarette May Macaulay (Jamaica), quienes iban a culminar su mandato a fines\nde este a\u00f1o. Everth Bustamante Garc\u00eda, propuesto por el gobierno colombiano,\nreuni\u00f3 21 votos y fue el \u00fanico aspirante que no consigui\u00f3 el puesto.<\/p>\n\n\n\n<p class=\"wp-block-paragraph\">De momento, la CIDH est\u00e1 compuesta por Arosemena (quien\npreside el \u00f3rgano); Macaulay; el mexicano Joel Hern\u00e1ndez Garc\u00eda (como primer\nvicepresidente); la chilena Antonia Urrejola Noguera (segunda vicepresidenta);\nel peruano Francisco Eguiguren Praeli; la brasile\u00f1a Fl\u00e1via Piovesan y el\ncolombiano Luis Ernesto Vargas Silva.<\/p>\n\n\n\n<p class=\"wp-block-paragraph\">SEM\/RPP Noticias<\/p>\n","protected":false},"excerpt":{"rendered":"<p>La nominaci\u00f3n de la tambi\u00e9n catedr\u00e1tica, quien ocupar\u00e1 el cargo de comisionada para el periodo 2020-2023, obtuvo 22 votos en la \u00faltima asamblea de la Organizaci\u00f3n de Estados Americanos. <\/p>\n","protected":false},"author":3,"featured_media":9333,"comment_status":"open","ping_status":"open","sticky":false,"template":"","format":"standard","meta":{"_monsterinsights_skip_tracking":false,"footnotes":""},"categories":[690,56],"tags":[],"class_list":["post-9332","post","type-post","status-publish","format-standard","has-post-thumbnail","category-690","category-redes"],"_links":{"self":[{"href":"https:\/\/redsemlac.com\/semmexico\/wp-json\/wp\/v2\/posts\/9332","targetHints":{"allow":["GET"]}}],"collection":[{"href":"https:\/\/redsemlac.com\/semmexico\/wp-json\/wp\/v2\/posts"}],"about":[{"href":"https:\/\/redsemlac.com\/semmexico\/wp-json\/wp\/v2\/types\/post"}],"author":[{"embeddable":true,"href":"https:\/\/redsemlac.com\/semmexico\/wp-json\/wp\/v2\/users\/3"}],"replies":[{"embeddable":true,"href":"https:\/\/redsemlac.com\/semmexico\/wp-json\/wp\/v2\/comments?post=9332"}],"version-history":[{"count":0,"href":"https:\/\/redsemlac.com\/semmexico\/wp-json\/wp\/v2\/posts\/9332\/revisions"}],"wp:featuredmedia":[{"embeddable":true,"href":"https:\/\/redsemlac.com\/semmexico\/wp-json\/wp\/v2\/media\/9333"}],"wp:attachment":[{"href":"https:\/\/redsemlac.com\/semmexico\/wp-json\/wp\/v2\/media?parent=9332"}],"wp:term":[{"taxonomy":"category","embeddable":true,"href":"https:\/\/redsemlac.com\/semmexico\/wp-json\/wp\/v2\/categories?post=9332"},{"taxonomy":"post_tag","embeddable":true,"href":"https:\/\/redsemlac.com\/semmexico\/wp-json\/wp\/v2\/tags?post=9332"}],"curies":[{"name":"wp","href":"https:\/\/api.w.org\/{rel}","templated":true}]}}