{"id":93319,"date":"2025-03-07T11:34:32","date_gmt":"2025-03-07T17:34:32","guid":{"rendered":"https:\/\/redsemlac.com\/semmexico\/?p=93319"},"modified":"2025-03-07T11:34:33","modified_gmt":"2025-03-07T17:34:33","slug":"rumbo-al-8-de-marzo-las-mujeres-representamos-mas-de-la-mitad-de-la-poblacion-en-mexico-pero-seguimos-siendo-minoria-en-la-toma-de-decisiones","status":"publish","type":"post","link":"https:\/\/redsemlac.com\/semmexico\/rumbo-al-8-de-marzo-las-mujeres-representamos-mas-de-la-mitad-de-la-poblacion-en-mexico-pero-seguimos-siendo-minoria-en-la-toma-de-decisiones\/","title":{"rendered":"Rumbo al 8 de Marzo: Las mujeres representamos m\u00e1s de la mitad de la poblaci\u00f3n en M\u00e9xico, pero seguimos siendo minor\u00eda en la toma de decisiones."},"content":{"rendered":"\n<p class=\"wp-block-paragraph\"><a href=\"https:\/\/x.com\/MexicoComoVamos\/status\/1897354270527098980\/photo\/1\"><\/a><\/p>\n\n\n\n<p class=\"wp-block-paragraph\">S\u00ed, hay avances: m\u00e1s mujeres han llegado al Congreso y a las gubernaturas, pero la brecha persiste en muchos otros espacios de representaci\u00f3n y liderazgo.<\/p>\n\n\n\n<p class=\"wp-block-paragraph\"><strong>La data es clara <\/strong>\ud83c\udfdb Solo el 23% de las alcald\u00edas en M\u00e9xico est\u00e1n lideradas por mujeres.\ud83c\udfe2 En las empresas, 1 de cada 4 consejos de administraci\u00f3n est\u00e1 compuesto exclusivamente por hombres.<\/p>\n\n\n\n<p class=\"wp-block-paragraph\">M\u00e9xico: \u00bfC\u00f3mo vamos?<\/p>\n\n\n\n<p class=\"wp-block-paragraph\">SemM\u00e9xico, Cd. de M\u00e9xico, 7 de marzo, 2025.- A nivel estructural, la falta de representaci\u00f3n en puestos s de poder agrava las desigualdades a las que se enfrentan las mujeres. Rumbo al <a href=\"https:\/\/x.com\/hashtag\/8M?src=hashtag_click\">#8M<\/a> hablemos de representaci\u00f3n: sin nosotras en la toma de decisiones, la econom\u00eda seguir\u00e1 sin incluirnos.<\/p>\n\n\n\n<p class=\"wp-block-paragraph\">Las mujeres representamos m\u00e1s de la mitad de la poblaci\u00f3n en M\u00e9xico, pero seguimos siendo minor\u00eda en la toma de decisiones. S\u00ed, hay avances: m\u00e1s mujeres han llegado al Congreso y a las gubernaturas, pero la brecha persiste en muchos otros espacios de representaci\u00f3n y liderazgo.<\/p>\n\n\n\n<p class=\"wp-block-paragraph\"><a href=\"https:\/\/x.com\/MexicoComoVamos\/status\/1897354285504958710\/photo\/1\"><\/a><\/p>\n\n\n\n<figure class=\"wp-block-image size-full\"><a href=\"https:\/\/redsemlac.com\/semmexico\/wp-content\/uploads\/2025\/03\/rumbo-8m-02.jpg\"><img loading=\"lazy\" decoding=\"async\" width=\"680\" height=\"356\" src=\"https:\/\/redsemlac.com\/semmexico\/wp-content\/uploads\/2025\/03\/rumbo-8m-02.jpg\" alt=\"\" class=\"wp-image-93321\" srcset=\"https:\/\/redsemlac.com\/semmexico\/wp-content\/uploads\/2025\/03\/rumbo-8m-02.jpg 680w, https:\/\/redsemlac.com\/semmexico\/wp-content\/uploads\/2025\/03\/rumbo-8m-02-300x157.jpg 300w, https:\/\/redsemlac.com\/semmexico\/wp-content\/uploads\/2025\/03\/rumbo-8m-02-150x79.jpg 150w\" sizes=\"auto, (max-width: 680px) 100vw, 680px\" \/><\/a><\/figure>\n\n\n\n<p class=\"wp-block-paragraph\"><a href=\"https:\/\/x.com\/MexicoComoVamos\/status\/1897354285504958710\/photo\/1\"><\/a><\/p>\n\n\n\n<p class=\"wp-block-paragraph\">Solo el 23% de las alcald\u00edas en M\u00e9xico est\u00e1n lideradas por mujeres. En las empresas, 1 de cada 4 consejos de administraci\u00f3n est\u00e1 compuesto exclusivamente por hombres. &nbsp; <a href=\"https:\/\/x.com\/hashtag\/8M?src=hashtag_click\">#8M<\/a><\/p>\n\n\n\n<p class=\"wp-block-paragraph\"><a href=\"https:\/\/x.com\/MexicoComoVamos\/status\/1897354303116910621\/photo\/1\"><\/a><\/p>\n\n\n\n<p class=\"wp-block-paragraph\"><a href=\"https:\/\/x.com\/MexicoComoVamos\/status\/1897354303116910621\/photo\/1\"><\/a>No basta con hablar de esto cada 8 de marzo, la representaci\u00f3n de las mujeres debe ser parte de la &nbsp;agenda permanente. La pol\u00edtica, el sector privado y la econom\u00eda mexicana necesitan voces diversas que reflejen las realidades de todas. <a href=\"https:\/\/x.com\/hashtag\/8M?src=hashtag_click\">#8M<\/a>.<\/p>\n\n\n\n<p class=\"wp-block-paragraph\"><a href=\"https:\/\/x.com\/MexicoComoVamos\/status\/1897354318333849725\/photo\/1\"><\/a><\/p>\n\n\n\n<figure class=\"wp-block-image size-full\"><a href=\"https:\/\/redsemlac.com\/semmexico\/wp-content\/uploads\/2025\/03\/rumbo-8m-03.jpg\"><img loading=\"lazy\" decoding=\"async\" width=\"679\" height=\"355\" src=\"https:\/\/redsemlac.com\/semmexico\/wp-content\/uploads\/2025\/03\/rumbo-8m-03.jpg\" alt=\"\" class=\"wp-image-93322\" srcset=\"https:\/\/redsemlac.com\/semmexico\/wp-content\/uploads\/2025\/03\/rumbo-8m-03.jpg 679w, https:\/\/redsemlac.com\/semmexico\/wp-content\/uploads\/2025\/03\/rumbo-8m-03-300x157.jpg 300w, https:\/\/redsemlac.com\/semmexico\/wp-content\/uploads\/2025\/03\/rumbo-8m-03-150x78.jpg 150w\" sizes=\"auto, (max-width: 679px) 100vw, 679px\" \/><\/a><\/figure>\n\n\n\n<p class=\"wp-block-paragraph\"><a href=\"https:\/\/x.com\/MexicoComoVamos\/status\/1897354318333849725\/photo\/1\"><\/a><\/p>\n","protected":false},"excerpt":{"rendered":"<p>S\u00ed, hay avances: m\u00e1s mujeres han llegado al Congreso y a las gubernaturas, pero la brecha persiste en muchos otros espacios de representaci\u00f3n y liderazgo. La data es clara \ud83c\udfdb Solo el 23% de las alcald\u00edas en M\u00e9xico est\u00e1n lideradas por mujeres.\ud83c\udfe2 En las empresas, 1 de cada 4 consejos de administraci\u00f3n est\u00e1 compuesto exclusivamente [&hellip;]<\/p>\n","protected":false},"author":3,"featured_media":93320,"comment_status":"open","ping_status":"open","sticky":false,"template":"","format":"standard","meta":{"_monsterinsights_skip_tracking":false,"footnotes":""},"categories":[694],"tags":[],"class_list":["post-93319","post","type-post","status-publish","format-standard","has-post-thumbnail","category-destacadas"],"_links":{"self":[{"href":"https:\/\/redsemlac.com\/semmexico\/wp-json\/wp\/v2\/posts\/93319","targetHints":{"allow":["GET"]}}],"collection":[{"href":"https:\/\/redsemlac.com\/semmexico\/wp-json\/wp\/v2\/posts"}],"about":[{"href":"https:\/\/redsemlac.com\/semmexico\/wp-json\/wp\/v2\/types\/post"}],"author":[{"embeddable":true,"href":"https:\/\/redsemlac.com\/semmexico\/wp-json\/wp\/v2\/users\/3"}],"replies":[{"embeddable":true,"href":"https:\/\/redsemlac.com\/semmexico\/wp-json\/wp\/v2\/comments?post=93319"}],"version-history":[{"count":0,"href":"https:\/\/redsemlac.com\/semmexico\/wp-json\/wp\/v2\/posts\/93319\/revisions"}],"wp:featuredmedia":[{"embeddable":true,"href":"https:\/\/redsemlac.com\/semmexico\/wp-json\/wp\/v2\/media\/93320"}],"wp:attachment":[{"href":"https:\/\/redsemlac.com\/semmexico\/wp-json\/wp\/v2\/media?parent=93319"}],"wp:term":[{"taxonomy":"category","embeddable":true,"href":"https:\/\/redsemlac.com\/semmexico\/wp-json\/wp\/v2\/categories?post=93319"},{"taxonomy":"post_tag","embeddable":true,"href":"https:\/\/redsemlac.com\/semmexico\/wp-json\/wp\/v2\/tags?post=93319"}],"curies":[{"name":"wp","href":"https:\/\/api.w.org\/{rel}","templated":true}]}}