{"id":93250,"date":"2025-03-05T08:39:17","date_gmt":"2025-03-05T14:39:17","guid":{"rendered":"https:\/\/redsemlac.com\/semmexico\/?p=93250"},"modified":"2025-03-05T08:44:14","modified_gmt":"2025-03-05T14:44:14","slug":"mexico-debe-incorporar-a-18-6-millones-de-mujeres-en-10-anos-para-aumentar-6-9-bdp-al-pib-imposible-mientras-no-haya-un-sistema-nacional-de-cuidados","status":"publish","type":"post","link":"https:\/\/redsemlac.com\/semmexico\/mexico-debe-incorporar-a-18-6-millones-de-mujeres-en-10-anos-para-aumentar-6-9-bdp-al-pib-imposible-mientras-no-haya-un-sistema-nacional-de-cuidados\/","title":{"rendered":"M\u00e9xico debe incorporar a 18.6 millones de mujeres en 10 a\u00f1os para aumentar 6.9 bdp al PIB, imposible mientras no haya un Sistema Nacional de Cuidados"},"content":{"rendered":"\n<p class=\"wp-block-paragraph\"><strong><\/strong>Dise\u00f1o: Andrea Paredes @driu.paredes<\/p>\n\n\n\n<p class=\"wp-block-paragraph\">Un estudio del IMCO se\u00f1al\u00f3 que en los \u00faltimos 10 a\u00f1os la participaci\u00f3n econ\u00f3mica de las mujeres en el pa\u00eds pas\u00f3 de 43 a 46%, cifra debajo del 67% de los pa\u00edses de la OCDE<\/p>\n\n\n\n<p class=\"wp-block-paragraph\">La exclusi\u00f3n laboral en M\u00e9xico tiene rostro femenino: casi 20 millones de mujeres no trabajan por cuidados<\/p>\n\n\n\n<p class=\"wp-block-paragraph\">Redacci\u00f3n*<\/p>\n\n\n\n<p class=\"wp-block-paragraph\">SemM\u00e9xico, Cd. de M\u00e9xico,&nbsp; 5 de julio, 2025<strong>.- <\/strong>M\u00e9xico&nbsp;debe&nbsp;incorporar a 18.6 millones de&nbsp;mujeres&nbsp;a la&nbsp;actividad econ\u00f3mica&nbsp;en la pr\u00f3xima d\u00e9cada para&nbsp;aumentar 6.9 billones de pesos al PIB&nbsp;y alcanzar el&nbsp;nivel de participaci\u00f3n femenina promedio&nbsp;que mantiene hoy la Organizaci\u00f3n para la Cooperaci\u00f3n y el Desarrollo Econ\u00f3micos (OCDE). Imposible mientras no se ponga en funcionamiento una pol\u00edtica que favorezca su inclusi\u00f3n y tengan que hacer una doble jornada&nbsp; o simplemente quedar en casa o en la informalidad.<\/p>\n\n\n\n<p class=\"wp-block-paragraph\">De acuerdo con un an\u00e1lisis del&nbsp;<a href=\"https:\/\/imco.org.mx\/\">Instituto Mexicano para la Competitividad (IMCO)<\/a>, en los \u00faltimos 10 a\u00f1os la&nbsp;participaci\u00f3n econ\u00f3mica de las mujeres&nbsp;en el pa\u00eds&nbsp;pas\u00f3 de 43 a 46 por ciento, cifra que est\u00e1 por&nbsp;debajo del promedio&nbsp;de los pa\u00edses de la&nbsp;OCDE&nbsp;que es de&nbsp;67 por ciento.<\/p>\n\n\n\n<p class=\"wp-block-paragraph\">De no dise\u00f1ar estrategias oportunas para acelerar la incorporaci\u00f3n de m\u00e1s mujeres, a M\u00e9xico le tomar\u00eda&nbsp;56 a\u00f1os alcanzar la tasa de participaci\u00f3n econ\u00f3mica<strong>&nbsp;<\/strong>que hoy tienen estos pa\u00edses\u201d, dijo el organismo. Aparentemente el SNC ser\u00e1 gradual, y la iniciativa de reforma constitucional, simplemente se elimin\u00f3 del proyecto del Congreso desde finales de 2024.<\/p>\n\n\n\n<p class=\"wp-block-paragraph\">Mientras la investigaci\u00f3n de Animal Pol\u00edtico revela que las mujeres viven&nbsp; exclusi\u00f3n laboral&nbsp; y que casi&nbsp; 20 millones de mujeres no trabajan por tener que dedicarse a los&nbsp; cuidados y documenta que el costo de que las mujeres no participen en el mercado laboral ni estudien por tareas dom\u00e9sticas se estima en m\u00e1s de 76 mil millones de pesos al a\u00f1o.&nbsp;<\/p>\n\n\n\n<p class=\"wp-block-paragraph\">El embarazo adolescente marca, con frecuencia, un destino que m\u00e1s tarde se expresa en una brecha salarial que no se cierra dice el IMCO y se\u00f1ala&nbsp; que al capital de le urgen m\u00e1s mujeres. Pero no se ve para cuando se pueda lograr el Sistema Nacional de Cuidados.<\/p>\n\n\n\n<p class=\"wp-block-paragraph\">Como aspirante a la presidencia,&nbsp;Claudia Sheinbaum&nbsp;prometi\u00f3 crear ese sistema que tom\u00f3 como&nbsp; compromiso y&nbsp; refrend\u00f3 tras ganar la elecci\u00f3n. Este 3 de febrero&nbsp; la&nbsp;secretaria de las Mujeres, Citlalli Hern\u00e1ndez, reconoci\u00f3&nbsp; que concretarlo en este sexenio no ser\u00e1 sencillo: \u201centendemos que no hay presupuesto, que no hay infraestructura y pol\u00edtica p\u00fablica que alcancen\u201d. Por lo que cobra relevancia el estudio del IMCO.<\/p>\n\n\n\n<p class=\"wp-block-paragraph\">Ante ese reto, tendr\u00e1 que ser \u201cun sistema nacional y progresivo de cuidados, que justamente marca un horizonte de hacia d\u00f3nde queremos llegar y c\u00f3mo; durante este sexenio queremos avanzar lo m\u00e1s que se pueda hacia ello\u201d, agreg\u00f3 la secretaria de Las Mujeres.<\/p>\n\n\n\n<p class=\"wp-block-paragraph\"><strong>IMCO<\/strong><\/p>\n\n\n\n<p class=\"wp-block-paragraph\">El estudio M\u00e1s mujeres, mayor crecimiento&nbsp;indica que&nbsp;M\u00e9xico se est\u00e1 alejando&nbsp;cada vez m\u00e1s de la tendencia internacional de&nbsp;reducir la brecha de g\u00e9nero&nbsp;en el&nbsp;mercado laboral.<\/p>\n\n\n\n<p class=\"wp-block-paragraph\">Datos de la propia&nbsp;OCDE&nbsp;se\u00f1alan que, en promedio, el incremento de la participaci\u00f3n econ\u00f3mica de las mujeres impuls\u00f3 un&nbsp;crecimiento anual del PIB per c\u00e1pita&nbsp;en las principales econom\u00edas del mundo de&nbsp;0.37 puntos porcentuales&nbsp;en lo que va de este siglo, mientras que&nbsp;los hombres contribuyeron con menos de la mitad&nbsp;de esta proporci\u00f3n (0.14 puntos porcentuales).<\/p>\n\n\n\n<p class=\"wp-block-paragraph\">En ese sentido, el&nbsp;IMCO&nbsp;destac\u00f3 que aquellos pa\u00edses con las&nbsp;tasas m\u00e1s bajas de participaci\u00f3n econ\u00f3mica de las mujeres, como son M\u00e9xico, Italia y Turqu\u00eda, son los que tienen&nbsp;mayor potencial de crecimiento econ\u00f3mico.<\/p>\n\n\n\n<p class=\"wp-block-paragraph\">\u201cSi el pa\u00eds opta por acelerar la inclusi\u00f3n de m\u00e1s mujeres,&nbsp;en 2035 el PIB podr\u00eda ser 3.7 por ciento mayor&nbsp;en comparaci\u00f3n con el escenario base. Adem\u00e1s, el&nbsp;valor econ\u00f3mico del trabajo de las mujeres&nbsp;aumentar\u00eda 35 por ciento, pasando&nbsp;de tres billones de pesos a 4.1 billones de pesos\u201d, dijo el organismo.<\/p>\n\n\n\n<p class=\"wp-block-paragraph\"><strong>La exclusi\u00f3n laboral en M\u00e9xico tiene rostro femenino: casi 20 millones de mujeres no trabajan por cuidados<\/strong><\/p>\n\n\n\n<p class=\"wp-block-paragraph\">El costo de que las mujeres no participen en el mercado laboral ni estudien por tareas de cuidado se estima en m\u00e1s de 76 mil millones de pesos al a\u00f1o. El embarazo adolescente marca, con frecuencia, un destino que m\u00e1s tarde se expresa en una brecha salarial que no se cierra.<\/p>\n\n\n\n<figure class=\"wp-block-image\"><img decoding=\"async\" src=\"https:\/\/lh7-rt.googleusercontent.com\/docsz\/AD_4nXfNq-8INaJOkF3-zxMdzpkBPok1emIQzwCjrCkg09GCrwyGIX_XgmRwP_vm1LMG1Da3zbiDGGtL75vtZBNWW7YNWCIGr8_CGY5yhlvxXhTPDpt4YAx9S8Xyj47tyIJcL2fch26kUmVHCUhIsvC_pUQ?key=OAQrUDdVYBB_nCnjTcGmZSmn\" alt=\"Citlalli Hern\u00e1ndez reconoce retos para un Sistema Nacional de Cuidados\"\/><\/figure>\n\n\n\n<p class=\"wp-block-paragraph\"><a href=\"https:\/\/animalpolitico.com\/sociedad\/sistema-nacional-cuidados-retos-citlalli-hernandez\"><\/a><\/p>\n\n\n\n<p class=\"wp-block-paragraph\">Fernanda tiene 21 a\u00f1os. Vive en un peque\u00f1o cuarto, dividido en dos habitaciones, al sur de la Ciudad de M\u00e9xico, en La Malinche, alcald\u00eda&nbsp;Magdalena Contreras. La cocina y el ba\u00f1o, que est\u00e1n afuera, son compartidos. Ah\u00ed cohabitan sus hijas, su pareja y ella. No siempre ha vivido ah\u00ed. La casa de sus pap\u00e1s est\u00e1 en Zumpango, Estado de M\u00e9xico. Ah\u00ed estudiaba una carrera t\u00e9cnica en Turismo. Cuando falleci\u00f3 su abuelita,&nbsp;dej\u00f3 provisionalmente sus estudios y empez\u00f3 a trabajar.<\/p>\n\n\n\n<p class=\"wp-block-paragraph\">En aquel momento, a los 17 a\u00f1os de edad, ten\u00eda un noviazgo de tres a\u00f1os y descubri\u00f3 que estaba embarazada. Aunque cuando naci\u00f3 su primera hija, Dani, intent\u00f3 seguir trabajando durante unos meses en un almac\u00e9n en Cuautitl\u00e1n, pronto se volvi\u00f3 muy complicado el transporte de un lado a otro y el tiempo perdido con su hija.<\/p>\n\n\n\n<p class=\"wp-block-paragraph\">\u201cDani iba a la&nbsp;guarder\u00eda del IMSS, pero ya despu\u00e9s se me complicaba ir y venir, era mucho trayecto y me empec\u00e9 a dar cuenta de que Dani no quer\u00eda estar conmigo, que prefer\u00eda estar con mi mam\u00e1, me hac\u00eda a un lado y sent\u00eda feo. S\u00ed se siente cuando vas a trabajar. Yo me paraba a las 4 de la ma\u00f1ana y llegaba a las 8, 9 a mi casa\u201d, relata Fernanda.<\/p>\n\n\n\n<p class=\"wp-block-paragraph\">La joven se perd\u00eda de mucho. En esa temporada estaba separada del pap\u00e1 de la ni\u00f1a y asum\u00eda todos los gastos. Adem\u00e1s, se esforzaba por llevarla a un pediatra privado. Cuando Dani cumpli\u00f3 un a\u00f1o, Fernanda regres\u00f3 con su pareja. Entonces empez\u00f3 a vivir en Magdalena Contreras e incluso trabaj\u00f3 una temporada como auxiliar en un almac\u00e9n, pero todo volvi\u00f3 a complicarse. Al igual que sus estudios, pronto abandonar\u00eda el trabajo.&nbsp;<\/p>\n\n\n\n<p class=\"wp-block-paragraph\">\u201cAqu\u00ed no es como que tuviera una red de apoyo, como con mis pap\u00e1s. No hab\u00eda mucha opci\u00f3n. Ten\u00eda que yo ir a dejarla a la guarder\u00eda, regresar, venirnos caminando porque luego no hab\u00eda transporte y ya era tarde, o estar ah\u00ed esperando\u201d, cuenta. Dani prefer\u00eda irse con su abuela, pero su mam\u00e1 estaba convencida de que su lugar era con ella. Despu\u00e9s de su segundo embarazo, ya no pudo regresar a trabajar.<\/p>\n\n\n\n<p class=\"wp-block-paragraph\">Como ella, para el tercer trimestre de 2024 hab\u00eda&nbsp;21 millones 226 mil personas en M\u00e9xico que reportaron no trabajar por dedicarse a labores del hogar, de las cuales&nbsp;93% son mujeres, lo que equivale a 19 millones 657 mil,&nbsp;seg\u00fan la Encuesta Nacional de Ocupaci\u00f3n y Empleo (ENOE).<\/p>\n\n\n\n<p class=\"wp-block-paragraph\">Otro mill\u00f3n y medio de personas, de las cuales&nbsp;96% son mujeres, se\u00f1alaron que la raz\u00f3n por la que no trabajan es porque no tienen quien cuide a sus hijos, ancianos o enfermos, mientras que 58 mil 698 no tienen empleo por estar embarazadas y 115 mil 858 porque no las deja un familiar.<\/p>\n\n\n\n<p class=\"wp-block-paragraph\">En el caso de personas j\u00f3venes, es decir, aquellas que tienen 29 a\u00f1os o menos, 394 mil 356 no trabajan por dedicarse a quehaceres del hogar; 507 mil 457 no lo hacen por cuidar hijos, ancianos o enfermos, y 43 mil 632 por estar embarazadas.<\/p>\n\n\n\n<p class=\"wp-block-paragraph\">Adem\u00e1s, la&nbsp;Alianza J\u00f3venes con Trabajo Digno, una red multisectorial de 70 organizaciones que promueven la capacitaci\u00f3n y empleabilidad de j\u00f3venes en M\u00e9xico, estima que en M\u00e9xico hay 4.1 millones de j\u00f3venes que no estudian ni trabajan. De estos, 3.3 millones, en su gran mayor\u00eda mujeres, no buscan empleo porque est\u00e1n dedicadas a labores dom\u00e9sticas o de cuidados.<\/p>\n\n\n\n<p class=\"wp-block-paragraph\">\u201cLas mujeres son quienes est\u00e1n fuera de la escuela y el trabajo principalmente\u201d, apunta Esteban \u00c1lvarez, coordinador de la Alianza J\u00f3venes con Trabajo Digno. \u201cLa mayor\u00eda de las personas en exclusi\u00f3n, que no estudian y que no trabajan, son mujeres. Estamos hablando de que&nbsp;7 de cada 10 j\u00f3venes que no estudian ni trabajan son mujeres, entonces la exclusi\u00f3n laboral en M\u00e9xico tiene un rostro femenino, y eso es muy importante para reconocer\u201d, a\u00f1ade.&nbsp;<\/p>\n\n\n\n<p class=\"wp-block-paragraph\">El trasfondo \u2013contin\u00faa\u2013, es decir, las barreras estructurales que enfrentan espec\u00edficamente las mujeres, es la carga desproporcionada de labores dom\u00e9sticas y de cuidados no remuneradas, que a su vez limita su acceso al mercado laboral, porque en general est\u00e1n ocupadas cuidando infancias, personas de la tercera edad o cualquier otra que requiera cuidados.<\/p>\n\n\n\n<p class=\"wp-block-paragraph\"><strong>El rostro femenino de la marginaci\u00f3n laboral: una brecha que no se cierra en m\u00e1s de 20 a\u00f1os<\/strong><\/p>\n\n\n\n<p class=\"wp-block-paragraph\">Organizaciones y especialistas coinciden en que el impacto m\u00e1s evidente de las diversas capas de marginaci\u00f3n que enfrentan las<strong>&nbsp;mujeres j\u00f3venes que abandonan estudios y trabajo<\/strong>, o terminan aceptando condiciones precarias e informales para laborar, es la brecha salarial que m\u00e1s tarde enfrentan y est\u00e1 lejos de cerrarse.<\/p>\n\n\n\n<p class=\"wp-block-paragraph\">Las brechas de g\u00e9nero que persisten en el mercado laboral, de acuerdo con el&nbsp;<strong>Instituto Mexicano para la Competitividad<\/strong>&nbsp;(IMCO), se han mantenido muy similares en los \u00faltimos 20 a\u00f1os. La mejor\u00eda es m\u00ednima. Por ejemplo, la participaci\u00f3n econ\u00f3mica de las mujeres, es decir, el porcentaje que tiene empleo o busca uno, se mantiene en un 46%. Hace 20 a\u00f1os, era de entre 40 y 41%.<\/p>\n\n\n\n<p class=\"wp-block-paragraph\">En tanto,&nbsp;la brecha salarial es de 14%: por cada 100 pesos que percibe un hombre, una mujer recibe 86; un avance de solo cinco puntos porcentuales, comparado con 20 a\u00f1os atr\u00e1s, cuando rondaba el 19%. Aunado a ello, 55% de las mujeres tienen un empleo informal, sin acceso a seguridad social o prestaciones, subraya Fernanda Garc\u00eda, directora de Sociedad Incluyente del IMCO.&nbsp;<\/p>\n\n\n\n<p class=\"wp-block-paragraph\">Las mujeres que trabajan en esas condiciones suelen ganar la mitad de lo que perciben las que tienen un empleo formal, remarca. Los avances no han ocurrido al ritmo esperado ni han sido significativos para un cambio en el crecimiento y desarrollo del pa\u00eds. Un factor fundamental es su papel como cuidadoras, pues 9 de cada 10 personas que dejan el mercado laboral por razones de cuidado son mujeres, seg\u00fan la<strong>&nbsp;Encuesta Nacional para el Sistema de Cuidados (ENASIC).<\/strong><\/p>\n\n\n\n<p class=\"wp-block-paragraph\">\u201cLa&nbsp;<a href=\"https:\/\/animalpolitico.com\/analisis\/organizaciones\/punto-gire\/dimensiones-derecho-cuidado\">carga de cuidados sigue recayendo principalmente en las mujere<\/a>s y es una barrera para que ellas no solamente entren en el mercado laboral, sino que puedan permanecer y crecer dentro.&nbsp;M\u00e9xico tiene una red de cuidados principalmente familiar; necesitamos transitar, avanzar, a un sistema de cuidados que sea corresponsabilidad de los hogares entre hombres y mujeres, pero tambi\u00e9n de las empresas y el Estado. Ah\u00ed es donde falta mucho por hacer\u201d, reclama Garc\u00eda.&nbsp;<\/p>\n\n\n\n<p class=\"wp-block-paragraph\">De acuerdo con los an\u00e1lisis del IMCO, en M\u00e9xico 7 de cada 10 mujeres que participan en el mercado laboral son madres. Su nivel de ingresos se ve afectado a mayor n\u00famero de hijos. De por s\u00ed persiste una brecha entre madres y mujeres que no tienen hijos, pero a mayor n\u00famero de hijos, peores son las condiciones laborales y la brecha. Esta desigualdad comienza a notarse desde que las mujeres tienen dos hijos, se acent\u00faa con tres, crece a\u00fan m\u00e1s con cuatro y finalmente, el ingreso promedio mensual de una mujer sin hijos es pr\u00e1cticamente el doble que el de una mujer que tiene 5 o m\u00e1s.&nbsp;<\/p>\n\n\n\n<p class=\"wp-block-paragraph\">Los impactos se reflejan, al mismo tiempo, en&nbsp;el<strong>&nbsp;<\/strong>tipo de trabajo que desempe\u00f1an las mujeres&nbsp;que, de acuerdo con la ENOE, est\u00e1 concentrado en ocupaciones como ventas por cat\u00e1logo (96%), quehaceres dom\u00e9sticos (95%), cuidados (93%), enfermer\u00eda (83%) y puestos de secretaria (81%).<\/p>\n\n\n\n<p class=\"wp-block-paragraph\">Si bien la poblaci\u00f3n joven es bastante heterog\u00e9nea \u2013menciona \u00c1lvarez, el coordinador de la Alianza J\u00f3venes con Trabajo Digno\u2013 y es dif\u00edcil clasificar sus caracter\u00edsticas principales, la mayor\u00eda de personas que no est\u00e1n disponibles para el empleo, es decir, que no lo tienen ni est\u00e1n en posibilidad de buscarlo, son mujeres.<\/p>\n\n\n\n<p class=\"wp-block-paragraph\">Por lo tanto, es indispensable atender las necesidades de ellas y promover su inclusi\u00f3n econ\u00f3mica al mercado laboral formal. En mayo de este a\u00f1o, la alianza entreg\u00f3 un documento a tomadores de decisi\u00f3n con dos propuestas centrales al respecto: el&nbsp; SNC&nbsp;para promover la empleabilidad de las j\u00f3venes mujeres, as\u00ed como contar con una verdadera perspectiva de g\u00e9nero en el programa J\u00f3venes Construyendo el Futuro.&nbsp;<\/p>\n\n\n\n<p class=\"wp-block-paragraph\">\u201cEl Sistema Nacional de Cuidados no es una agenda ni nueva ni sencilla. Ha habido mujeres feministas que lo han impulsado desde los a\u00f1os 70, y ha sido una lucha muy importante. Es un reconocimiento que desde la Alianza hacemos, y sabemos que es una agenda que nos toca acompa\u00f1ar para asegurar que la perspectiva de las mujeres j\u00f3venes que no estudian ni trabajan se vea reflejada\u201d, puntualiza. Para ello son necesarios componentes de infraestructura, presupuesto y coordinaci\u00f3n intersecretarial.<\/p>\n\n\n\n<p class=\"wp-block-paragraph\"><strong>Madres j\u00f3venes y adolescentes, en el origen de la falta de oportunidades<\/strong><\/p>\n\n\n\n<p class=\"wp-block-paragraph\">La problem\u00e1tica de las j\u00f3venes que abandonan o no tienen acceso al \u00e1mbito escolar y laboral puede rastrearse hasta los embarazos tempranos que muchas de ellas experimentan, y que genera costos para su desarrollo social y econ\u00f3mico, pues a la larga encuentran m\u00e1s dificultades para su inserci\u00f3n en el mercado de trabajo o se mantienen en condiciones precarias.<\/p>\n\n\n\n<p class=\"wp-block-paragraph\">Para 2023, en M\u00e9xico se estim\u00f3 que la tasa espec\u00edfica de&nbsp;fecundidad en adolescentes de 15 a 19 a\u00f1os fue de 50.62 nacimientos por cada mil,&nbsp;de acuerdo con datos de la Encuesta Nacional de Din\u00e1mica Demogr\u00e1fica (ENADID), un resultado 30% menor al que se tuvo en el quinquenio 2013-2017, cuando se estim\u00f3 en 72.21 por cada mil.<\/p>\n\n\n\n<p class=\"wp-block-paragraph\">De acuerdo con un estudio sobre embarazos tempranos en M\u00e9xico, publicado en 2020 por el Fondo de Poblaci\u00f3n de las Naciones Unidas (UNFPA por sus siglas en ingl\u00e9s),&nbsp;la tasa de inactividad laboral en el caso de madres adolescentes es 3.64% mayor que la de mujeres que tuvieron hijos en edad adulta, con una tendencia 10.18% mayor al desempleo.<\/p>\n\n\n\n<p class=\"wp-block-paragraph\">Pese a que le habr\u00eda gustado, Fernanda no ha podido retomar sus estudios ni ingresar a un trabajo formal. Sus d\u00edas est\u00e1n destinados por completo al cuidado de sus hijas, desde las 6:30 de la ma\u00f1ana que se levanta a preparar el desayuno, ba\u00f1arlas y alistar el uniforme. Lo hace con m\u00e1s tranquilidad que cuando le falt\u00f3 apoyo emocional y no sab\u00eda d\u00f3nde buscarlo. Haber sido una mam\u00e1 joven, reconoce, no fue f\u00e1cil.&nbsp;&nbsp;&nbsp;<\/p>\n\n\n\n<p class=\"wp-block-paragraph\">La&nbsp;Red Materno Infantil<strong>,<\/strong>&nbsp;a la que conoci\u00f3 en el hospital donde pari\u00f3, imparte talleres que se enfocan en las diversas implicaciones que tiene para las mujeres j\u00f3venes convertirse en madres a una edad temprana. Una de ellas, adem\u00e1s de las que impactan directamente su salud, es justamente la dificultad para acceder a trabajos formales o de calidad, apunta Alejandra Garrido, directora de la red, adem\u00e1s de no poder completar sus estudios, desde la educaci\u00f3n b\u00e1sica hasta la superior.&nbsp;&nbsp;<\/p>\n\n\n\n<p class=\"wp-block-paragraph\">Fernanda recuerda que su segundo embarazo fue m\u00e1s dif\u00edcil que el primero, porque no le dijo a nadie de su familia, pero en Mitch, la persona de la Red que la acompa\u00f1a, encontr\u00f3 la confianza para contarle a alguien. En aquel momento, su pareja estaba con otra persona, por lo que vivi\u00f3 sola todo el proceso. Hasta muy cerca del parto les dijo a sus pap\u00e1s, pero de nuevo, en los primeros meses de Cami se hizo cargo sola en medio de una depresi\u00f3n posparto.&nbsp;<\/p>\n\n\n\n<p class=\"wp-block-paragraph\">El UNFPA calcul\u00f3 que el&nbsp;costo de oportunidad por embarazos adolescentes y maternidades tempranas en M\u00e9xico equivale a&nbsp;76 mil millones de pesos&nbsp;al a\u00f1o, es decir, la p\u00e9rdida estimada de ingresos en mujeres por desempleo, adem\u00e1s del monto&nbsp;que el Estado deja de recaudar&nbsp;en impuestos por la disminuci\u00f3n de retribuciones salariales, lo que seg\u00fan c\u00e1lculos de la agencia de la ONU representa el 0.32% del Producto Interno Bruto (PIB) del pa\u00eds, presupuesto con el que se podr\u00eda construir y equipar 21 hospitales generales o 9 mil 600 escuelas por a\u00f1o.<\/p>\n\n\n\n<p class=\"wp-block-paragraph\">A ello se suman las consecuencias en la salud de las ni\u00f1as y adolescentes, ya que de acuerdo con la Organizaci\u00f3n Mundial de la Salud (OMS), las complicaciones durante el&nbsp;embarazo y el parto son la segunda causa de muerte entre las j\u00f3venes&nbsp;de 15 a 19 a\u00f1os en el mundo. En el caso de M\u00e9xico, para 2018 se estima que en la&nbsp;atenci\u00f3n m\u00e9dica de estas mujeres se invirtieron en promedio&nbsp;19 mil 509 pesos por parto.<\/p>\n\n\n\n<p class=\"wp-block-paragraph\"><strong>\u201cMe gustar\u00eda retomar\u201d: mujeres j\u00f3venes frente a oportunidades p\u00e9rdidas<\/strong><\/p>\n\n\n\n<p class=\"wp-block-paragraph\">Fernanda sabe que hoy cuenta con una red de apoyo que no tuvo antes, pero no resuelve de forma permanente el peso que ella carga sola. Su pareja generalmente no est\u00e1 en casa por su trabajo y capacitaciones. A sus 21 a\u00f1os, a veces piensa en retomar proyectos laborales o escolares, pero hoy mismo ser\u00eda imposible porque los tiempos no se ajustan.<\/p>\n\n\n\n<p class=\"wp-block-paragraph\">Adem\u00e1s, una de sus hijas, Dani, enfrenta complicaciones en el desarrollo del lenguaje, por lo que debe llevarla a terapia y supervisar su desempe\u00f1o. Aunque abandon\u00f3 sus estudios antes del \u00faltimo semestre de prepa, acab\u00f3 ese grado escolar m\u00e1s tarde mediante examen, pero la licenciatura se volvi\u00f3 imposible. Hoy toma algunos cursos de estimulaci\u00f3n con la Red Materno Infantil, una veta que le gustar\u00eda explorar profesionalmente m\u00e1s adelante.&nbsp;<\/p>\n\n\n\n<p class=\"wp-block-paragraph\">De acuerdo con el UNFPA, de las mujeres que tienen hijos en la adolescencia, el 26.6% termin\u00f3 \u00fanicamente la primaria, 62% lleg\u00f3 a la secundaria y s\u00f3lo el 6.68% contin\u00faan su trayectoria escolar, lo que implica un impacto negativo en su situaci\u00f3n socioecon\u00f3mica futura, as\u00ed como en la transmisi\u00f3n de logros relativos a la generaci\u00f3n siguiente.<\/p>\n\n\n\n<p class=\"wp-block-paragraph\">Para evitar que las mujeres j\u00f3venes abandonen sus estudios y permanezcan en la precariedad laboral \u2013principalmente por dedicarse a cuidados\u2013, existen iniciativas que se enfocan en abatir el embarazo adolescente, y otras en impulsar la posibilidad de emprender. Algunas mujeres logran, mediante ese tipo de apoyos, que su proyecto de vida no quede rezagado.<\/p>\n\n\n\n<p class=\"wp-block-paragraph\">\u201cSiempre fui una persona que antes de quedar embarazada dec\u00eda \u2018me gustar\u00eda viajar, conocer ciertos lugares\u2019. Gracias a mi t\u00edo, que es licenciado en Turismo, me llev\u00f3 una que otra vez a viajar con \u00e9l; me gustaba mi carrera, me gustaba mucho lo que hac\u00eda, interactuar con la gente, conocer nuevas culturas, entonces s\u00ed ser\u00eda algo que me gustar\u00eda retomar. Mi enfoque ahorita son las ni\u00f1as, con dos est\u00e1 bien, y luego estudiar, retomar, volver a hacer lo que alg\u00fan d\u00eda quise\u201d, desea Fernanda.&nbsp;<\/p>\n\n\n\n<p class=\"wp-block-paragraph\">*Con informaci\u00f3n de <strong>Juan Luis Ramos ,<\/strong> <strong>Marcela Nochebuena y Er\u00e9ndira Aquino de El Sol de M\u00e9xico y Animal Pol\u00edtico<\/strong><br><\/p>\n","protected":false},"excerpt":{"rendered":"<p>Dise\u00f1o: Andrea Paredes @driu.paredes Un estudio del IMCO se\u00f1al\u00f3 que en los \u00faltimos 10 a\u00f1os la participaci\u00f3n econ\u00f3mica de las mujeres en el pa\u00eds pas\u00f3 de 43 a 46%, cifra debajo del 67% de los pa\u00edses de la OCDE La exclusi\u00f3n laboral en M\u00e9xico tiene rostro femenino: casi 20 millones de mujeres no trabajan por [&hellip;]<\/p>\n","protected":false},"author":3,"featured_media":93251,"comment_status":"open","ping_status":"open","sticky":false,"template":"","format":"standard","meta":{"_monsterinsights_skip_tracking":false,"footnotes":""},"categories":[694,702],"tags":[],"class_list":["post-93250","post","type-post","status-publish","format-standard","has-post-thumbnail","category-destacadas","category-economia"],"_links":{"self":[{"href":"https:\/\/redsemlac.com\/semmexico\/wp-json\/wp\/v2\/posts\/93250","targetHints":{"allow":["GET"]}}],"collection":[{"href":"https:\/\/redsemlac.com\/semmexico\/wp-json\/wp\/v2\/posts"}],"about":[{"href":"https:\/\/redsemlac.com\/semmexico\/wp-json\/wp\/v2\/types\/post"}],"author":[{"embeddable":true,"href":"https:\/\/redsemlac.com\/semmexico\/wp-json\/wp\/v2\/users\/3"}],"replies":[{"embeddable":true,"href":"https:\/\/redsemlac.com\/semmexico\/wp-json\/wp\/v2\/comments?post=93250"}],"version-history":[{"count":0,"href":"https:\/\/redsemlac.com\/semmexico\/wp-json\/wp\/v2\/posts\/93250\/revisions"}],"wp:featuredmedia":[{"embeddable":true,"href":"https:\/\/redsemlac.com\/semmexico\/wp-json\/wp\/v2\/media\/93251"}],"wp:attachment":[{"href":"https:\/\/redsemlac.com\/semmexico\/wp-json\/wp\/v2\/media?parent=93250"}],"wp:term":[{"taxonomy":"category","embeddable":true,"href":"https:\/\/redsemlac.com\/semmexico\/wp-json\/wp\/v2\/categories?post=93250"},{"taxonomy":"post_tag","embeddable":true,"href":"https:\/\/redsemlac.com\/semmexico\/wp-json\/wp\/v2\/tags?post=93250"}],"curies":[{"name":"wp","href":"https:\/\/api.w.org\/{rel}","templated":true}]}}