{"id":93244,"date":"2025-03-05T08:42:55","date_gmt":"2025-03-05T14:42:55","guid":{"rendered":"https:\/\/redsemlac.com\/semmexico\/?p=93244"},"modified":"2025-03-05T08:42:56","modified_gmt":"2025-03-05T14:42:56","slug":"anuncian-actividades-por-mes-de-la-mujer","status":"publish","type":"post","link":"https:\/\/redsemlac.com\/semmexico\/anuncian-actividades-por-mes-de-la-mujer\/","title":{"rendered":"Anuncian actividades por Mes de la Mujer"},"content":{"rendered":"\n<p class=\"wp-block-paragraph\"><\/p>\n\n\n\n<p class=\"wp-block-paragraph\"><\/p>\n\n\n\n<p class=\"wp-block-paragraph\"><strong>&nbsp;<\/strong>Mary Montijo<\/p>\n\n\n\n<p class=\"wp-block-paragraph\">SemM\u00e9xico\/Radio Sonora,\u00a0 Hermosillo, Sonora, 5 de marzo, 2025.- Sheila Hern\u00e1ndez Alcaraz, secretaria de las Mujeres del Gobierno del Estado de Sonora, adelant\u00f3 que durante marzo se realizar\u00e1n diversas actividades enfocadas en la capacitaci\u00f3n del sector p\u00fablico y privado, con el objetivo de reforzar los derechos de las mujeres.<\/p>\n\n\n\n<p class=\"wp-block-paragraph\">Sin precisar detalles, anunci\u00f3 que la Secretar\u00eda de las Mujeres pr\u00f3ximamente implementar\u00e1 un nuevo servicio para fortalecer el \u00e1rea jur\u00eddica.<\/p>\n\n\n\n<p class=\"wp-block-paragraph\">\u201cUna pista s\u00ed podr\u00edamos dar, actualmente la Secretar\u00eda tiene los servicios de atenci\u00f3n psicol\u00f3gica, de asesor\u00eda y acompa\u00f1amiento legal y gesti\u00f3n social y este nuevo servicio viene a fortalecer el \u00e1rea jur\u00eddica de la Secretar\u00eda de las Mujeres. Actualmente se dan asesor\u00edas y se les acompa\u00f1a a las usuarias, este va a ser un paso m\u00e1s para que las mujeres puedan fortalecer este importante derecho del acceso a una vida libre de violencia\u201d, detall\u00f3.<\/p>\n\n\n\n<p class=\"wp-block-paragraph\">Adem\u00e1s, inform\u00f3 que de 2024 a 2025 se han otorgado 16,946 atenciones psicol\u00f3gicas, 6,593 asesor\u00edas legales y 5,556 atenciones en gesti\u00f3n social.<\/p>\n\n\n\n<p class=\"wp-block-paragraph\"><\/p>\n","protected":false},"excerpt":{"rendered":"<p>&nbsp;Mary Montijo SemM\u00e9xico\/Radio Sonora,\u00a0 Hermosillo, Sonora, 5 de marzo, 2025.- Sheila Hern\u00e1ndez Alcaraz, secretaria de las Mujeres del Gobierno del Estado de Sonora, adelant\u00f3 que durante marzo se realizar\u00e1n diversas actividades enfocadas en la capacitaci\u00f3n del sector p\u00fablico y privado, con el objetivo de reforzar los derechos de las mujeres. Sin precisar detalles, anunci\u00f3 que [&hellip;]<\/p>\n","protected":false},"author":3,"featured_media":93256,"comment_status":"open","ping_status":"open","sticky":false,"template":"","format":"standard","meta":{"_monsterinsights_skip_tracking":false,"footnotes":""},"categories":[205,897],"tags":[],"class_list":["post-93244","post","type-post","status-publish","format-standard","has-post-thumbnail","category-8-de-marzo","category-especial"],"_links":{"self":[{"href":"https:\/\/redsemlac.com\/semmexico\/wp-json\/wp\/v2\/posts\/93244","targetHints":{"allow":["GET"]}}],"collection":[{"href":"https:\/\/redsemlac.com\/semmexico\/wp-json\/wp\/v2\/posts"}],"about":[{"href":"https:\/\/redsemlac.com\/semmexico\/wp-json\/wp\/v2\/types\/post"}],"author":[{"embeddable":true,"href":"https:\/\/redsemlac.com\/semmexico\/wp-json\/wp\/v2\/users\/3"}],"replies":[{"embeddable":true,"href":"https:\/\/redsemlac.com\/semmexico\/wp-json\/wp\/v2\/comments?post=93244"}],"version-history":[{"count":0,"href":"https:\/\/redsemlac.com\/semmexico\/wp-json\/wp\/v2\/posts\/93244\/revisions"}],"wp:featuredmedia":[{"embeddable":true,"href":"https:\/\/redsemlac.com\/semmexico\/wp-json\/wp\/v2\/media\/93256"}],"wp:attachment":[{"href":"https:\/\/redsemlac.com\/semmexico\/wp-json\/wp\/v2\/media?parent=93244"}],"wp:term":[{"taxonomy":"category","embeddable":true,"href":"https:\/\/redsemlac.com\/semmexico\/wp-json\/wp\/v2\/categories?post=93244"},{"taxonomy":"post_tag","embeddable":true,"href":"https:\/\/redsemlac.com\/semmexico\/wp-json\/wp\/v2\/tags?post=93244"}],"curies":[{"name":"wp","href":"https:\/\/api.w.org\/{rel}","templated":true}]}}