{"id":93214,"date":"2025-03-03T18:31:13","date_gmt":"2025-03-04T00:31:13","guid":{"rendered":"https:\/\/redsemlac.com\/semmexico\/?p=93214"},"modified":"2025-03-03T18:31:14","modified_gmt":"2025-03-04T00:31:14","slug":"mexico-se-pintara-de-morado-y-verde-este-8m","status":"publish","type":"post","link":"https:\/\/redsemlac.com\/semmexico\/mexico-se-pintara-de-morado-y-verde-este-8m\/","title":{"rendered":"M\u00e9xico se pintar\u00e1 de morado y verde este 8M"},"content":{"rendered":"\n<ul class=\"wp-block-list\">\n<li>Respeto a los derechos humanos consagrados en la Constituci\u00f3n<\/li>\n\n\n\n<li>La emblem\u00e1tica lucha y su historia<\/li>\n<\/ul>\n\n\n\n<p class=\"wp-block-paragraph\">Elda Montiel<\/p>\n\n\n\n<p class=\"wp-block-paragraph\">SemM\u00e9xico, Ciudad de M\u00e9xico, 3 de marzo, 2025.- Este 8 de marzo, habr\u00e1 marchas en todo el pa\u00eds para conmemorar el D\u00eda Internacional de la Mujer que le recuerda al mundo la lucha de las mujeres por la igualdad sustantiva, el derecho a decidir y la exigencia de justicia para detener la violencia feminicida que aumenta conforme aumentan sus conquistas.<\/p>\n\n\n\n<p class=\"wp-block-paragraph\">Aunque no es una regla, las marchas se pintar\u00e1n de morado o verde, es decir las mujeres marchar\u00e1n con pa\u00f1oletas o vestir\u00e1n camisetas de color morado que se considera es el primer color usado por la lucha feminista por la equidad, salarios justos y jornadas humanas. De acuerdo con algunas teor\u00edas, supuestamente la mezcla de los colores azul y rosa, dan un violeta y simbolizan la&nbsp;igualdad de g\u00e9nero, seg\u00fan registra Yeselin Trejo periodista mexicana en el Diario As M\u00e9xico.<\/p>\n\n\n\n<p class=\"wp-block-paragraph\">Otra teor\u00eda se\u00f1ala que, tras el fallecimiento de m\u00e1s de cien mujeres al interior de una f\u00e1brica en Nueva York,&nbsp;las trabajadoras estaban confeccionando camisas de hombres y algunas otras prendas que eran de color lila.<\/p>\n\n\n\n<p class=\"wp-block-paragraph\">Por otra parte, en el siglo XX&nbsp;las sufragistas inglesas&nbsp;utilizaron el&nbsp;color morado, as\u00ed como el&nbsp;blanco y verde para reinvindicar sus acciones,&nbsp;adem\u00e1s cuenta la historia que en la d\u00e9cada de&nbsp;los 60\u00b4s las mujeres socialistas&nbsp;que se unieron para levantar la voz utilizaron el color violeta como s\u00edmbolo de igualdad.<\/p>\n\n\n\n<p class=\"wp-block-paragraph\">La&nbsp;activista inglesa Emmeline Pethick,&nbsp;se\u00f1al\u00f3 que&nbsp;este color simboliza la conciencia, lucha, libertad y dignidad;&nbsp;\u201cel violeta, color de los soberanos, simboliza la sangre real que corre por las venas de cada luchadora por el derecho al voto, simboliza su conciencia de la libertad y la dignidad. El blanco simboliza la honradez en la vida privada y en la vida pol\u00edtica. Y el verde simboliza la esperanza en un nuevo comienzo<em>\u201d<\/em>.<\/p>\n\n\n\n<p class=\"wp-block-paragraph\">Pero el verde que tambi\u00e9n suele predominar se atribuye a las feministas argentinas en el 2021 por su lucha a decidir sobre su cuerpo y a favor del aborto legal, movimiento conocido como marea verde en Latinoam\u00e9rica.<\/p>\n\n\n\n<p class=\"wp-block-paragraph\">El rosa representa a las mujeres trans y su aceptaci\u00f3n en el movimiento, se\u00f1ala Yoseline Trejo.&nbsp;&nbsp;<\/p>\n\n\n\n<p class=\"wp-block-paragraph\">Algunas de las marchas programadas en el pa\u00eds.<\/p>\n\n\n\n<p class=\"wp-block-paragraph\"><strong>Aguascalientes<\/strong><\/p>\n\n\n\n<p class=\"wp-block-paragraph\">La Asamblea 8M24 Aguascalientes convoca a una marcha apartidista que ponga en el centro las luchas de las mujeres, con una visi\u00f3n antipatriarcal, antirracista, anticapacitista y transincluyente. La ruta es de la Fiscal\u00eda a exedra por Avenida L\u00f3pez Mateos, Josefa Ortiz de Dom\u00ednguez y Madero. Horario de 4 de la tarde a las 9 de la noche.<\/p>\n\n\n\n<p class=\"wp-block-paragraph\">Mientras que la <a href=\"https:\/\/www.facebook.com\/mujerestrabajandoencooperativas?__cft__%5b0%5d=AZWm9AXwmCgoVO1Ep9jQgfBNqCr6OrmQI3xkYat37azBX_g_L9QzopXqiBWP_GTlEoSUZ3rfDzsFi3zgHfnIOW6BlvfR1FDeVYbIX3eMoeedctsNIcSg1n-FjtzeXL_0nf8cfSsrdMawjASy555hNms1CMLpwwRniHT9Z5r1K8wzJeqeZMr2E1cFCcmJcoYrS4GW76Z821BKew5GAdz0E_9bFNBi_TejvJaJASoKe3LJwg&amp;__tn__=-%5dK-R\">Uni\u00f3n De Mujeres Trabajando En Cooperativas, A.C.<\/a> y el <a href=\"https:\/\/www.facebook.com\/@ovsg.ags\/?__cft__%5b0%5d=AZWm9AXwmCgoVO1Ep9jQgfBNqCr6OrmQI3xkYat37azBX_g_L9QzopXqiBWP_GTlEoSUZ3rfDzsFi3zgHfnIOW6BlvfR1FDeVYbIX3eMoeedctsNIcSg1n-FjtzeXL_0nf8cfSsrdMawjASy555hNms1CMLpwwRniHT9Z5r1K8wzJeqeZMr2E1cFCcmJcoYrS4GW76Z821BKew5GAdz0E_9bFNBi_TejvJaJASoKe3LJwg&amp;__tn__=-%5dK-R\">Observatorio de Violencia Social y de G\u00e9nero de Aguascalientes<\/a>, convocan a un acto cultural y de protesta en apoyo de las mujeres que luchan desde las periferias por la defensa de sus derechos y espacios comunitarios, el s\u00e1bado 8 de marzo de las 12 a las 4 de la tarde en la Unidad habitacional del Centro Comercial \u00abMirador Galer\u00edas Casa Productiva A.C.\u201d<\/p>\n\n\n\n<figure class=\"wp-block-image size-full\"><a href=\"https:\/\/redsemlac.com\/semmexico\/wp-content\/uploads\/2025\/03\/image-6.png\"><img loading=\"lazy\" decoding=\"async\" width=\"509\" height=\"720\" src=\"https:\/\/redsemlac.com\/semmexico\/wp-content\/uploads\/2025\/03\/image-6.png\" alt=\"\" class=\"wp-image-93216\" srcset=\"https:\/\/redsemlac.com\/semmexico\/wp-content\/uploads\/2025\/03\/image-6.png 509w, https:\/\/redsemlac.com\/semmexico\/wp-content\/uploads\/2025\/03\/image-6-212x300.png 212w, https:\/\/redsemlac.com\/semmexico\/wp-content\/uploads\/2025\/03\/image-6-150x212.png 150w, https:\/\/redsemlac.com\/semmexico\/wp-content\/uploads\/2025\/03\/image-6-300x424.png 300w\" sizes=\"auto, (max-width: 509px) 100vw, 509px\" \/><\/a><\/figure>\n\n\n\n<p class=\"wp-block-paragraph\"><strong>Baja California<\/strong><\/p>\n\n\n\n<p class=\"wp-block-paragraph\">En Tijuana, las colectivas Frontera Violeta, Women on Fire y otras convocan a una manifestaci\u00f3n interseccional para este 8M. La hora de encuentro ser\u00e1 a las 12:00 horas para avanzar a las 15:00. El punto de encuentro es la Glorieta \u201cLas Tijeras\u201d. Otro punto de encuentro enTijuana es a partir de las 13:00 hora en el boulevard Cucapah (Intersecci\u00f3n entre Paseo Villa del Real y Blvd. Cucapah).<\/p>\n\n\n\n<p class=\"wp-block-paragraph\">En Mexicali, la convocatoria para acudir a marchar el 8M indica que la cita es a las 16:00 horas en el monumento Vicente Guerrero.<\/p>\n\n\n\n<p class=\"wp-block-paragraph\">En Ensenada, el punto de reuni\u00f3n ser\u00e1 en el Parque de la Revoluci\u00f3n a las 14:00 horas.<\/p>\n\n\n\n<figure class=\"wp-block-image size-large\"><a href=\"https:\/\/redsemlac.com\/semmexico\/wp-content\/uploads\/2025\/03\/image-7.png\"><img decoding=\"async\" src=\"https:\/\/redsemlac.com\/semmexico\/wp-content\/uploads\/2025\/03\/image-7-1024x631.png\" alt=\"\" class=\"wp-image-93217\"\/><\/a><\/figure>\n\n\n\n<p class=\"wp-block-paragraph\"><strong>Baja California Sur<\/strong><\/p>\n\n\n\n<p class=\"wp-block-paragraph\">La convocatoria en Jos\u00e9 del Cabo para&nbsp;marchar el 8M&nbsp;es a las 3:30 de la tarde. El punto de reuni\u00f3n es el estacionamiento de La Comer.<\/p>\n\n\n\n<p class=\"wp-block-paragraph\"><strong>Campeche<\/strong><\/p>\n\n\n\n<p class=\"wp-block-paragraph\">El colectivo Ley Sabina Campeche convoca a realizar un tendedero para denunciar la violencia vicaria que viven madres, hijas e hijos por parte de padres deudores alimentarios.<\/p>\n\n\n\n<p class=\"wp-block-paragraph\"><strong>Colima<\/strong><\/p>\n\n\n\n<p class=\"wp-block-paragraph\">La cita para marchar el 8M ser\u00e1 a las 16:00 horas en la Plaza de los Desaparecidos.<\/p>\n\n\n\n<p class=\"wp-block-paragraph\"><strong>Hidalgo<\/strong><\/p>\n\n\n\n<p class=\"wp-block-paragraph\">Guerreras Moradas comparti\u00f3 su convocatoria conjunta para manifestarse en Pachuca, Hidalgo. La cita es en Plaza Ju\u00e1rez.<\/p>\n\n\n\n<p class=\"wp-block-paragraph\"><strong>Michoac\u00e1n<\/strong><\/p>\n\n\n\n<p class=\"wp-block-paragraph\">\u00a1Por las que ya no est\u00e1n, por las que venimos, por las que vendr\u00e1n! es el lema para la marcha este s\u00e1bado de Colectiva Ellas, Incendiarias Michoac\u00e1n, Colectiva Themis y Defensoras Digitales invitan. Invitan a una manifestaci\u00f3n en Morelia, se reunir\u00e1n en la Plaza del Caballito a las 17:00 horas. Habr\u00e1 una parada en la Antimonumenta y se concluir\u00e1 en el Palacio de Gobierno.<\/p>\n\n\n\n<figure class=\"wp-block-image size-large\"><a href=\"https:\/\/redsemlac.com\/semmexico\/wp-content\/uploads\/2025\/03\/image-8.png\"><img loading=\"lazy\" decoding=\"async\" width=\"819\" height=\"1024\" src=\"https:\/\/redsemlac.com\/semmexico\/wp-content\/uploads\/2025\/03\/image-8-819x1024.png\" alt=\"\" class=\"wp-image-93218\" srcset=\"https:\/\/redsemlac.com\/semmexico\/wp-content\/uploads\/2025\/03\/image-8-819x1024.png 819w, https:\/\/redsemlac.com\/semmexico\/wp-content\/uploads\/2025\/03\/image-8-240x300.png 240w, https:\/\/redsemlac.com\/semmexico\/wp-content\/uploads\/2025\/03\/image-8-768x960.png 768w, https:\/\/redsemlac.com\/semmexico\/wp-content\/uploads\/2025\/03\/image-8-1229x1536.png 1229w, https:\/\/redsemlac.com\/semmexico\/wp-content\/uploads\/2025\/03\/image-8-150x188.png 150w, https:\/\/redsemlac.com\/semmexico\/wp-content\/uploads\/2025\/03\/image-8-300x375.png 300w, https:\/\/redsemlac.com\/semmexico\/wp-content\/uploads\/2025\/03\/image-8-696x870.png 696w, https:\/\/redsemlac.com\/semmexico\/wp-content\/uploads\/2025\/03\/image-8-1068x1335.png 1068w, https:\/\/redsemlac.com\/semmexico\/wp-content\/uploads\/2025\/03\/image-8.png 1440w\" sizes=\"auto, (max-width: 819px) 100vw, 819px\" \/><\/a><\/figure>\n\n\n\n<p class=\"wp-block-paragraph\"><strong>Sinaloa<\/strong><\/p>\n\n\n\n<p class=\"wp-block-paragraph\">En Culiac\u00e1n, Sinaloa se convoc\u00f3 a las 10:00 de la ma\u00f1ana, para salir a las 10:30. El punto de reuni\u00f3n es el Palacio de Gobierno y se ir\u00e1 al Ayuntamiento y la Catedral. Habr\u00e1 un taller de contenci\u00f3n emocional.<\/p>\n\n\n\n<p class=\"wp-block-paragraph\"><strong>Oaxaca<\/strong><\/p>\n\n\n\n<p class=\"wp-block-paragraph\">En la ciudad de Oaxaca, feministas independientes han convocado a una marcha que partir\u00e1, como en el 2019, desde el Pante\u00f3n General hasta el Paseo el Llano, donde habr\u00e1 pronunciamientos y se prev\u00e9 una protesta y velada de madres que luchan contra el feminicidio.<\/p>\n\n\n\n<p class=\"wp-block-paragraph\">La columna feminista separatista iniciar\u00e1 a las 16 horas.<\/p>\n\n\n\n<figure class=\"wp-block-image size-large\"><a href=\"https:\/\/redsemlac.com\/semmexico\/wp-content\/uploads\/2025\/03\/WhatsApp-Image-2025-03-02-at-11.15.24-AM.jpeg\"><img loading=\"lazy\" decoding=\"async\" width=\"1024\" height=\"999\" src=\"https:\/\/redsemlac.com\/semmexico\/wp-content\/uploads\/2025\/03\/WhatsApp-Image-2025-03-02-at-11.15.24-AM-1024x999.jpeg\" alt=\"\" class=\"wp-image-93220\" srcset=\"https:\/\/redsemlac.com\/semmexico\/wp-content\/uploads\/2025\/03\/WhatsApp-Image-2025-03-02-at-11.15.24-AM-1024x999.jpeg 1024w, https:\/\/redsemlac.com\/semmexico\/wp-content\/uploads\/2025\/03\/WhatsApp-Image-2025-03-02-at-11.15.24-AM-300x293.jpeg 300w, https:\/\/redsemlac.com\/semmexico\/wp-content\/uploads\/2025\/03\/WhatsApp-Image-2025-03-02-at-11.15.24-AM-768x749.jpeg 768w, https:\/\/redsemlac.com\/semmexico\/wp-content\/uploads\/2025\/03\/WhatsApp-Image-2025-03-02-at-11.15.24-AM-150x146.jpeg 150w, https:\/\/redsemlac.com\/semmexico\/wp-content\/uploads\/2025\/03\/WhatsApp-Image-2025-03-02-at-11.15.24-AM-696x679.jpeg 696w, https:\/\/redsemlac.com\/semmexico\/wp-content\/uploads\/2025\/03\/WhatsApp-Image-2025-03-02-at-11.15.24-AM-1068x1041.jpeg 1068w, https:\/\/redsemlac.com\/semmexico\/wp-content\/uploads\/2025\/03\/WhatsApp-Image-2025-03-02-at-11.15.24-AM.jpeg 1085w\" sizes=\"auto, (max-width: 1024px) 100vw, 1024px\" \/><\/a><\/figure>\n\n\n\n<p class=\"wp-block-paragraph\"><strong>Yucat\u00e1n<\/strong><\/p>\n\n\n\n<p class=\"wp-block-paragraph\">La&nbsp;\u201cRed de Acompa\u00f1amiento Yucat\u00e1n AC\u201d,&nbsp;convoco a una marcha liderada por colectivas feministas y mujeres independientes el punto de reuni\u00f3n ser\u00e1 en el Monumento a la Patria M\u00e9rida a las 18:00 horas. Cabe se\u00f1alar que esta convocatoria es \u201ctransincluyente\u201d.<\/p>\n\n\n\n<p class=\"wp-block-paragraph\">La Marcha 8M 2025 en Yucat\u00e1n&nbsp;es convocada por el grupo Igualdad Sustantiva Yucat\u00e1n. La cita es a las 17:00 horas en el Parque de Mejorada. Se trata de un espacio para mujeres de toda la diversidad, por lo que es tambi\u00e9n un espacio transfeminista.<\/p>\n\n\n\n<figure class=\"wp-block-image size-full\"><a href=\"https:\/\/redsemlac.com\/semmexico\/wp-content\/uploads\/2025\/03\/image-9.png\"><img loading=\"lazy\" decoding=\"async\" width=\"526\" height=\"712\" src=\"https:\/\/redsemlac.com\/semmexico\/wp-content\/uploads\/2025\/03\/image-9.png\" alt=\"\" class=\"wp-image-93219\" srcset=\"https:\/\/redsemlac.com\/semmexico\/wp-content\/uploads\/2025\/03\/image-9.png 526w, https:\/\/redsemlac.com\/semmexico\/wp-content\/uploads\/2025\/03\/image-9-222x300.png 222w, https:\/\/redsemlac.com\/semmexico\/wp-content\/uploads\/2025\/03\/image-9-150x203.png 150w, https:\/\/redsemlac.com\/semmexico\/wp-content\/uploads\/2025\/03\/image-9-300x406.png 300w\" sizes=\"auto, (max-width: 526px) 100vw, 526px\" \/><\/a><\/figure>\n","protected":false},"excerpt":{"rendered":"<p>Elda Montiel SemM\u00e9xico, Ciudad de M\u00e9xico, 3 de marzo, 2025.- Este 8 de marzo, habr\u00e1 marchas en todo el pa\u00eds para conmemorar el D\u00eda Internacional de la Mujer que le recuerda al mundo la lucha de las mujeres por la igualdad sustantiva, el derecho a decidir y la exigencia de justicia para detener la violencia [&hellip;]<\/p>\n","protected":false},"author":3,"featured_media":93217,"comment_status":"open","ping_status":"open","sticky":false,"template":"","format":"standard","meta":{"_monsterinsights_skip_tracking":false,"footnotes":""},"categories":[694],"tags":[],"class_list":["post-93214","post","type-post","status-publish","format-standard","has-post-thumbnail","category-destacadas"],"_links":{"self":[{"href":"https:\/\/redsemlac.com\/semmexico\/wp-json\/wp\/v2\/posts\/93214","targetHints":{"allow":["GET"]}}],"collection":[{"href":"https:\/\/redsemlac.com\/semmexico\/wp-json\/wp\/v2\/posts"}],"about":[{"href":"https:\/\/redsemlac.com\/semmexico\/wp-json\/wp\/v2\/types\/post"}],"author":[{"embeddable":true,"href":"https:\/\/redsemlac.com\/semmexico\/wp-json\/wp\/v2\/users\/3"}],"replies":[{"embeddable":true,"href":"https:\/\/redsemlac.com\/semmexico\/wp-json\/wp\/v2\/comments?post=93214"}],"version-history":[{"count":0,"href":"https:\/\/redsemlac.com\/semmexico\/wp-json\/wp\/v2\/posts\/93214\/revisions"}],"wp:featuredmedia":[{"embeddable":true,"href":"https:\/\/redsemlac.com\/semmexico\/wp-json\/wp\/v2\/media\/93217"}],"wp:attachment":[{"href":"https:\/\/redsemlac.com\/semmexico\/wp-json\/wp\/v2\/media?parent=93214"}],"wp:term":[{"taxonomy":"category","embeddable":true,"href":"https:\/\/redsemlac.com\/semmexico\/wp-json\/wp\/v2\/categories?post=93214"},{"taxonomy":"post_tag","embeddable":true,"href":"https:\/\/redsemlac.com\/semmexico\/wp-json\/wp\/v2\/tags?post=93214"}],"curies":[{"name":"wp","href":"https:\/\/api.w.org\/{rel}","templated":true}]}}