{"id":93209,"date":"2025-03-03T18:19:57","date_gmt":"2025-03-04T00:19:57","guid":{"rendered":"https:\/\/redsemlac.com\/semmexico\/?p=93209"},"modified":"2025-03-03T18:19:58","modified_gmt":"2025-03-04T00:19:58","slug":"la-tercera-edad-una-etapa-mas-de-la-vida","status":"publish","type":"post","link":"https:\/\/redsemlac.com\/semmexico\/la-tercera-edad-una-etapa-mas-de-la-vida\/","title":{"rendered":"La tercera edad, una etapa m\u00e1s de la vida"},"content":{"rendered":"\n<ul class=\"wp-block-list\">\n<li>Llaman a revalorar a las personas mayores adultas, importantes para la sociedad<\/li>\n\n\n\n<li>Representan el 14.7 por ciento <em>de la poblaci\u00f3n total del pa\u00eds<\/em><\/li>\n<\/ul>\n\n\n\n<p class=\"wp-block-paragraph\">Redacci\u00f3n<\/p>\n\n\n\n<p class=\"wp-block-paragraph\">SemM\u00e9xico, Ciudad de M\u00e9xico, 3 de marzo, 2025.-Aunque la llamada tercera edad es un sector marginado y considerado como poblaci\u00f3n vulnerable, en realidad tiene mucho que aportar; es una etapa m\u00e1s de la vida, apunt\u00f3 la acad\u00e9mica de la Facultad de Psicolog\u00eda (FP) de la UNAM, Angelina Guerrero Luna.<\/p>\n\n\n\n<p class=\"wp-block-paragraph\">Por lo regular se les ubica como una carga social porque se cree que su productividad se termina; en un sistema de consumo y desecho parece que ya no tienen nada que ofrecer. En algunos \u00e1mbitos, incluso, se les observa como seres que ya no son aprovechables, detall\u00f3.<\/p>\n\n\n\n<p class=\"wp-block-paragraph\">Ello lacera su autoestima y genera situaciones de aislamiento e invisibilizaci\u00f3n, a\u00f1adi\u00f3 la profesora al participar en el ciclo UNAMirada desde la Psicolog\u00eda, con el tema Desarrollo psicoemocional del adulto mayor.<\/p>\n\n\n\n<p class=\"wp-block-paragraph\">El proceso de envejecimiento se complejiza en la ignorancia, el abandono y el maltrato de ese sector teniendo como fundamento los prejuicios; \u201cparece que a las familias y a la poblaci\u00f3n en general no les interesa conocer de este tema\u201d.<\/p>\n\n\n\n<p class=\"wp-block-paragraph\">La experta destac\u00f3 que 14.7 por ciento de la poblaci\u00f3n total del pa\u00eds es adulta mayor. No obstante, hay poca investigaci\u00f3n en la materia; la psicogerontolog\u00eda es un \u00e1rea que se hace imperante para trabajar su personalidad y sus avatares.<\/p>\n\n\n\n<p class=\"wp-block-paragraph\">Por lo regular las pensamos encorvadas, con bast\u00f3n, con dificultades para caminar, etc\u00e9tera. Esos imaginarios, esos \u201cviejismos\u201d, construyen la vejez de una forma social.<\/p>\n\n\n\n<p class=\"wp-block-paragraph\">Guerrero Luna subray\u00f3 que el desarrollo psicoemocional es un eje medular para vivir, y se manifiesta por nuestra capacidad de adaptaci\u00f3n en las diferentes etapas de la vida.<\/p>\n\n\n\n<p class=\"wp-block-paragraph\">Sin embargo, puede verse trastocado por factores internos y externos como las heridas de la infancia, p\u00e9rdidas materiales y emocionales, por ejemplo. De esta manera, el autoconcepto y la autoestima se van alterando a procesos inadaptativos.<\/p>\n\n\n\n<p class=\"wp-block-paragraph\">La cofundadora del Centro Comunitario \u201cDr. Juli\u00e1n MacGregor y S\u00e1nchez Navarro\u201d de la FP, argument\u00f3:<\/p>\n\n\n\n<p class=\"wp-block-paragraph\">La labor con las personas mayores se ha centrado en la mirada biologicista, donde se da \u00e9nfasis a los problemas de salud y actividad f\u00edsica. Empero, el sujeto es biopsicosocial y espiritual, donde el aspecto personal, social, familiar y comunitario juega un papel sustancial, por lo que se deber\u00eda tratar a partir de diferentes aristas.<\/p>\n\n\n\n<p class=\"wp-block-paragraph\">Asimismo, la especialista en psicolog\u00eda comunitaria mencion\u00f3 la relevancia de que asuman la responsabilidad, den cuenta de su propio envejecer y establezcan c\u00f3mo quieren llevar ese proceso, \u201cc\u00f3mo quiero ser viejo\u201d, porque los prejuicios y los viejismos se relacionan con la victimizaci\u00f3n: \u201cno puedo, ay\u00fadame\u201d, \u201chijo, no vienes a verme\u201d, \u201cno les importo\u201d.<\/p>\n\n\n\n<p class=\"wp-block-paragraph\">En el auditorio Luis Lara Tapia de la referida Facultad acot\u00f3 que varios j\u00f3venes, conectados todo el tiempo a sus dispositivos electr\u00f3nicos y con aud\u00edfonos, no escuchan, no establecen comunicaci\u00f3n. Creen que van a durar toda la vida y no les importa c\u00f3mo van a envejecer. No obstante, la pandemia nos dej\u00f3 la lecci\u00f3n de la vulnerabilidad y la incertidumbre. \u201cHoy estamos, ma\u00f1ana qui\u00e9n sabe\u201d.<\/p>\n\n\n\n<p class=\"wp-block-paragraph\">Por ello, se necesita que hablemos de c\u00f3mo envejecer y c\u00f3mo convivir con los otros. Pero sin salud emocional no podemos transitar por la vida ni tener relaciones interpersonales, alert\u00f3 Guerrero Luna.<\/p>\n\n\n\n<p class=\"wp-block-paragraph\">La especialista aclar\u00f3 que se debe hablar de vejeces, porque la de cada persona es \u00fanica, dado su propio dinamismo. As\u00ed que la manera de abordar el desarrollo psicoemocional es el m\u00e9todo cualitativo-hermen\u00e9utico-interpretativo, donde los relatos de vida van a ser narraciones en los que cada uno cuenta su historia, la cual se transmite a quien desee escucharla.<\/p>\n\n\n\n<p class=\"wp-block-paragraph\">La investigaci\u00f3n cualitativa, a trav\u00e9s de la investigaci\u00f3n-acci\u00f3n, permite conocer, acompa\u00f1ar y crear redes entre los diferentes grupos mediante el trabajo en equipo, logrando diseminar sentimientos de tristeza, soledad o aislamiento, y visibilizando posibilidades de creaci\u00f3n de sentido, dijo.<\/p>\n\n\n\n<p class=\"wp-block-paragraph\">Cumplir 60 a\u00f1os o m\u00e1s \u201cno es cosa menor\u201d, y crear sentido es un aspecto que siempre debemos tener presente; hay que preguntarnos para qu\u00e9 estamos aqu\u00ed, reiter\u00f3 Guerrero Luna.<\/p>\n\n\n\n<p class=\"wp-block-paragraph\">\u201cQuiero que me pregunten qu\u00e9 quiero. Soy importante, tengo un lugar en esta sociedad. No quiero que me muevan como objeto; no quiero que me lleven a una casa de retiro si no me lo preguntaron. Quiero ser visible, y que todos se den cuenta que tienen la responsabilidad de ir conformando la construcci\u00f3n de su propio envejecimiento. Y en ese proceso desmitificar e ir quitando prejuicios y viejismos\u201d, expres\u00f3.<\/p>\n\n\n\n<p class=\"wp-block-paragraph\">Hoy tenemos el desaf\u00edo de escribir historias con ellas y ellos, de construir el envejecimiento actual, no el que nos imaginamos o el que la literatura establece, en un quehacer continuo, creativo, persistente y perseverante.<\/p>\n\n\n\n<p class=\"wp-block-paragraph\">Se requiere educaci\u00f3n y promoci\u00f3n de la salud colectiva, donde cada quien se hace cargo de su modo de vivir, se elimina la connotaci\u00f3n peyorativa de \u201cser viejo\u201d, y los adultos mayores renuncian a que los traten como si fueran invisibles.<\/p>\n\n\n\n<p class=\"wp-block-paragraph\">\u201cSoy mayor, soy un ser humano, tengo un lugar\u201d; si as\u00ed lo creo, es lo que ir\u00e9 construyendo, y m\u00e1s nos vale porque dejaremos un antecedente para nuestros hijos y las pr\u00f3ximas generaciones, concluy\u00f3 Guerrero Luna.<\/p>\n\n\n\n<p class=\"wp-block-paragraph\">SEM\/sj<\/p>\n\n\n<div class=\"wp-block-image\">\n<figure class=\"alignleft size-large is-resized\"><a href=\"https:\/\/redsemlac.com\/semmexico\/wp-content\/uploads\/2025\/03\/1333-scaled.jpg\"><img loading=\"lazy\" decoding=\"async\" width=\"1024\" height=\"695\" src=\"https:\/\/redsemlac.com\/semmexico\/wp-content\/uploads\/2025\/03\/1333-1024x695.jpg\" alt=\"\" class=\"wp-image-93211\" style=\"width:396px;height:auto\" srcset=\"https:\/\/redsemlac.com\/semmexico\/wp-content\/uploads\/2025\/03\/1333-1024x695.jpg 1024w, https:\/\/redsemlac.com\/semmexico\/wp-content\/uploads\/2025\/03\/1333-300x204.jpg 300w, https:\/\/redsemlac.com\/semmexico\/wp-content\/uploads\/2025\/03\/1333-768x521.jpg 768w, https:\/\/redsemlac.com\/semmexico\/wp-content\/uploads\/2025\/03\/1333-1536x1042.jpg 1536w, https:\/\/redsemlac.com\/semmexico\/wp-content\/uploads\/2025\/03\/1333-2048x1390.jpg 2048w, https:\/\/redsemlac.com\/semmexico\/wp-content\/uploads\/2025\/03\/1333-150x102.jpg 150w, https:\/\/redsemlac.com\/semmexico\/wp-content\/uploads\/2025\/03\/1333-696x472.jpg 696w, https:\/\/redsemlac.com\/semmexico\/wp-content\/uploads\/2025\/03\/1333-1068x725.jpg 1068w, https:\/\/redsemlac.com\/semmexico\/wp-content\/uploads\/2025\/03\/1333-1920x1303.jpg 1920w\" sizes=\"auto, (max-width: 1024px) 100vw, 1024px\" \/><\/a><\/figure>\n<\/div>\n\n<div class=\"wp-block-image\">\n<figure class=\"alignright size-large is-resized\"><a href=\"https:\/\/redsemlac.com\/semmexico\/wp-content\/uploads\/2025\/03\/1332-scaled.jpg\"><img loading=\"lazy\" decoding=\"async\" width=\"1024\" height=\"768\" src=\"https:\/\/redsemlac.com\/semmexico\/wp-content\/uploads\/2025\/03\/1332-1024x768.jpg\" alt=\"\" class=\"wp-image-93210\" style=\"width:354px;height:auto\" srcset=\"https:\/\/redsemlac.com\/semmexico\/wp-content\/uploads\/2025\/03\/1332-1024x768.jpg 1024w, https:\/\/redsemlac.com\/semmexico\/wp-content\/uploads\/2025\/03\/1332-300x225.jpg 300w, https:\/\/redsemlac.com\/semmexico\/wp-content\/uploads\/2025\/03\/1332-768x576.jpg 768w, https:\/\/redsemlac.com\/semmexico\/wp-content\/uploads\/2025\/03\/1332-1536x1152.jpg 1536w, https:\/\/redsemlac.com\/semmexico\/wp-content\/uploads\/2025\/03\/1332-2048x1536.jpg 2048w, https:\/\/redsemlac.com\/semmexico\/wp-content\/uploads\/2025\/03\/1332-150x113.jpg 150w, https:\/\/redsemlac.com\/semmexico\/wp-content\/uploads\/2025\/03\/1332-696x522.jpg 696w, https:\/\/redsemlac.com\/semmexico\/wp-content\/uploads\/2025\/03\/1332-1068x801.jpg 1068w, https:\/\/redsemlac.com\/semmexico\/wp-content\/uploads\/2025\/03\/1332-1920x1440.jpg 1920w\" sizes=\"auto, (max-width: 1024px) 100vw, 1024px\" \/><\/a><\/figure>\n<\/div>","protected":false},"excerpt":{"rendered":"<p>Redacci\u00f3n SemM\u00e9xico, Ciudad de M\u00e9xico, 3 de marzo, 2025.-Aunque la llamada tercera edad es un sector marginado y considerado como poblaci\u00f3n vulnerable, en realidad tiene mucho que aportar; es una etapa m\u00e1s de la vida, apunt\u00f3 la acad\u00e9mica de la Facultad de Psicolog\u00eda (FP) de la UNAM, Angelina Guerrero Luna. Por lo regular se les [&hellip;]<\/p>\n","protected":false},"author":3,"featured_media":93212,"comment_status":"open","ping_status":"open","sticky":false,"template":"","format":"standard","meta":{"_monsterinsights_skip_tracking":false,"footnotes":""},"categories":[682],"tags":[],"class_list":["post-93209","post","type-post","status-publish","format-standard","has-post-thumbnail","category-noticias"],"_links":{"self":[{"href":"https:\/\/redsemlac.com\/semmexico\/wp-json\/wp\/v2\/posts\/93209","targetHints":{"allow":["GET"]}}],"collection":[{"href":"https:\/\/redsemlac.com\/semmexico\/wp-json\/wp\/v2\/posts"}],"about":[{"href":"https:\/\/redsemlac.com\/semmexico\/wp-json\/wp\/v2\/types\/post"}],"author":[{"embeddable":true,"href":"https:\/\/redsemlac.com\/semmexico\/wp-json\/wp\/v2\/users\/3"}],"replies":[{"embeddable":true,"href":"https:\/\/redsemlac.com\/semmexico\/wp-json\/wp\/v2\/comments?post=93209"}],"version-history":[{"count":0,"href":"https:\/\/redsemlac.com\/semmexico\/wp-json\/wp\/v2\/posts\/93209\/revisions"}],"wp:featuredmedia":[{"embeddable":true,"href":"https:\/\/redsemlac.com\/semmexico\/wp-json\/wp\/v2\/media\/93212"}],"wp:attachment":[{"href":"https:\/\/redsemlac.com\/semmexico\/wp-json\/wp\/v2\/media?parent=93209"}],"wp:term":[{"taxonomy":"category","embeddable":true,"href":"https:\/\/redsemlac.com\/semmexico\/wp-json\/wp\/v2\/categories?post=93209"},{"taxonomy":"post_tag","embeddable":true,"href":"https:\/\/redsemlac.com\/semmexico\/wp-json\/wp\/v2\/tags?post=93209"}],"curies":[{"name":"wp","href":"https:\/\/api.w.org\/{rel}","templated":true}]}}