{"id":93203,"date":"2025-03-03T18:11:47","date_gmt":"2025-03-04T00:11:47","guid":{"rendered":"https:\/\/redsemlac.com\/semmexico\/?p=93203"},"modified":"2025-03-03T18:11:48","modified_gmt":"2025-03-04T00:11:48","slug":"no-hay-tiempo-ni-presupuesto-que-alcance-citlalli-hernandez","status":"publish","type":"post","link":"https:\/\/redsemlac.com\/semmexico\/no-hay-tiempo-ni-presupuesto-que-alcance-citlalli-hernandez\/","title":{"rendered":"No hay tiempo ni presupuesto que alcance: Citlalli Hern\u00e1ndez"},"content":{"rendered":"\n<ul class=\"wp-block-list\">\n<li>Reconoce secretaria de las Mujeres los retos para un Sistema Nacional de Cuidados<\/li>\n<\/ul>\n\n\n\n<ul class=\"wp-block-list\">\n<li>La diputada Patricia Mercado y la exdiputada Martha Tagle se\u00f1alan que la legislaci\u00f3n es indispensable.<\/li>\n<\/ul>\n\n\n\n<p class=\"wp-block-paragraph\">Er\u00e9ndira Aquino y Marcela Nochebuena<\/p>\n\n\n\n<p class=\"wp-block-paragraph\">SemM\u00e9xico\/Animal Pol\u00edtico, Ciudad de M\u00e9xico, 3 de marzo, 2025.- Como aspirante a la presidencia,&nbsp;Claudia Sheinbaum&nbsp;prometi\u00f3 crear un&nbsp;<a href=\"https:\/\/animalpolitico.com\/sociedad\/mujeres-cuidados-exclusion-laboral-mexico\" target=\"_blank\" rel=\"noreferrer noopener\">Sistema Nacional de Cuidados<\/a>, compromiso que refrend\u00f3 tras ganar la elecci\u00f3n y que ha reiterado como jefa de Estado. Sin embargo, la&nbsp;secretaria de las Mujeres, Citlalli Hern\u00e1ndez, reconoce que concretarlo en este sexenio no ser\u00e1 sencillo: \u201centendemos que no hay presupuesto, que no hay infraestructura y pol\u00edtica p\u00fablica que alcancen\u201d.<\/p>\n\n\n\n<p class=\"wp-block-paragraph\">Ante ese reto, tendr\u00e1 que ser \u201cun sistema nacional y progresivo de cuidados, que justamente marca un horizonte de hacia d\u00f3nde queremos llegar y c\u00f3mo; durante este sexenio queremos avanzar lo m\u00e1s que se pueda hacia ello\u201d, sostiene la titular de la reci\u00e9n creada&nbsp;<a href=\"https:\/\/animalpolitico.com\/elecciones-2024\/presidencia\/gabinete-sheinbaum-ctlalli-hernandez-secretaria-mujeres\" target=\"_blank\" rel=\"noreferrer noopener\">Secretar\u00eda de las Mujeres (Semujeres)<\/a>&nbsp;en entrevista con&nbsp;Animal Pol\u00edtico.<\/p>\n\n\n\n<p class=\"wp-block-paragraph\">\u201cDe entrada, se est\u00e1 ubicando lo que hay, lo que ya hacen municipios y entidades en pol\u00edtica p\u00fablica y lo nuevo que se pueda realizar desde el gobierno federal. La presidenta ha iniciado con el tema de los&nbsp;Centros de Cuidado Infantil (CECIs)&nbsp;en Ciudad Ju\u00e1rez, con el \u00e1nimo de reivindicar la lucha de las mujeres por los agravios que han recibido, pensando en las que m\u00e1s lo necesitan, las trabajadoras de la maquila\u201d, explica.<\/p>\n\n\n\n<p class=\"wp-block-paragraph\">Hern\u00e1ndez reconoce que hay una discusi\u00f3n p\u00fablica abierta en M\u00e9xico y a nivel mundial sobre la&nbsp;necesidad de replantear los cuidados, que hist\u00f3ricamente han sido asignados a las mujeres, lo que impacta en la imposibilidad de que dediquen tiempo al trabajo, a su desarrollo personal y profesional, y adem\u00e1s tiene consecuencias econ\u00f3micas.<\/p>\n\n\n\n<p class=\"wp-block-paragraph\">Por ello, el objetivo del gobierno federal este a\u00f1o ser\u00e1 instalar dos CECIs y delinear rutas para buscar liberar el tiempo de las mujeres, fortalecer su participaci\u00f3n en diversos \u00e1mbitos de la vida y reorganizar los cuidados \u201centre toda la sociedad, no s\u00f3lo entre el gobierno con pol\u00edticas p\u00fablicas, sino tambi\u00e9n involucrar a la iniciativa privada\u201d.<\/p>\n\n\n\n<p class=\"wp-block-paragraph\">\u201cLo primero es mapear la capacidad instalada que existe, vincularnos con gobiernos en t\u00e9rminos de d\u00f3nde hay casas de d\u00eda, centros de cuidado infantil, la infraestructura que tiene el DIF para ni\u00f1as, ni\u00f1os, para personas con discapacidad, acciones de programas sociales, pol\u00edtica p\u00fablica, atenciones m\u00e9dicas y otros servicios que ya se ofrecen de manera aislada, y c\u00f3mo podemos ir articulando, mejorando, profundizando\u201d, agrega.<\/p>\n\n\n\n<p class=\"wp-block-paragraph\">Con ese fin, se han instalado cuatro grupos de trabajo: personas adultas mayores, infancias, personas con discapacidad y personas que cuidan. Las mesas tendr\u00e1n tambi\u00e9n la opini\u00f3n de funcionarias que puedan plantear necesidades y proponer alternativas. Asegura que despu\u00e9s existir\u00e1 un di\u00e1logo con la sociedad civil y la academia para que aporten propuestas, visiones y acciones concretas.&nbsp;<\/p>\n\n\n\n<p class=\"wp-block-paragraph\">\u201cReplantear la visi\u00f3n del cuidado como sociedad no se lograr\u00e1 en un sexenio, pero s\u00ed creemos que seis a\u00f1os ser\u00e1n suficientes para cimentar esa ruta hacia un sistema nacional\u201d, sostiene.<\/p>\n\n\n\n<p class=\"wp-block-paragraph\">Seg\u00fan el Mapa de Cuidados elaborado por el Instituto Nacional de las Mujeres, El Colegio de M\u00e9xico y ONU Mujeres, en el pa\u00eds&nbsp;existen un total de 91 mil 836 establecimientos que brindan alg\u00fan servicio de cuidado&nbsp;a infancias, personas adultas mayores y personas con discapacidad; 68 mil 939 son p\u00fablicos, 17 mil 016 privados y 5 mil 881 pertenecen a la sociedad civil. En 116 de ellos es requisito que las solicitantes tengan seguridad social, mientras en 91 mil 720 no es necesario contar con derechohabiencia.<\/p>\n\n\n\n<p class=\"wp-block-paragraph\"><strong>Sin ley, no habr\u00e1 sistema nacional; iniciativas siguen atoradas<\/strong><\/p>\n\n\n\n<p class=\"wp-block-paragraph\">En noviembre de 2020, la C\u00e1mara de Diputados aprob\u00f3 la reforma constitucional que reconoce el derecho al cuidado y mandata la creaci\u00f3n de una ley general para crear el Sistema Nacional de Cuidados. Sin embargo, el Senado no hizo lo mismo, por lo que ahora ser\u00eda necesario reponer el proceso desde cero.<\/p>\n\n\n\n<p class=\"wp-block-paragraph\">Al respecto,&nbsp;Citlalli Hern\u00e1ndez&nbsp;comenta que \u201cha habido otras prioridades en materia de legislaci\u00f3n, tanto constitucional como legal, pero creemos que es importante que entre todas las personas interesadas tengamos algunos consensos de hacia d\u00f3nde vamos, tener un parlamento abierto que nos permita discutir las distintas iniciativas, e insisto, nosotras vemos este primer a\u00f1o de planeaci\u00f3n y de ir desdoblando algunas otras acciones\u201d.<\/p>\n\n\n\n<p class=\"wp-block-paragraph\">Citlalli Hern\u00e1ndez reconoce retos para un Sistema Nacional de Cuidados. dise\u00f1o: Andrea Paredes @driu.paredes y Margarita Sousa @yue.ms<\/p>\n\n\n\n<p class=\"wp-block-paragraph\">Martha Tagle, exdiputada que form\u00f3 parte del grupo de legisladoras que impuls\u00f3 las reformas relacionadas con el tema durante el sexenio pasado, se\u00f1ala que adem\u00e1s de la reforma constitucional que debe&nbsp;<a href=\"https:\/\/animalpolitico.com\/analisis\/organizaciones\/punto-gire\/dimensiones-derecho-cuidado\" target=\"_blank\" rel=\"noreferrer noopener\">reconocer el derecho al cuidado<\/a>, es necesario crear la ley general y etiquetar presupuesto para su conformaci\u00f3n.<\/p>\n\n\n\n<p class=\"wp-block-paragraph\">\u201cEn 2020 est\u00e1bamos en plena pandemia y ya visualiz\u00e1bamos el escenario que significaba para las mujeres el tema de los cuidados, ya que vino a profundizar muchas&nbsp;desigualdades de g\u00e9nero, porque el confinamiento hizo que todas las tareas de educaci\u00f3n a distancia, higiene, etc\u00e9tera, recayeran fundamentalmente en las mujeres y a muchas de ellas las alej\u00f3 por completo del acceso a trabajos formales\u201d, detalla Tagle, quien actualmente forma parte de la&nbsp;Coalici\u00f3n por el derecho al cuidado digno y el tiempo propio de las mujeres.<\/p>\n\n\n\n<p class=\"wp-block-paragraph\">Ella considera que el pretendido inicio del Sistema Nacional de Cuidados \u2013los CECIs\u2013 no es una propuesta diferente o nueva, pues se trata de&nbsp;guarder\u00edas del IMSS. La deficiencia de esa visi\u00f3n es que solo se destina a mujeres con seguridad social, y el problema es que muchas madres no trabajan en empleos formales precisamente por sus cargas de cuidado. Esto genera solo un apoyo para mujeres, pero sigue depositando en ellas la obligaci\u00f3n de ser cuidadoras.<\/p>\n\n\n\n<p class=\"wp-block-paragraph\">\u201cTengo buenas expectativas de la presidenta y la Semujeres para que avancemos en este tema, pero la ley no se puede adecuar a este gobierno, sino que hay que pensar el ideal de lo que queremos en materia de sistema de cuidados, lograr convencer a quienes toman decisiones de que se requiere una inversi\u00f3n p\u00fablica progresiva y hacer la ley, porque si no, todo quedar\u00e1 disperso\u201d, dice Tagle.<\/p>\n\n\n\n<p class=\"wp-block-paragraph\">La&nbsp;diputada Patricia Mercado&nbsp;subraya que, aunque las iniciativas est\u00e1n detenidas en el Congreso, \u201cnecesitamos que esto siga vigente, que siga en la discusi\u00f3n p\u00fablica en t\u00e9rminos legislativos\u201d. Como un tema presente en los 100 compromisos de la presidenta Sheinbaum, puntualiza que espera que la&nbsp;Secretar\u00eda de las Mujeres establezca un di\u00e1logo con las legisladoras para poder avanzar en la creaci\u00f3n del sistema.<\/p>\n\n\n\n<p class=\"wp-block-paragraph\">Adem\u00e1s, recuerda que este no debe entenderse como apoyos sociales o asistencialistas, sino como \u201cuna pol\u00edtica p\u00fablica que genere empleos y capacitaci\u00f3n para el trabajo\u201d. Aunque reconoce las dificultades que hay para implementar un sistema nacional, aclara que las reformas constitucionales no tendr\u00edan por qu\u00e9 tardar, pues son necesarias para pensar en una implementaci\u00f3n escalonada.<\/p>\n\n\n\n<p class=\"wp-block-paragraph\"><strong>La propuesta ciudadana para un sistema de cuidados integral<\/strong><\/p>\n\n\n\n<p class=\"wp-block-paragraph\">La Coalici\u00f3n por el derecho al cuidado digno y el tiempo propio de las mujeres, integrada por diversas asociaciones civiles, ha elaborado una propuesta que espera sea adoptada por legisladoras para contar con una ley general, y que sirva como est\u00e1ndar para legislaciones en todo el pa\u00eds.<\/p>\n\n\n\n<p class=\"wp-block-paragraph\">Tagle aclara que formalmente no es una iniciativa todav\u00eda, pues tendr\u00eda que ser presentada en el Congreso. Sin embargo, el documento tiene caracter\u00edsticas que fortalecen la discusi\u00f3n, resalta la especialista, como&nbsp;reconocer el derecho al cuidado con un enfoque interseccional, intergeneracional y de g\u00e9nero, que implica abordar las diferentes realidades que cruzan la vida de las personas, as\u00ed como adecuar el sistema a ellas para garantizar medidas legislativas, presupuestales, de pol\u00edtica p\u00fablica y acciones.<\/p>\n\n\n\n<p class=\"wp-block-paragraph\">\u201cEntendemos que esto no es de un d\u00eda para otro, establecemos algunos transitorios con plazos para ir instalando el sistema y, por supuesto, hablamos de mecanismos de transparencia, rendici\u00f3n de cuentas, etc\u00e9tera, porque nos parece importante saber cu\u00e1nto se va a destinar, c\u00f3mo se va a usar y los resultados que tendr\u00e1 para tomar decisiones oportunas de mejorarlo y adecuarlo\u201d, destaca.<\/p>\n\n\n\n<p class=\"wp-block-paragraph\">Seg\u00fan su experiencia como legisladora, adem\u00e1s de la falta de ley, hay una ausencia de presupuesto para nuevas acciones. Desde su perspectiva, una nueva visi\u00f3n permitir\u00eda programar de manera progresiva e ir implementando el Sistema con base en el diagn\u00f3stico de los servicios que ya existen, las adecuaciones necesarias, la ampliaci\u00f3n de la infraestructura y coordinaci\u00f3n de todos los sistemas a nivel federal y estatal.<\/p>\n\n\n\n<p class=\"wp-block-paragraph\"><strong>Las se\u00f1ales de cambio en la cultura de los cuidados<\/strong><\/p>\n\n\n\n<p class=\"wp-block-paragraph\">En tanto, Mercado recuerda que una econom\u00eda de cuidado significa generar la riqueza y empleos necesarios para que las mujeres puedan soltar la responsabilidad del cuidado, que requerir\u00e1 cambios incluso en los sectores que se oponen y siguen sosteniendo que los cuidados deben ser tarea exclusiva o prioritaria de las mujeres.<\/p>\n\n\n\n<p class=\"wp-block-paragraph\">Para ella, el marco legislativo es indispensable y no tendr\u00eda por qu\u00e9 esperar. \u201cTenemos siglos las mujeres encarg\u00e1ndonos del cuidado; no es una cosa f\u00e1cil e implica la generaci\u00f3n de una econom\u00eda, que es lo que proponemos las feministas\u201d, enfatiza.<\/p>\n\n\n\n<p class=\"wp-block-paragraph\">Aunado al cambio cultural, Tagle apunta que ser\u00e1 importante estar al tanto de los avances que se den en la mesa intersecretarial que ya instal\u00f3 la Secretar\u00eda de las Mujeres y que tendr\u00e1 a su cargo el avance del sistema nacional.<\/p>\n\n\n\n<p class=\"wp-block-paragraph\">Por su parte, Citlalli Hern\u00e1ndez considera que con una mujer al frente de la presidencia, hay un compromiso que no siempre es vinculatorio, pero, seg\u00fan ella, en este caso s\u00ed lo es, pues se reconoce el papel de las mujeres en los cuidados y se reitera que deber\u00eda ser una labor repartida.<\/p>\n\n\n\n<p class=\"wp-block-paragraph\">\u201cEn seis a\u00f1os habr\u00e1 muchos avances, pero tambi\u00e9n sabemos que no ser\u00e1n suficientes para equilibrar la balanza que hist\u00f3ricamente viene desigual para las mujeres, pero como siempre lo hemos dicho: nuestro objetivo es que las ni\u00f1as, las j\u00f3venes que crecen en este sexenio tengan mucha m\u00e1s perspectiva de paz, de seguridad y de futuro que la que tuvimos nosotras\u201d, sostiene.<\/p>\n\n\n\n<p class=\"wp-block-paragraph\">SEM-ANIMAL POL\u00cdTICO\/ea-mn<\/p>\n\n\n\n<p class=\"wp-block-paragraph\"><\/p>\n","protected":false},"excerpt":{"rendered":"<p>Er\u00e9ndira Aquino y Marcela Nochebuena SemM\u00e9xico\/Animal Pol\u00edtico, Ciudad de M\u00e9xico, 3 de marzo, 2025.- Como aspirante a la presidencia,&nbsp;Claudia Sheinbaum&nbsp;prometi\u00f3 crear un&nbsp;Sistema Nacional de Cuidados, compromiso que refrend\u00f3 tras ganar la elecci\u00f3n y que ha reiterado como jefa de Estado. Sin embargo, la&nbsp;secretaria de las Mujeres, Citlalli Hern\u00e1ndez, reconoce que concretarlo en este sexenio no [&hellip;]<\/p>\n","protected":false},"author":3,"featured_media":93204,"comment_status":"open","ping_status":"open","sticky":false,"template":"","format":"standard","meta":{"_monsterinsights_skip_tracking":false,"footnotes":""},"categories":[694],"tags":[],"class_list":["post-93203","post","type-post","status-publish","format-standard","has-post-thumbnail","category-destacadas"],"_links":{"self":[{"href":"https:\/\/redsemlac.com\/semmexico\/wp-json\/wp\/v2\/posts\/93203","targetHints":{"allow":["GET"]}}],"collection":[{"href":"https:\/\/redsemlac.com\/semmexico\/wp-json\/wp\/v2\/posts"}],"about":[{"href":"https:\/\/redsemlac.com\/semmexico\/wp-json\/wp\/v2\/types\/post"}],"author":[{"embeddable":true,"href":"https:\/\/redsemlac.com\/semmexico\/wp-json\/wp\/v2\/users\/3"}],"replies":[{"embeddable":true,"href":"https:\/\/redsemlac.com\/semmexico\/wp-json\/wp\/v2\/comments?post=93203"}],"version-history":[{"count":0,"href":"https:\/\/redsemlac.com\/semmexico\/wp-json\/wp\/v2\/posts\/93203\/revisions"}],"wp:featuredmedia":[{"embeddable":true,"href":"https:\/\/redsemlac.com\/semmexico\/wp-json\/wp\/v2\/media\/93204"}],"wp:attachment":[{"href":"https:\/\/redsemlac.com\/semmexico\/wp-json\/wp\/v2\/media?parent=93203"}],"wp:term":[{"taxonomy":"category","embeddable":true,"href":"https:\/\/redsemlac.com\/semmexico\/wp-json\/wp\/v2\/categories?post=93203"},{"taxonomy":"post_tag","embeddable":true,"href":"https:\/\/redsemlac.com\/semmexico\/wp-json\/wp\/v2\/tags?post=93203"}],"curies":[{"name":"wp","href":"https:\/\/api.w.org\/{rel}","templated":true}]}}