{"id":93200,"date":"2025-03-03T18:09:08","date_gmt":"2025-03-04T00:09:08","guid":{"rendered":"https:\/\/redsemlac.com\/semmexico\/?p=93200"},"modified":"2025-03-03T18:09:09","modified_gmt":"2025-03-04T00:09:09","slug":"sheinbaum-la-camara-de-diputados-definira-para-cuando-la-ley-contra-el-nepotismo","status":"publish","type":"post","link":"https:\/\/redsemlac.com\/semmexico\/sheinbaum-la-camara-de-diputados-definira-para-cuando-la-ley-contra-el-nepotismo\/","title":{"rendered":"Sheinbaum: la C\u00e1mara de Diputados definir\u00e1 para cu\u00e1ndo la ley contra el nepotismo"},"content":{"rendered":"\n<ul class=\"wp-block-list\">\n<li>En Morena no habr\u00e1 familiares, s\u00ed quieren, deber\u00e1n cambiar de partido<\/li>\n\n\n\n<li>Monreal dice que, si su hermano es senador, otro es gobernador y \u00e9l diputado es porque as\u00ed lo quiere la gente<\/li>\n\n\n\n<li>De Salgado Macedonio, me quedo con su primera versi\u00f3n, dice Sheinbaum<\/li>\n<\/ul>\n\n\n\n<p class=\"wp-block-paragraph\">Elda Montiel<\/p>\n\n\n\n<p class=\"wp-block-paragraph\">SemM\u00e9xico, Ciudad de M\u00e9xico, 3 de marzo, 2025.- La C\u00e1mara de Diputados ser\u00e1 quien defina si la iniciativa contra el nepotismo y la no reelecci\u00f3n ser\u00e1 para el proceso electoral del 2027, como originalmente fue enviada o en el 2030 como fue modificado por algunos integrantes del Senado de la Rep\u00fablica.<\/p>\n\n\n\n<p class=\"wp-block-paragraph\">As\u00ed lo reiter\u00f3 hoy en su conferencia la presidenta Claudia Sheinbaum Pardo, quien mand\u00f3 un mensaje cuando advirti\u00f3 que ning\u00fan asunto de ambici\u00f3n personal puede estar por encima del proyecto de la Cuarta Transformaci\u00f3n.<\/p>\n\n\n\n<p class=\"wp-block-paragraph\">Mientras el diputado Ricardo Monreal \u00c1vila, entrevistado este fin de semana en Tamaulipas, asegur\u00f3 que nada estaba decidido al respecto, pero que este lunes se revisar\u00eda la iniciativa en la C\u00e1mara de Diputados, adem\u00e1s de se\u00f1alar que apoyar\u00eda la Constituci\u00f3n y la Ley.<\/p>\n\n\n\n<p class=\"wp-block-paragraph\">Cuestionado respecto a las intenciones de su hermano, el senador Sa\u00fal Monreal de suceder a su otro hermano, el actual gobernador de Zacatecas, David Monreal, expres\u00f3 que no ser\u00eda correcto.&nbsp; &nbsp;&nbsp;&nbsp;&nbsp;&nbsp;<\/p>\n\n\n\n<p class=\"wp-block-paragraph\">Esta ma\u00f1ana, la presidenta Claudia Sheinbaum Pardo fue cuestionada sobre la iniciativa que envi\u00f3 sobre el nepotismo y no reelecci\u00f3n aprobada por el Senado, pero modificada para el 2030, respondi\u00f3 que hay que espera la definici\u00f3n en la C\u00e1mara de Diputados.<\/p>\n\n\n\n<p class=\"wp-block-paragraph\">A las y los morenistas que buscan participar por un cargo de elecci\u00f3n popular, y son familiares de quienes en este momento son gobernantes, les dijo que no se trata de \u201cun asunto de ambici\u00f3n personal\u201d, y no pueden estar por arriba del proyecto de Transformaci\u00f3n. Se\u00f1al\u00f3 que, si cambian de partido pol\u00edtico para alcanzar una candidatura, no les ir\u00e1 muy bien ya que se arriesgan a que la poblaci\u00f3n no les d\u00e9 su voto.<\/p>\n\n\n\n<p class=\"wp-block-paragraph\"><strong>Me quedo con lo que dijo primero, dice Sheinbaum de Salgado<\/strong><\/p>\n\n\n\n<p class=\"wp-block-paragraph\">Se le pregunto respecto a las declaraciones del senador F\u00e9lix Salgado Macedonio, padre de la actual gobernadora de Guerrero, quien sostuvo que \u201cde ganar las encuestas para postularse, as\u00ed como los comicios, no ser\u00e1 nepotismo, ya que llegar\u00eda con el apoyo del pueblo; la mandataria record\u00f3 que \u201chace como 15 d\u00edas dijo que no iba a ser candidato\u2026 yo me qued\u00f3 con la declaraci\u00f3n de hace 15 d\u00edas\u201d.<\/p>\n\n\n\n<p class=\"wp-block-paragraph\">Respecto a que la dirigencia de Morena anticip\u00f3 que en el 2027 no se postular\u00edan a familiares de gobernantes, Sheinbaum Pardo resalt\u00f3 que, de buscar participar en las pr\u00f3ximas elecciones, \u201ctendr\u00edan que irse por otro partido, pero no creo que les vaya muy bien\u201d.<\/p>\n\n\n\n<p class=\"wp-block-paragraph\"><strong>Fue por elecci\u00f3n popular, dice Monreal sobre su familia<\/strong><\/p>\n\n\n\n<p class=\"wp-block-paragraph\">El coordinador de la fracci\u00f3n parlamentaria de Morena y presidente de la Junta de Coordinaci\u00f3n Pol\u00edtica (JUCOPO) de la C\u00e1mara Baja expres\u00f3 que siempre se ha desempe\u00f1ado con honestidad en sus cargos y as\u00ed sus hermanos, uno es gobernador y otro senador, pero fue por elecci\u00f3n popular. \u201c<strong>La gente decidi\u00f3 que fuera as\u00ed, pero si entra esta reforma yo estoy de acuerdo\u201d.<\/strong><\/p>\n\n\n\n<p class=\"wp-block-paragraph\"><strong>Precis\u00f3 que \u00e9l \u201ctiene m\u00e1s de 40 a\u00f1os de ser legislador. Esta es la cuarta vez que soy diputado federal. He sido tres veces senador y fui gobernador. Todo fue por elecci\u00f3n popular, la gente confi\u00f3 en nosotros, y en m\u00e1s de 40 a\u00f1os que tengo de ser servidor p\u00fablico, nunca he sido llamado por un Ministerio P\u00fablico o por un juez\u201d.<\/strong><\/p>\n\n\n\n<p class=\"wp-block-paragraph\"><strong>El diputado precis\u00f3 que fue a presentar un libro de su autor\u00eda a la Universidad de Ta<\/strong><strong>ma<\/strong><strong>ulipas, ya que se dedica a dar clase en la UNAM.<\/strong><\/p>\n\n\n\n<p class=\"wp-block-paragraph\"><strong>SEM\/em\/sj<\/strong><strong><\/strong><\/p>\n","protected":false},"excerpt":{"rendered":"<p>Elda Montiel SemM\u00e9xico, Ciudad de M\u00e9xico, 3 de marzo, 2025.- La C\u00e1mara de Diputados ser\u00e1 quien defina si la iniciativa contra el nepotismo y la no reelecci\u00f3n ser\u00e1 para el proceso electoral del 2027, como originalmente fue enviada o en el 2030 como fue modificado por algunos integrantes del Senado de la Rep\u00fablica. As\u00ed lo [&hellip;]<\/p>\n","protected":false},"author":3,"featured_media":93201,"comment_status":"open","ping_status":"open","sticky":false,"template":"","format":"standard","meta":{"_monsterinsights_skip_tracking":false,"footnotes":""},"categories":[903],"tags":[],"class_list":["post-93200","post","type-post","status-publish","format-standard","has-post-thumbnail","category-presidenta-y-mas"],"_links":{"self":[{"href":"https:\/\/redsemlac.com\/semmexico\/wp-json\/wp\/v2\/posts\/93200","targetHints":{"allow":["GET"]}}],"collection":[{"href":"https:\/\/redsemlac.com\/semmexico\/wp-json\/wp\/v2\/posts"}],"about":[{"href":"https:\/\/redsemlac.com\/semmexico\/wp-json\/wp\/v2\/types\/post"}],"author":[{"embeddable":true,"href":"https:\/\/redsemlac.com\/semmexico\/wp-json\/wp\/v2\/users\/3"}],"replies":[{"embeddable":true,"href":"https:\/\/redsemlac.com\/semmexico\/wp-json\/wp\/v2\/comments?post=93200"}],"version-history":[{"count":0,"href":"https:\/\/redsemlac.com\/semmexico\/wp-json\/wp\/v2\/posts\/93200\/revisions"}],"wp:featuredmedia":[{"embeddable":true,"href":"https:\/\/redsemlac.com\/semmexico\/wp-json\/wp\/v2\/media\/93201"}],"wp:attachment":[{"href":"https:\/\/redsemlac.com\/semmexico\/wp-json\/wp\/v2\/media?parent=93200"}],"wp:term":[{"taxonomy":"category","embeddable":true,"href":"https:\/\/redsemlac.com\/semmexico\/wp-json\/wp\/v2\/categories?post=93200"},{"taxonomy":"post_tag","embeddable":true,"href":"https:\/\/redsemlac.com\/semmexico\/wp-json\/wp\/v2\/tags?post=93200"}],"curies":[{"name":"wp","href":"https:\/\/api.w.org\/{rel}","templated":true}]}}