{"id":93197,"date":"2025-03-03T18:06:10","date_gmt":"2025-03-04T00:06:10","guid":{"rendered":"https:\/\/redsemlac.com\/semmexico\/?p=93197"},"modified":"2025-03-03T18:06:11","modified_gmt":"2025-03-04T00:06:11","slug":"presentan-reforma-para-incorporar-la-violencia-simbolica-contra-las-mujeres","status":"publish","type":"post","link":"https:\/\/redsemlac.com\/semmexico\/presentan-reforma-para-incorporar-la-violencia-simbolica-contra-las-mujeres\/","title":{"rendered":"Presentan reforma para incorporar la violencia simb\u00f3lica contra las mujeres"},"content":{"rendered":"\n<ul class=\"wp-block-list\">\n<li>Se adicionar\u00eda la Ley General de Acceso de las Mujeres a una Vida Libre de Violencia<\/li>\n\n\n\n<li>Iniciativa de la diputada Anais Miriam Burgos Hern\u00e1ndez<\/li>\n<\/ul>\n\n\n\n<p class=\"wp-block-paragraph\">SemM\u00e9xico, Ciudad de M\u00e9xico, 3 de marzo, 2025.- La diputada Anais Miriam Burgos Hern\u00e1ndez (Morena) propuso una iniciativa que plantea adicionar la fracci\u00f3n VII al art\u00edculo 6 de la Ley General de Acceso de las Mujeres a una Vida Libre de Violencia, con el objetivo de incorporar la violencia simb\u00f3lica.<\/p>\n\n\n\n<p class=\"wp-block-paragraph\">Define dicha violencia como cualquier acto u omisi\u00f3n que produzca un da\u00f1o o menoscabo a trav\u00e9s de patrones estereotipados, mensajes, valores, \u00edconos, im\u00e1genes o signos, transmita y reproduzca dominaci\u00f3n, cosificaci\u00f3n, desigualdad y discriminaci\u00f3n en las relaciones sociales en los \u00e1mbitos p\u00fablico y privado, naturalizando la subordinaci\u00f3n de la mujer en cualquier \u00e1mbito de la sociedad.<\/p>\n\n\n\n<p class=\"wp-block-paragraph\">La propuesta, enviada a la Comisi\u00f3n de Igualdad de G\u00e9nero, refiere que la violencia a la que son v\u00edctimas las mujeres no solo se trata de golpes f\u00edsicos, o de la modalidad m\u00e1s extrema de todas, que conlleva al asesinato, es decir, el feminicidio, sino hay tipos m\u00e1s sutiles e incluso normalizados socialmente, tal es el caso de la violencia simb\u00f3lica.<\/p>\n\n\n\n<p class=\"wp-block-paragraph\">Explica que la violencia simb\u00f3lica es una expresi\u00f3n que evidencia relaciones de poder y desigualdad entre hombres y mujeres; por ello, es importante crear reformas que eviten estos actos que pueden tener un impacto devastador en la autoestima, la dignidad y el bienestar de las mujeres.<\/p>\n\n\n\n<p class=\"wp-block-paragraph\">Se\u00f1ala que la cosificaci\u00f3n de las mujeres entra en lo que se denomina como \u201cviolencia simb\u00f3lica\u201d e implica hacer uso de ellas o de su imagen para fines que la injurian y le quitan su calidad de ser humano, convirti\u00e9ndolas en un objeto sexual a disposici\u00f3n de los hombres.<\/p>\n\n\n\n<p class=\"wp-block-paragraph\">Enfatiza que legislar sobre el tema no es limitar la libertad de expresi\u00f3n, sino protegerla, ya que se garantiza el derecho de todas las personas a expresarse de manera libre y respetuosa, as\u00ed como a no ser objeto de discriminaci\u00f3n o de violencia.&nbsp;<\/p>\n\n\n\n<p class=\"wp-block-paragraph\">Reitera que el marco normativo debe ser preciso respecto a la violencia simb\u00f3lica, a fin de establecer l\u00edmites claros para la comunicaci\u00f3n que promueve la violencia o la discriminaci\u00f3n y estipular mecanismos efectivos para prevenirla y sancionarla.<\/p>\n\n\n\n<p class=\"wp-block-paragraph\">Por ello, apunta, el objetivo central de la presente iniciativa es concientizar sobre la importancia que tienen las im\u00e1genes y discursos, as\u00ed como los usos de lenguaje y expresiones presentes en los medios de comunicaci\u00f3n, ya que es a trav\u00e9s de estos que se reproducen estereotipos de g\u00e9nero y desigualdades cuyas repercusiones perpet\u00faan las inequidades de g\u00e9nero en la sociedad.<\/p>\n\n\n\n<p class=\"wp-block-paragraph\">La diputada afirma que de aprobarse esta reforma se promover\u00eda la construcci\u00f3n de una sociedad m\u00e1s justa, igualitaria y respetuosa, adem\u00e1s de que el pa\u00eds se sumar\u00eda a la responsabilidad que lanz\u00f3 Organizaci\u00f3n de las Naciones Unidas (ONU) a todos los gobiernos y donde establece que \u201cprevenir la violencia contra las mujeres implica un compromiso con el reconocimiento de todas sus manifestaciones que d\u00eda a d\u00eda est\u00e1n presentes en la sociedad\u201d.<\/p>\n\n\n\n<p class=\"wp-block-paragraph\">SEM\/sj<\/p>\n","protected":false},"excerpt":{"rendered":"<p>SemM\u00e9xico, Ciudad de M\u00e9xico, 3 de marzo, 2025.- La diputada Anais Miriam Burgos Hern\u00e1ndez (Morena) propuso una iniciativa que plantea adicionar la fracci\u00f3n VII al art\u00edculo 6 de la Ley General de Acceso de las Mujeres a una Vida Libre de Violencia, con el objetivo de incorporar la violencia simb\u00f3lica. Define dicha violencia como cualquier [&hellip;]<\/p>\n","protected":false},"author":3,"featured_media":93198,"comment_status":"open","ping_status":"open","sticky":false,"template":"","format":"standard","meta":{"_monsterinsights_skip_tracking":false,"footnotes":""},"categories":[50],"tags":[],"class_list":["post-93197","post","type-post","status-publish","format-standard","has-post-thumbnail","category-congreso"],"_links":{"self":[{"href":"https:\/\/redsemlac.com\/semmexico\/wp-json\/wp\/v2\/posts\/93197","targetHints":{"allow":["GET"]}}],"collection":[{"href":"https:\/\/redsemlac.com\/semmexico\/wp-json\/wp\/v2\/posts"}],"about":[{"href":"https:\/\/redsemlac.com\/semmexico\/wp-json\/wp\/v2\/types\/post"}],"author":[{"embeddable":true,"href":"https:\/\/redsemlac.com\/semmexico\/wp-json\/wp\/v2\/users\/3"}],"replies":[{"embeddable":true,"href":"https:\/\/redsemlac.com\/semmexico\/wp-json\/wp\/v2\/comments?post=93197"}],"version-history":[{"count":0,"href":"https:\/\/redsemlac.com\/semmexico\/wp-json\/wp\/v2\/posts\/93197\/revisions"}],"wp:featuredmedia":[{"embeddable":true,"href":"https:\/\/redsemlac.com\/semmexico\/wp-json\/wp\/v2\/media\/93198"}],"wp:attachment":[{"href":"https:\/\/redsemlac.com\/semmexico\/wp-json\/wp\/v2\/media?parent=93197"}],"wp:term":[{"taxonomy":"category","embeddable":true,"href":"https:\/\/redsemlac.com\/semmexico\/wp-json\/wp\/v2\/categories?post=93197"},{"taxonomy":"post_tag","embeddable":true,"href":"https:\/\/redsemlac.com\/semmexico\/wp-json\/wp\/v2\/tags?post=93197"}],"curies":[{"name":"wp","href":"https:\/\/api.w.org\/{rel}","templated":true}]}}