{"id":93186,"date":"2025-03-03T16:27:39","date_gmt":"2025-03-03T22:27:39","guid":{"rendered":"https:\/\/redsemlac.com\/semmexico\/?p=93186"},"modified":"2025-03-03T16:27:40","modified_gmt":"2025-03-03T22:27:40","slug":"marzo-el-mes-mas-peligroso-para-las-defensoras-mesoamericanas-de-derechos-humanos","status":"publish","type":"post","link":"https:\/\/redsemlac.com\/semmexico\/marzo-el-mes-mas-peligroso-para-las-defensoras-mesoamericanas-de-derechos-humanos\/","title":{"rendered":"Marzo el mes m\u00e1s peligroso para las defensoras mesoamericanas de derechos humanos"},"content":{"rendered":"\n<ul class=\"wp-block-list\">\n<li>En los \u00faltimos cinco a\u00f1os se han registrado 845 agresiones contra 633 defensoras y 63 organizaciones<\/li>\n\n\n\n<li>En Nicaragua las mujeres cumplen siete a\u00f1os sin poder salir a las calles<\/li>\n<\/ul>\n\n\n\n<p class=\"wp-block-paragraph\">Redacci\u00f3n<\/p>\n\n\n\n<p class=\"wp-block-paragraph\">SemM\u00e9xico, Ciudad de M\u00e9xico, 3 de marzo, 2025.- Este mes de marzo, durante los \u00faltimos cinco a\u00f1os (2020-2024), hemos registrado&nbsp;tres 845 agresiones contra 633 defensoras y 63 organizaciones que defienden derechos humanos en M\u00e9xico, Honduras, El Salvador y Nicaragua, lo que representa 13 por ciento del total de agresiones documentadas en este per\u00edodo.<\/p>\n\n\n\n<figure class=\"wp-block-image size-large\"><a href=\"https:\/\/redsemlac.com\/semmexico\/wp-content\/uploads\/2025\/03\/Grafico-datos-duelen-marzo.jpg\"><img loading=\"lazy\" decoding=\"async\" width=\"1024\" height=\"576\" src=\"https:\/\/redsemlac.com\/semmexico\/wp-content\/uploads\/2025\/03\/Grafico-datos-duelen-marzo-1024x576.jpg\" alt=\"\" class=\"wp-image-93188\" srcset=\"https:\/\/redsemlac.com\/semmexico\/wp-content\/uploads\/2025\/03\/Grafico-datos-duelen-marzo-1024x576.jpg 1024w, https:\/\/redsemlac.com\/semmexico\/wp-content\/uploads\/2025\/03\/Grafico-datos-duelen-marzo-300x169.jpg 300w, https:\/\/redsemlac.com\/semmexico\/wp-content\/uploads\/2025\/03\/Grafico-datos-duelen-marzo-768x432.jpg 768w, https:\/\/redsemlac.com\/semmexico\/wp-content\/uploads\/2025\/03\/Grafico-datos-duelen-marzo-150x84.jpg 150w, https:\/\/redsemlac.com\/semmexico\/wp-content\/uploads\/2025\/03\/Grafico-datos-duelen-marzo-696x391.jpg 696w, https:\/\/redsemlac.com\/semmexico\/wp-content\/uploads\/2025\/03\/Grafico-datos-duelen-marzo-1068x601.jpg 1068w, https:\/\/redsemlac.com\/semmexico\/wp-content\/uploads\/2025\/03\/Grafico-datos-duelen-marzo.jpg 1323w\" sizes=\"auto, (max-width: 1024px) 100vw, 1024px\" \/><\/a><\/figure>\n\n\n\n<p class=\"wp-block-paragraph\">De esta forma, marzo, llamado \u201cmes de las mujeres\u201d debido a la fuerza y la visibilidad que cobran las diversas luchas de las mujeres alrededor del&nbsp;D\u00eda Internacional de la Mujer (8M), se consolida como el mes m\u00e1s peligroso para las defensoras de derechos humanos. Esta es una tendencia que ya hemos ido se\u00f1alando en a\u00f1os anteriores.<\/p>\n\n\n\n<p class=\"wp-block-paragraph\">Seg\u00fan datos preliminares de nuestro registro,&nbsp;en marzo de 2024 documentamos 923 agresiones contra 132 defensoras y dos organizaciones o grupos. Esto representa 13 por ciento de las siete mil 345 agresiones registradas en el conjunto del a\u00f1o.<\/p>\n\n\n\n<p class=\"wp-block-paragraph\">Las agresiones registradas el marzo de 2024 fueron dirigidas principalmente contra defensoras del derecho de las mujeres a una vida libre de violencia (26 %), de la tierra y el territorio (23 %), de la participaci\u00f3n pol\u00edtica (15 %) y de la libertad de expresi\u00f3n (15 %), entre otras. Adem\u00e1s, identificamos claras intenciones de discriminaci\u00f3n por razones de g\u00e9nero en m\u00e1s de la mitad de las agresiones documentadas.<\/p>\n\n\n\n<p class=\"wp-block-paragraph\"><strong>Agresiones en nuestras ciudades<\/strong><\/p>\n\n\n\n<p class=\"wp-block-paragraph\">El 8M, D\u00eda internacional de la Mujer, salimos a las calles, colectivizamos nuestra voz, denunciamos las violencias e impunidad patriarcales, compartimos nuestras propuestas emancipadoras y nos cuidamos juntas. As\u00ed, nos movilizamos en distintos territorios del mundo y de nuestra regi\u00f3n y en solidaridad con&nbsp;nuestras compa\u00f1eras nicarag\u00fcenses que cumplen siete a\u00f1os sin poder salir a sus calles&nbsp;a manifestarse debido a la represi\u00f3n estatal y el exilio.<\/p>\n\n\n\n<p class=\"wp-block-paragraph\">Durante marzo 2024, a nivel regional documentamos&nbsp;651 agresiones vinculadas a acciones colectivas&nbsp;como violencia f\u00edsica, psicol\u00f3gica y verbal (130), hostigamientos (51) y amenazas (53) y ataques por manifestarse pac\u00edficamente (40). Solamente&nbsp;<a href=\"https:\/\/im-defensoras.org\/2024\/03\/la-red-nacional-de-defensoras-de-derechos-humanos-en-mexico-condena-los-actos-de-represion-y-violencia-cometidos-en-contra-de-las-movilizaciones-realizadas-en-el-marco-del-8m-dia-internacional-de-la-mujer\/\" target=\"_blank\" rel=\"noreferrer noopener\">en M\u00e9xico<\/a>, registramos un total de 324 agresiones colectivas en contra de defensoras y periodistas.&nbsp;<a href=\"https:\/\/im-defensoras.org\/2024\/07\/comunicado-mujeres-victimas-de-la-represion-del-8m-en-zacatecas-demandan-la-diligente-investigacion-de-los-hechos-y-debida-procuracion-de-justicia-ante-la-deficiente-actuacion-de-las-autoridades-responsables\/\" target=\"_blank\" rel=\"noreferrer noopener\">En Zacatecas<\/a>, un grupo de manifestantes fueron v\u00edctimas de uso excesivo de la fuerza, detenci\u00f3n arbitraria, robo, amenazas de desaparici\u00f3n, tortura y tratos crueles e inhumanos perpetrado por fuerzas policiales estatales y municipales. Adem\u00e1s de la violaci\u00f3n del derecho a libertad e integridad personal, el caso se mantiene en la impunidad, violentando gravemente el derecho de acceso a la justicia de las v\u00edctimas.<\/p>\n\n\n\n<p class=\"wp-block-paragraph\">Estas agresiones buscan desarticular el poder colectivo de las defensoras, generar afectaciones que limiten su derecho a manifestarse pac\u00edficamente e infundir miedo para que se abstengan de participar en movilizaciones futuras. Identificamos, por ejemplo, a autoridades policiales que al agredir f\u00edsicamente tambi\u00e9n expresan \u201ca ver si vuelves a marchar\u201d o \u201c\u00bfdonde est\u00e1n tus amigas?\u201d.<\/p>\n\n\n\n<p class=\"wp-block-paragraph\">Agresiones en nuestras comunidades<\/p>\n\n\n\n<p class=\"wp-block-paragraph\">Adem\u00e1s de las violencias vinculadas al contexto de la conmemoraci\u00f3n del 8M,&nbsp;en Honduras documentamos en marzo de 2024 preocupantes agresiones contra defensoras de la tierra y el territorio, incluyendo amenazas e intimidaciones, \u00f3rdenes de desalojo forzoso y desplazamiento interno de comunidades que ejercen su leg\u00edtimo derecho a vivir con dignidad y recuperar tierras ancestrales o comunitarias. Este es el caso de la&nbsp;<a href=\"https:\/\/im-defensoras.org\/2024\/03\/alerta-defensoras-honduras-se-intensifican-ataques-y-hostigamiento-contra-comunidad-garifuna-de-triunfo-de-la-cruz\/\" target=\"_blank\" rel=\"noreferrer noopener\">comunidad gar\u00edfuna de Triunfo de la Cruz<\/a>, en Tela, departamento de la Atl\u00e1ntida, quienes cuentan desde 2015 con una sentencia de la Corte Interamericana de Derechos Humanos que reconoce el derecho al territorio y obliga al Estado a garantizarlo.<\/p>\n\n\n\n<p class=\"wp-block-paragraph\">En nuestras comunidades tambi\u00e9n documentamos graves agresiones como la criminalizaci\u00f3n, la desaparici\u00f3n y el feminicidio. En El Salvador, contraria a la narrativa de pa\u00eds seguro, la defensora y lideresa del Movimiento Salvadore\u00f1o de Mujeres (MSM)&nbsp;<a href=\"https:\/\/im-defensoras.org\/2024\/03\/alerta-defensoras-el-salvador-desaparicion-forzada-y-asesinato-de-la-defensora-rosa-elvira-flores-martinez-lideresa-del-movimiento-salvadoreno-de-mujeres\/\" target=\"_blank\" rel=\"noreferrer noopener\">Rosa Elvira Flores Mart\u00ednez fue encontrada sin vida<\/a>&nbsp;y con indicios de violencia en el Cant\u00f3n Los Lagartos, municipio de San Juli\u00e1n, departamento de Sonsonate. Ese mismo mes, en el marco de las arbitrariedades del r\u00e9gimen de excepci\u00f3n impuesto por el gobierno salvadore\u00f1o desde marzo de 2022,&nbsp;<a href=\"https:\/\/im-defensoras.org\/2024\/03\/alerta-defensoras-el-salvador-detienen-y-criminalizan-a-la-defensora-buscadora-veronica-delgado-en-el-marco-del-regimen-de-excepcion\/\" target=\"_blank\" rel=\"noreferrer noopener\">la defensora Ver\u00f3nica Delgado fue detenida de forma arbitraria<\/a>.<\/p>\n\n\n\n<p class=\"wp-block-paragraph\"><strong>Agresiones en territorios digitales<\/strong><\/p>\n\n\n\n<p class=\"wp-block-paragraph\">En marzo de 2024 registramos&nbsp;272 agresiones digitales contra defensoras y sus organizaciones o grupos, principalmente perpetradas por usuarios virtuales desconocidos en redes sociales. Esto representa una de cada tres agresiones durante el mes de marzo en Mesoam\u00e9rica. Entre estas agresiones destacan la divulgaci\u00f3n de hechos falsos (49), cuestionamiento o puesta en duda del liderazgo (46), ridiculizaci\u00f3n (34) y odio viral (33), las cuales buscan desprestigiar a quienes se manifiestan presencial o virtualmente en el marco del #8M.<\/p>\n\n\n\n<p class=\"wp-block-paragraph\">En Nicaragua, 64% de las agresiones de marzo 2024 se perpetraron en espacios digitales, siendo esta una de las principales formas de seguir agrediendo a las defensoras que, debido a la represi\u00f3n y la persecuci\u00f3n pol\u00edtica, han sido desterradas o se han visto forzadas al exilio. En estas agresiones identificamos discursos de odio que hacen referencia a la orientaci\u00f3n sexual de las defensoras nicarag\u00fcenses&nbsp;(\u201csexo cambiado\u201d, \u201ct\u00fa eres lesbiana no cabes ac\u00e1\u201d), as\u00ed como expresiones estigmatizantes sobre su activismo como:&nbsp;\u201cinstrumento del diablo\u201d, \u201cactivista abortista\u201d, \u201cplaga comunista\u201d, \u201cfemiloca, \u201cfeminazis\u201d, \u201cbasura progre\u201d,&nbsp;entre otros.<\/p>\n\n\n\n<p class=\"wp-block-paragraph\">Marzo de 2025: un 8M en tiempos de autoritarismo y discursos de odio.<\/p>\n\n\n\n<p class=\"wp-block-paragraph\">Este marzo de 2025 nos enfrentamos al auge de un contexto global donde el autoritarismo gana espacio y legitima las desigualdades a partir de ataques al feminismo, discursos de odio, fascistas, xenof\u00f3bicos y&nbsp;homo-lesbo-transf\u00f3bicos. Nuestras luchas por nuevos mundos posibles y la defensa de los derechos conquistados se ven amenazadas por narrativas antiderechos que utilizan diferentes expresiones de violencias para limitar nuestro actuar en nuestras ciudades, nuestras comunidades y el territorio digital.<\/p>\n\n\n\n<p class=\"wp-block-paragraph\">Ahora m\u00e1s que nunca es fundamental que las voces de las mujeres y disidencias sexo-gen\u00e9ricas resuenen en las calles y territorios digitales, dejando claro que no estamos dispuestas a retroceder en ninguno de los derechos conquistados y que nos mantenemos firmes, tercas, rebeldes y cuid\u00e1ndonos juntas en el camino de defender lo ganado y seguir avanzando hacia la conquista de nuevos derechos.<\/p>\n\n\n\n<p class=\"wp-block-paragraph\">Por ello, desde la IM-Defensoras, junto con nuestras redes y articulaciones nacionales y territoriales, durante este mes nos mantendremos vigilantes, recordando a los Estados que marchar y alzar la voz es nuestro derecho, y documentando y denunciando las agresiones y violencias patriarcales dirigidas contra las defensoras mesoamericanas, sus organizaciones y comunidades.<\/p>\n\n\n\n<p class=\"wp-block-paragraph\">SEM\/sj<\/p>\n\n\n\n<figure class=\"wp-block-image size-large\"><a href=\"https:\/\/redsemlac.com\/semmexico\/wp-content\/uploads\/2025\/03\/no-nos-callaran.png\"><img loading=\"lazy\" decoding=\"async\" width=\"1024\" height=\"1024\" src=\"https:\/\/redsemlac.com\/semmexico\/wp-content\/uploads\/2025\/03\/no-nos-callaran-1024x1024.png\" alt=\"\" class=\"wp-image-93187\" srcset=\"https:\/\/redsemlac.com\/semmexico\/wp-content\/uploads\/2025\/03\/no-nos-callaran-1024x1024.png 1024w, https:\/\/redsemlac.com\/semmexico\/wp-content\/uploads\/2025\/03\/no-nos-callaran-300x300.png 300w, https:\/\/redsemlac.com\/semmexico\/wp-content\/uploads\/2025\/03\/no-nos-callaran-150x150.png 150w, https:\/\/redsemlac.com\/semmexico\/wp-content\/uploads\/2025\/03\/no-nos-callaran-768x768.png 768w, https:\/\/redsemlac.com\/semmexico\/wp-content\/uploads\/2025\/03\/no-nos-callaran-1536x1536.png 1536w, https:\/\/redsemlac.com\/semmexico\/wp-content\/uploads\/2025\/03\/no-nos-callaran-696x696.png 696w, https:\/\/redsemlac.com\/semmexico\/wp-content\/uploads\/2025\/03\/no-nos-callaran-1068x1068.png 1068w, https:\/\/redsemlac.com\/semmexico\/wp-content\/uploads\/2025\/03\/no-nos-callaran.png 1600w\" sizes=\"auto, (max-width: 1024px) 100vw, 1024px\" \/><\/a><\/figure>\n","protected":false},"excerpt":{"rendered":"<p>Redacci\u00f3n SemM\u00e9xico, Ciudad de M\u00e9xico, 3 de marzo, 2025.- Este mes de marzo, durante los \u00faltimos cinco a\u00f1os (2020-2024), hemos registrado&nbsp;tres 845 agresiones contra 633 defensoras y 63 organizaciones que defienden derechos humanos en M\u00e9xico, Honduras, El Salvador y Nicaragua, lo que representa 13 por ciento del total de agresiones documentadas en este per\u00edodo. De [&hellip;]<\/p>\n","protected":false},"author":3,"featured_media":93189,"comment_status":"open","ping_status":"open","sticky":false,"template":"","format":"standard","meta":{"_monsterinsights_skip_tracking":false,"footnotes":""},"categories":[694],"tags":[],"class_list":["post-93186","post","type-post","status-publish","format-standard","has-post-thumbnail","category-destacadas"],"_links":{"self":[{"href":"https:\/\/redsemlac.com\/semmexico\/wp-json\/wp\/v2\/posts\/93186","targetHints":{"allow":["GET"]}}],"collection":[{"href":"https:\/\/redsemlac.com\/semmexico\/wp-json\/wp\/v2\/posts"}],"about":[{"href":"https:\/\/redsemlac.com\/semmexico\/wp-json\/wp\/v2\/types\/post"}],"author":[{"embeddable":true,"href":"https:\/\/redsemlac.com\/semmexico\/wp-json\/wp\/v2\/users\/3"}],"replies":[{"embeddable":true,"href":"https:\/\/redsemlac.com\/semmexico\/wp-json\/wp\/v2\/comments?post=93186"}],"version-history":[{"count":0,"href":"https:\/\/redsemlac.com\/semmexico\/wp-json\/wp\/v2\/posts\/93186\/revisions"}],"wp:featuredmedia":[{"embeddable":true,"href":"https:\/\/redsemlac.com\/semmexico\/wp-json\/wp\/v2\/media\/93189"}],"wp:attachment":[{"href":"https:\/\/redsemlac.com\/semmexico\/wp-json\/wp\/v2\/media?parent=93186"}],"wp:term":[{"taxonomy":"category","embeddable":true,"href":"https:\/\/redsemlac.com\/semmexico\/wp-json\/wp\/v2\/categories?post=93186"},{"taxonomy":"post_tag","embeddable":true,"href":"https:\/\/redsemlac.com\/semmexico\/wp-json\/wp\/v2\/tags?post=93186"}],"curies":[{"name":"wp","href":"https:\/\/api.w.org\/{rel}","templated":true}]}}