{"id":9302,"date":"2019-06-27T19:45:17","date_gmt":"2019-06-27T19:45:17","guid":{"rendered":"https:\/\/redsemlac.com\/semmexico\/?p=9302"},"modified":"2023-07-21T14:49:38","modified_gmt":"2023-07-21T19:49:38","slug":"ambigu-14","status":"publish","type":"post","link":"https:\/\/redsemlac.com\/semmexico\/ambigu-14\/","title":{"rendered":"Ambig\u00fa"},"content":{"rendered":"\n<h2 class=\"wp-block-heading\"><strong>Amlo\/Morena, el desgaste que no ven<\/strong><\/h2>\n\n\n\n<p class=\"wp-block-paragraph\"><strong>Hoy, 4 de cada 10, indecisos; por el guinda, 30%: GEA ISA<\/strong><\/p>\n\n\n\n<p class=\"wp-block-paragraph\"><strong>Martha Elba Torres Mart\u00ednez<\/strong><\/p>\n\n\n\n<p class=\"wp-block-paragraph\">SemM\u00e9xico. 27 de junio 2019.- En los cuernos de la luna, el\npresidente L\u00f3pez Obrador y Morena festejar\u00e1n a lo grande y con \u201cbailongo\u201d el 1\nde julio, los 30 millones de votos que los llev\u00f3 al poder. Siete meses de\nequivocaciones y desatinos; m\u00e1s de 20 mil homicidios, recortes presupuestales a\nsalud y educaci\u00f3n, desempleo, crisis migratoria y los comprometidos 100\nmillones de d\u00f3lares a Centroam\u00e9rica, ya poncharon la bolsa de la popularidad.<\/p>\n\n\n\n<p class=\"wp-block-paragraph\">Este mi\u00e9rcoles 26, GEA Grupo de Economistas y Asociados e\nISA Investigaciones Sociales Aplicadas S.C. presentaron los resultados de su\nm\u00e1s reciente estudio sobre el clima pol\u00edtico y social (junio 2019) en estos\nsiete meses de la 4T y no hizo m\u00e1s que confirmar lo que ya percib\u00eda en mi\nvecindario, al hacer las compras en el tianguis, entre mis colegas del gremio y\nen sala de espera para la consulta en Oncolog\u00eda y con 35 pacientes antes de mi:\ncomo el sargazo, la decepci\u00f3n comienza a tocar playas:<\/p>\n\n\n\n<p class=\"wp-block-paragraph\">Aprobaci\u00f3n: 66% (se mantiene); Percepci\u00f3n de mejor\u00eda en\neducaci\u00f3n, salud p\u00fablica, defensa del pa\u00eds, combate a la corrupci\u00f3n y\nseguridad, cae en todos. Este \u00faltimo se desploma de 28% en septiembre de 2018 a\n12 en junio 2019. <\/p>\n\n\n\n<p class=\"wp-block-paragraph\">Por los recortes se sienten afectados, 40% de los\nencuestados; respecto a los migrantes, 51% est\u00e1n a favor que se deporten y 29%\nque se vayan a EU. No se consider\u00f3 el tema de los 30 mdd para Centroam\u00e9rica).<\/p>\n\n\n\n<p class=\"wp-block-paragraph\">Si en este momento fueran las elecciones para diputados\nfederales (que ser\u00e1n en el 2021), 40% no sabe por qu\u00e9 partido votar; por\nMorena, 30%, PAN, 14%, PRI, 10%, PRD, 5%, otros 1%. (Recuperado en: <a href=\"file:\/\/\/D:\\Downloads\\COMUNICADO%20-%20GEA-ISA%20(1)%20(1).pdf)\">file:\/\/\/D:\/Downloads\/COMUNICADO%20-%20GEA-ISA%20(1)%20(1).pdf)<\/a><\/p>\n\n\n\n<p class=\"wp-block-paragraph\">El mismo pr\u00f3ximo lunes, podremos ver otra se\u00f1al.<\/p>\n\n\n\n<p class=\"wp-block-paragraph\">El 1 diciembre de 2018, unas 160 mil personas en el Z\u00f3calo\ncapitalino para la unci\u00f3n. No dudo que este a\u00f1o la repitan, pero parece ser que\nla cartelera de artistas demerit\u00f3. Al cierre de esta entrega, la \u00fanica\nconfirmada y que repite, es Margarita \u201cla diosa de la cumbia\u201d. Ya no estar\u00e1 la\nSinf\u00f3nica Nacional, sino el mariachi del Ej\u00e9rcito y las orquestas de la Marina\n\u2013que si es un espect\u00e1culo digno de disfrutarse-.<\/p>\n\n\n\n<p class=\"wp-block-paragraph\">Por ejemplo, nada del amigo y cuasicompadre Silvio\nRodr\u00edguez, Eugenia Le\u00f3n ni de Regina Orozco. Menos la Belinda, tan pejecista\nque era. Ni Calle 13 ni la orquesta de P\u00e9rez Prado. Pero, bueno, quien quite\nque alg\u00fan grupo o artista del momento sin fecha para trabajar, se anime a un\npalomazo.<\/p>\n\n\n\n<p class=\"wp-block-paragraph\">A las cinco de la tarde \u2013como lo adelant\u00f3-, el jefe del Ejecutivo Federal rendir\u00e1 su informe del estado que guarda el pa\u00eds, de acuerdo a sus \u201cpropios datos\u201d. Las calificadoras, el Banco de M\u00e9xico, los analistas financieros que ahora s\u00ed se equivocan en sus prospectivas macroecon\u00f3micas, valen gorro. El \u00fanico que sabe c\u00f3mo est\u00e1 el pa\u00eds y lo que pasa, es el Presidente. Las recurrentes aclaraciones de sus propios colaboradores son para fif\u00eds.<\/p>\n\n\n\n<p class=\"wp-block-paragraph\">Luego entonces, M\u00e9xico va bien, en marcha, va a decir el\nPresidente, a pesar de los obst\u00e1culos que le ponen enfrente sus adversarios, el\nconservadurismo. Como la enorme marea de sargazo de 550 kil\u00f3metros de di\u00e1metro,\nque se desplaza por el Mar Caribe rumbo al sureste de M\u00e9xico, afectando el\necosistema, la pesca y turismo en lugares veraniegos como Canc\u00fan y la Riviera\nMaya.<\/p>\n\n\n\n<p class=\"wp-block-paragraph\">Y tan es un asunto sin importancia para L\u00f3pez Obrador, que\nni siquiera mand\u00f3 a un representante de cuarta, al encuentro de Alto Nivel para\nla Atenci\u00f3n del Sargazo en el Gran Caribe por parte de 12 pa\u00edses de la regi\u00f3n y\nque se realiz\u00f3 precisamente en Canc\u00fan.<\/p>\n\n\n\n<p class=\"wp-block-paragraph\">Pero en lo que el Ej\u00e9rcito y la Polic\u00eda Federal vestidos de\nGuardia Nacional forman los muros humanos en las fronteras sur y norte de\nM\u00e9xico, y la Marina se pone a levantar con palas la macroalga \u2013a ver cu\u00e1ndo\nterminan-, \u00bfqui\u00e9n diantres enfrenta a los malosos? En el primer semestre del\na\u00f1o, 17 mil homicidios y 500 feminicidios.<\/p>\n\n\n\n<p class=\"wp-block-paragraph\">Pero estos son los datos del Secretariado Ejecutivo del\nSistema Nacional de Seguridad P\u00fablica (SESNSP). Amlo tiene los suyos y esos son\nlos que cuentan para realidad de la 4T\u2026<\/p>\n\n\n\n<p class=\"wp-block-paragraph\">\u00a0\u00a0\u00a0\u00a0\u00a0\u00a0\u00a0\u00a0\u00a0\u00a0\u00a0\u00a0\u00a0\u00a0\u00a0\u00a0\u00a0\u00a0\u00a0\u00a0\u00a0\u00a0\u00a0\u00a0\u00a0\u00a0\u00a0\u00a0\u00a0\u00a0\u00a0\u00a0\u00a0\u00a0\u00a0\u00a0\u00a0\u00a0\u00a0\u00a0\u00a0\u00a0\u00a0\u00a0\u00a0\u00a0\u00a0\u00a0\u00a0\u00a0\u00a0\u00a0\u00a0\u00a0\u00a0\u00a0\u00a0\u00a0\u00a0\u00a0\u00a0\u00a0\u00a0\u00a0\u00a0\u00a0\u00a0\u00a0\u00a0\u00a0\u00a0\u00a0\u00a0\u00a0\u00a0\u00a0\u00a0 <strong>***<\/strong><\/p>\n\n\n\n<p class=\"wp-block-paragraph\">Pero construir realidades desde la interpretaci\u00f3n subjetiva\nde los fen\u00f3menos sociales y sin una metodolog\u00eda seria y objetiva, irremediable\nlleva al fracaso te\u00f3rico.<\/p>\n\n\n\n<p class=\"wp-block-paragraph\">Coincido con los estudiosos de la comunicaci\u00f3n, que L\u00f3pez\nObrador no solo construy\u00f3 un nuevo paradigma para esta ciencia y su praxis, con\nlas conferencias ma\u00f1aneras, a partir del viejo modelo de comunicaci\u00f3n lineal,\npero donde el emisor es el mensaje.<\/p>\n\n\n\n<p class=\"wp-block-paragraph\">Todas las ma\u00f1anas, el Presidente, desde Palacio Nacional o\nuna plaza p\u00fablica, con sus diferentes lenguajes \u2013verbal y no verbal-, llega,\ndice lo que se le antoja, le pone sus chingas a sus adversarios y marca la\nagenda medi\u00e1tica del d\u00eda. Todos hablan de ello y comparten, a favor o en contra,\nsin matices. As\u00ed de polarizada la \u201copini\u00f3n p\u00fablica\u201d y por tanto la presi\u00f3n\nsobre el proceso comunicativo.<\/p>\n\n\n\n<p class=\"wp-block-paragraph\">Los monitoreos del investigador Luis Estrada sobre las\nconferencias, han demostrado que los seguidores de Amlo en las redes han\ndisminuido dr\u00e1sticamente, por ejemplo, de m\u00e1s un mill\u00f3n en <em>followers<\/em> en enero, a unos 600 mil en mayo. Si. Claro que siguen\nsiendo muchos, pero son indiscutiblemente menos y eso indica que hay fallas.<\/p>\n\n\n\n<p class=\"wp-block-paragraph\">Pero no se requiere mucha ciencia para, a partir de la\nobservaci\u00f3n, darse cuenta que el Presidente se desgasta aceleradamente. La\nconfrontaci\u00f3n no es solo de la prensa y en RPs de sus giras; es en las plazas\np\u00fablicas, donde lo abuchean y le reclaman. La ni\u00f1a y su \u201cbritneyse\u00f1al\u201d en Yucat\u00e1n,\nque nunca aclar\u00f3 si era para el Presidente o por la toma de la c\u00e1mara que hac\u00eda\nel paneo del auditorio. Como sea, le pint\u00f3 el dedo grosero a L\u00f3pez Obrador y\neso fue viral.<\/p>\n\n\n\n<p class=\"wp-block-paragraph\">Hay desencanto. Pero ni L\u00f3pez Obrador ni la c\u00fapula de\nMorena, lo quieren reconocer. Est\u00e1n alucinados de poder. <\/p>\n\n\n\n<p class=\"wp-block-paragraph\">Qu\u00e9 arrogancia de Ricardo Monreal, que en tono compasivo,\nreconoc\u00eda el temor de la oposici\u00f3n de que Amlo apareciera en las boletas de las\nelecciones intermedias del 2021 con la renovaci\u00f3n o no del mandato. \u201cTienen\nraz\u00f3n. Si aparece en la boleta, van a ser triturados\u201d.<\/p>\n\n\n\n<p class=\"wp-block-paragraph\">En pol\u00edtica y m\u00e1s sobre elecciones, nunca hay tiempos\niguales. En Morena est\u00e1n leyendo fotograf\u00edas del momento y muchas cosas pueden\npasar de aqu\u00ed a dos a\u00f1os. La soberbia es mala consejera.<\/p>\n\n\n\n<p class=\"wp-block-paragraph\">Dos elementos a considerar: Una, la construcci\u00f3n de un\nbloque antiamlo que logre aglutinar a los millones de damnificados por los\nrecortes presupuestales, la violencia criminal y del menosprecio a la pujante\nclase media, aquellos microempresarios, profesionistas y empleados que fueron\nechados a la calle.<\/p>\n\n\n\n<p class=\"wp-block-paragraph\">Dos. En la inercia discursiva de los 30 millones de votos,\nla mayor\u00eda de analistas nunca revisaron con seriedad los resultados de las\nelecciones de este a\u00f1o. Y tomo como ejemplo, los comicios donde hubo renovaci\u00f3n\nde gubernaturas. Hay que recordar que la abstenci\u00f3n promedi\u00f3 70 por ciento.<\/p>\n\n\n\n<p class=\"wp-block-paragraph\">En Puebla, Miguel Barbosa obtuvo en 2018 como candidato a\ngobernador, un mill\u00f3n 031 mil votos, este 2019, se desplom\u00f3 a 682 mil.<\/p>\n\n\n\n<p class=\"wp-block-paragraph\">En Baja California, Jaime Bonilla fue candidato a senador en\n2018 y alcanz\u00f3 605 mil sufragios; para gobernador este a\u00f1o, gan\u00f3 con 382 mil.<\/p>\n\n\n\n<p class=\"wp-block-paragraph\">En Durango, con elecci\u00f3n de ayuntamiento s\u00f3lo obtuvo el\ntriunfo en dos de ellos, mientras que la coalici\u00f3n PAN-PRD gan\u00f3 18 y el PRI se\nadjudic\u00f3 17. En Tamaulipas, donde se eligieron 22 diputados locales, los\nguindas solo ganaron el distrito de Matamoros.<\/p>\n\n\n\n<p class=\"wp-block-paragraph\">Conclusi\u00f3n: S\u00ed. L\u00f3pez Obrador y Morena siguen arriba. Pero\n\u00a1ojo! est\u00e1n prendidas las alertas\u2026 (a)<\/p>\n","protected":false},"excerpt":{"rendered":"<p>Amlo\/Morena, el desgaste que no ven<\/p>\n","protected":false},"author":3,"featured_media":9303,"comment_status":"open","ping_status":"open","sticky":false,"template":"","format":"standard","meta":{"_monsterinsights_skip_tracking":false,"footnotes":""},"categories":[690,99,90],"tags":[],"class_list":["post-9302","post","type-post","status-publish","format-standard","has-post-thumbnail","category-690","category-ambigu","category-martha-elba-torres-martinez"],"_links":{"self":[{"href":"https:\/\/redsemlac.com\/semmexico\/wp-json\/wp\/v2\/posts\/9302","targetHints":{"allow":["GET"]}}],"collection":[{"href":"https:\/\/redsemlac.com\/semmexico\/wp-json\/wp\/v2\/posts"}],"about":[{"href":"https:\/\/redsemlac.com\/semmexico\/wp-json\/wp\/v2\/types\/post"}],"author":[{"embeddable":true,"href":"https:\/\/redsemlac.com\/semmexico\/wp-json\/wp\/v2\/users\/3"}],"replies":[{"embeddable":true,"href":"https:\/\/redsemlac.com\/semmexico\/wp-json\/wp\/v2\/comments?post=9302"}],"version-history":[{"count":0,"href":"https:\/\/redsemlac.com\/semmexico\/wp-json\/wp\/v2\/posts\/9302\/revisions"}],"wp:featuredmedia":[{"embeddable":true,"href":"https:\/\/redsemlac.com\/semmexico\/wp-json\/wp\/v2\/media\/9303"}],"wp:attachment":[{"href":"https:\/\/redsemlac.com\/semmexico\/wp-json\/wp\/v2\/media?parent=9302"}],"wp:term":[{"taxonomy":"category","embeddable":true,"href":"https:\/\/redsemlac.com\/semmexico\/wp-json\/wp\/v2\/categories?post=9302"},{"taxonomy":"post_tag","embeddable":true,"href":"https:\/\/redsemlac.com\/semmexico\/wp-json\/wp\/v2\/tags?post=9302"}],"curies":[{"name":"wp","href":"https:\/\/api.w.org\/{rel}","templated":true}]}}