{"id":92946,"date":"2025-02-24T18:43:08","date_gmt":"2025-02-25T00:43:08","guid":{"rendered":"https:\/\/redsemlac.com\/semmexico\/?p=92946"},"modified":"2025-02-24T18:43:09","modified_gmt":"2025-02-25T00:43:09","slug":"gana-udc-en-alemania-descartan-formar-gobierno-con-la-extrema-derecha","status":"publish","type":"post","link":"https:\/\/redsemlac.com\/semmexico\/gana-udc-en-alemania-descartan-formar-gobierno-con-la-extrema-derecha\/","title":{"rendered":"Gana UDC en Alemania, descartan formar gobierno con la extrema derecha"},"content":{"rendered":"\n<ul class=\"wp-block-list\">\n<li>Los conservadores obtienen el triunfo con el 28,6 % de los votos, seg\u00fan los resultados oficiales<\/li>\n\n\n\n<li>Participaron el 83 % de votantes, no se hab\u00eda visto desde 1990<\/li>\n<\/ul>\n\n\n\n<p class=\"wp-block-paragraph\">Redacci\u00f3n<\/p>\n\n\n\n<p class=\"wp-block-paragraph\">SemM\u00e9xico, Cd. de M\u00e9xico, 24 de febrero, 2025.- La Uni\u00f3n Dem\u00f3crata Cristiana (CDU) gan\u00f3 m\u00e1s votos y se espera que Friedrich Merz se convierta en el pr\u00f3ximo canciller de Alemania tras unas elecciones en las que la ultraderecha de Alternativa para Alemania (AfD) obtuvo su mejor resultado hist\u00f3rico con m\u00e1s del 20 por ciento, lo que le sit\u00faa como la segunda fuerza pol\u00edtica del pa\u00eds.<\/p>\n\n\n\n<p class=\"wp-block-paragraph\">De acuerdo con la agencia BBC News Mundo el Partido Socialdem\u00f3crata de Alemania (SPD) del actual canciller, Olaf Sholz, queda en el tercer lugar, solo con un 16 por ciento, seguido por el Partido de los Verdes, que lograron un 11,6 por ciento.<\/p>\n\n\n\n<p class=\"wp-block-paragraph\">Tanto Merz como los l\u00edderes del AfD celebraron los resultados, mientras que Sholz reconoci\u00f3 \u00abel sabor amargo\u00bb de la derrota y deber\u00e1 buscar una coalici\u00f3n del gobierno en el Parlamento, para lo que ya descart\u00f3 aliarse con AfD.<\/p>\n\n\n\n<p class=\"wp-block-paragraph\">La relevancia de estas elecciones qued\u00f3 de manifiesto con una participaci\u00f3n del 83 por ciento, n\u00famero que no se ve\u00eda desde antes de la reunificaci\u00f3n del pa\u00eds en 1990.<\/p>\n\n\n\n<p class=\"wp-block-paragraph\">Los comicios, seguidos de cerca por Europa y Estados Unidos, se celebraron tras una intensa campa\u00f1a electoral dominada por la promesa de revivir la econom\u00eda m\u00e1s grande de Europa y una sucesi\u00f3n de atentados mortales que convirtieron la migraci\u00f3n y la seguridad en sus temas centrales.<\/p>\n\n\n\n<p class=\"wp-block-paragraph\">El gobierno de Scholz se vio forzado a anticipar las elecciones generales luego de que su alianza colapsara y perdiera la confianza del Bundestag a fines del a\u00f1o pasado.<\/p>\n\n\n\n<p class=\"wp-block-paragraph\">Antes de la votaci\u00f3n, las encuestas ya pronosticaban que la fuerza m\u00e1s votada ser\u00eda la democristiana CDU, con Merz como candidato.<\/p>\n\n\n\n<p class=\"wp-block-paragraph\">Sus seguidores lo han definido como un ant\u00eddoto para la crisis de confianza que vive Europa. El pol\u00edtico de 69 a\u00f1os aboga por dejar el centro pol\u00edtico que el partido ocup\u00f3 con Angel Merkel al frente y llevar a los conservadores m\u00e1s a la derecha.<\/p>\n\n\n\n<p class=\"wp-block-paragraph\">\u00abSu explosiva propuesta de endurecer las reglas de migraci\u00f3n con el apoyo de votos de la ultraderecha en el Parlamento revela a un hombre dispuesto a arriesgarse a romper un importante tab\u00fa\u00bb, analiz\u00f3 la corresponsal de la BBC en Berl\u00edn, Jessica Parker.<\/p>\n\n\n\n<p class=\"wp-block-paragraph\">Pero una coalici\u00f3n de gobierno con AfD no est\u00e1 sobre la mesa.<\/p>\n\n\n\n<p class=\"wp-block-paragraph\">\u00abEs importante formar gobierno lo antes posible&#8230; El mundo afuera no nos espera\u00bb, dijo Merz luego de que se conocieran la proyecci\u00f3n de resultados.<\/p>\n\n\n\n<p class=\"wp-block-paragraph\">Asegur\u00f3 que es \u00abconsciente de la responsabilidad que ahora tiene por delante\u00bb y que trabajar\u00e1 por \u00abrecuperar r\u00e1pidamente la capacidad de actuar para poder hacer lo correcto en casa, para poder estar presentes de nuevo en Europa y para que el mundo pueda ver que Alemania vuelve a ser gobernada de forma fiable\u00bb.<\/p>\n\n\n\n<p class=\"wp-block-paragraph\">Las encuestas tambi\u00e9n hab\u00edan anticipado que la CDU ser\u00eda secundada por la ultraderechista Alternativa para Alemania (AfD), liderada por Alice Weidel.<\/p>\n\n\n\n<p class=\"wp-block-paragraph\">El auge de la extrema derecha se vio reforzado por una serie de atentados mortales presuntamente perpetrados por migrantes en varias partes del pa\u00eds y por la ansiedad que genera en muchos alemanes la llegada de migrantes los \u00faltimos a\u00f1os, algo que ha sido explotado y alimentado por AfD, que aboga por pol\u00edticas duras de deportaci\u00f3n y l\u00edmites f\u00e9rreos a la llegada de extranjeros.<\/p>\n\n\n\n<p class=\"wp-block-paragraph\">Diez d\u00edas antes de las elecciones, una madre y su hija de dos a\u00f1os murieron cuando un veh\u00edculo atropell\u00f3 a una multitud. Un ciudadano afgano fue acusado por el incidente.<\/p>\n\n\n\n<p class=\"wp-block-paragraph\">Los democratacristianos tendr\u00e1n que forjar una alianza de gobierno al menos con otro partido, probablemente con los socialdem\u00f3cratas de Scholz, para asegurar la gobernabilidad en este nuevo periodo.<\/p>\n\n\n\n<p class=\"wp-block-paragraph\">En v\u00edsperas de las elecciones, Merz insisti\u00f3 en que no formar\u00e1 coalici\u00f3n con la ultraderechista AfD al aplicar el cortafuegos tradicional contra el partido extremista en un pa\u00eds donde a\u00fan sigue vivo el recuerdo del nazismo.<\/p>\n\n\n\n<p class=\"wp-block-paragraph\">La l\u00edder del partido ultra, Alice Weidel, dijo que est\u00e1n preparados para \u00abtrabajar con todos\u00bb y agreg\u00f3 que los alemanes quieren cambio.<\/p>\n\n\n\n<p class=\"wp-block-paragraph\">\u00abLos ciudadanos quieren una coalici\u00f3n entre CDU y AfD, aunque eso ha sido descartado y lo aceptamos en este momento\u00bb, dijo. Pero tambi\u00e9n pidi\u00f3 a la CDU que explique c\u00f3mo va a implementar su programa con socialdem\u00f3cratas o verdes.<\/p>\n\n\n\n<p class=\"wp-block-paragraph\">\u00abNo habr\u00e1 que esperar a unas elecciones en cuatro a\u00f1os. habr\u00e1 elecciones anticipadas\u00bb, pronostic\u00f3 Weidel, que no ve posible ni duradero el entendimiento de Merz y los socialdem\u00f3cratas, que han sufrido su peor resultado hist\u00f3rico.<\/p>\n\n\n\n<p class=\"wp-block-paragraph\">Por su parte, en un discurso ante sus partidarios en Berl\u00edn, Scholz afirm\u00f3 que este es un momento \u00aben el que reconocer que hemos perdido las elecciones\u00bb, pero recalc\u00f3 que nunca aceptar\u00e1n a los ultraderechistas.<\/p>\n\n\n\n<p class=\"wp-block-paragraph\">SEM-BBC<\/p>\n","protected":false},"excerpt":{"rendered":"<p>Redacci\u00f3n SemM\u00e9xico, Cd. de M\u00e9xico, 24 de febrero, 2025.- La Uni\u00f3n Dem\u00f3crata Cristiana (CDU) gan\u00f3 m\u00e1s votos y se espera que Friedrich Merz se convierta en el pr\u00f3ximo canciller de Alemania tras unas elecciones en las que la ultraderecha de Alternativa para Alemania (AfD) obtuvo su mejor resultado hist\u00f3rico con m\u00e1s del 20 por ciento, [&hellip;]<\/p>\n","protected":false},"author":3,"featured_media":92947,"comment_status":"open","ping_status":"open","sticky":false,"template":"","format":"standard","meta":{"_monsterinsights_skip_tracking":false,"footnotes":""},"categories":[53],"tags":[],"class_list":["post-92946","post","type-post","status-publish","format-standard","has-post-thumbnail","category-internacional"],"_links":{"self":[{"href":"https:\/\/redsemlac.com\/semmexico\/wp-json\/wp\/v2\/posts\/92946","targetHints":{"allow":["GET"]}}],"collection":[{"href":"https:\/\/redsemlac.com\/semmexico\/wp-json\/wp\/v2\/posts"}],"about":[{"href":"https:\/\/redsemlac.com\/semmexico\/wp-json\/wp\/v2\/types\/post"}],"author":[{"embeddable":true,"href":"https:\/\/redsemlac.com\/semmexico\/wp-json\/wp\/v2\/users\/3"}],"replies":[{"embeddable":true,"href":"https:\/\/redsemlac.com\/semmexico\/wp-json\/wp\/v2\/comments?post=92946"}],"version-history":[{"count":0,"href":"https:\/\/redsemlac.com\/semmexico\/wp-json\/wp\/v2\/posts\/92946\/revisions"}],"wp:featuredmedia":[{"embeddable":true,"href":"https:\/\/redsemlac.com\/semmexico\/wp-json\/wp\/v2\/media\/92947"}],"wp:attachment":[{"href":"https:\/\/redsemlac.com\/semmexico\/wp-json\/wp\/v2\/media?parent=92946"}],"wp:term":[{"taxonomy":"category","embeddable":true,"href":"https:\/\/redsemlac.com\/semmexico\/wp-json\/wp\/v2\/categories?post=92946"},{"taxonomy":"post_tag","embeddable":true,"href":"https:\/\/redsemlac.com\/semmexico\/wp-json\/wp\/v2\/tags?post=92946"}],"curies":[{"name":"wp","href":"https:\/\/api.w.org\/{rel}","templated":true}]}}