{"id":92943,"date":"2025-02-24T17:52:21","date_gmt":"2025-02-24T23:52:21","guid":{"rendered":"https:\/\/redsemlac.com\/semmexico\/?p=92943"},"modified":"2025-02-24T17:52:23","modified_gmt":"2025-02-24T23:52:23","slug":"deben-ee-uu-y-mexico-garantizar-derecho-al-asilo","status":"publish","type":"post","link":"https:\/\/redsemlac.com\/semmexico\/deben-ee-uu-y-mexico-garantizar-derecho-al-asilo\/","title":{"rendered":"Deben EE. UU. y M\u00e9xico garantizar derecho al asilo"},"content":{"rendered":"\n<ul class=\"wp-block-list\">\n<li>Presenta Amnist\u00eda Internacional un informe sobre la situaci\u00f3n que viven personas deportadas<\/li>\n\n\n\n<li>M\u00e9xico te abraza no brinda atenci\u00f3n necesaria; hay temor entre personas desplazadas por la violencia<\/li>\n<\/ul>\n\n\n\n<p class=\"wp-block-paragraph\">Elda Montiel<\/p>\n\n\n\n<p class=\"wp-block-paragraph\">SemM\u00e9xico, Ciudad de M\u00e9xico, 24 de febrero, 2024.- <a>Amnist\u00eda Internacional <\/a>(AI) pide tanto a Estados Unidos de Am\u00e9rica como a M\u00e9xico que garanticen el derecho de las personas a pedir asilo, ya que desde que asumi\u00f3 la presidencia Donald Trump, no hay manera de conseguir esa protecci\u00f3n.<\/p>\n\n\n\n<p class=\"wp-block-paragraph\">Esta situaci\u00f3n vulnera las obligaciones contra\u00eddas por Estados Unidos en virtud del derecho internacional, en especial de los derechos humanos y el derecho de las personas a recibir refugio, aunado a la militarizaci\u00f3n de la frontera por parte de M\u00e9xico al enviar 10 mil soldados a la frontera norte del pa\u00eds.<\/p>\n\n\n\n<p class=\"wp-block-paragraph\">Amnist\u00eda Internacional se\u00f1ala que, frente a esa realidad, las personas migrantes quedaron atrapadas en la frontera entre Estados Unidos y M\u00e9xico al cerrarse la aplicaci\u00f3n CBP One. Seg\u00fan la informaci\u00f3n disponible p\u00fablicamente, aproximadamente 270 mil personas hab\u00edan intentado conseguir una cita previa a trav\u00e9s de la aplicaci\u00f3n, m\u00e1s de 30 mil citas asignadas fueron canceladas.<\/p>\n\n\n\n<p class=\"wp-block-paragraph\">La organizaci\u00f3n internacional inform\u00f3 que las personas deportadas a M\u00e9xico, no tienen una ayuda real, y que ninguna organizaci\u00f3n de la sociedad civil ha podido entrar a observar las condiciones en que se encuentran las personas retornadas de Estados Unidos, y que exprofeso instal\u00f3 el gobierno mexicano. Lo que ha trascendido son testimonios de las mismas personas que fueron ingresadas a esos lugares. Aunado a que el programa M\u00e9xico te abraza no incluye a personas extranjeras, a quienes se les proporciona un \u201cpapel\u201d que les permite transitar en el pa\u00eds durante un mes.<\/p>\n\n\n\n<p class=\"wp-block-paragraph\">En el informe \u201cVidas en el limbo. Las devastadoras consecuencias de las pol\u00edticas de Trump sobre migraci\u00f3n y asilo\u201d contiene el testimonio de 35 personas deportadas a M\u00e9xico, m\u00e1s de la mitad mujeres. El documento muestra c\u00f3mo se vulneran los derechos humanos de las personas migrantes, mexicanas y de otros pa\u00edses, los pone en riesgo y les afecta la salud mental de los mismos.<\/p>\n\n\n\n<p class=\"wp-block-paragraph\">El informe de Amnist\u00eda Internacional se\u00f1ala que realiz\u00f3 entrevistas del 3 al 9 de febrero y encontr\u00f3 que no solo se cancelaron las citas CBP, sino que, adem\u00e1s, el gobierno de Trump le retir\u00f3 el financiamiento a las organizaciones humanitarias cruciales que trabajan en la frontera, entre ellas USAID, dej\u00e1ndolas sin dinero para la atenci\u00f3n jur\u00eddica y humanitaria.<\/p>\n\n\n\n<p class=\"wp-block-paragraph\"><strong>Sin opciones ni\u00f1as y ni\u00f1os en los albergues<\/strong><\/p>\n\n\n\n<p class=\"wp-block-paragraph\">\u201cLos albergues de la frontera tienen dificultades para decir a los ni\u00f1os y las ni\u00f1as que ya no les quedan opciones\u201d, a\u00f1adi\u00f3 Mary Kapron, investigadora de Amnist\u00eda Internacional. \u201cPara empezar, muchas ni\u00f1as y ni\u00f1os apenas entienden lo que les est\u00e1 pasando. Y quienes lo entienden se hallan ante una decisi\u00f3n imposible: regresar al lugar del que hab\u00edan huido y comprender que podr\u00edan e no sobrevivan o poner su vida en manos de traficantes de seres humanos\u201d.<\/p>\n\n\n\n<p class=\"wp-block-paragraph\">En el informe se destaca que las personas mexicanas solicitantes de asilo que huyen de violencia de g\u00e9nero en el \u00e1mbito familiar, de delincuencia organizada y de la corrupci\u00f3n de autoridades locales no tienen ad\u00f3nde ir por protecci\u00f3n, ya que M\u00e9xico no las protege.<\/p>\n\n\n\n<p class=\"wp-block-paragraph\">Una mujer solicitante de asilo narr\u00f3 la violencia que ejerc\u00eda su pareja durante 20 a\u00f1os, violencia que ejerci\u00f3 a pesar de estar embarazada, fue a una cita con el doctor y pidi\u00f3 hablar con una sic\u00f3loga, la ayudaron a ir a un refugio, pero cuando regres\u00f3 a casa de su casa familiar, y a pesar de la orden de restricci\u00f3n del juzgado, su pareja no respeto la orden e intento dos veces sacarla, por lo que fue necesrio llamar a la polic\u00eda, pero esta nunca se apareci\u00f3.<\/p>\n\n\n\n<p class=\"wp-block-paragraph\">Un antecedente familiar la alert\u00f3. Su hermana se separ\u00f3 del marido y cuando llev\u00f3 a los ni\u00f1os a ver a su suegra, su hermana nunca regres\u00f3, la encontraron muerta en estado de putrefacci\u00f3n con cuatro balazos. A pesar de que era obvio que su pareja la hab\u00eda matado, las autoridades dijeron que no hab\u00eda pruebas suficientes. No quer\u00eda que eso volviera a suceder.<\/p>\n\n\n\n<p class=\"wp-block-paragraph\">\u201cEstuve tres meses pidiendo la cita en la aplicaci\u00f3n de CBP, finalmente me sali\u00f3 el 9 de febrero para el puerto de San Ysidro. Me la cancelaron ahora y no s\u00e9 qu\u00e9 vamos a hacer. Yo no puedo volver, necesito ayuda. Le pido a Trump que nos d\u00e9 la oportunidad, no vamos para all\u00e1 porque tenemos miedo. La inseguridad y la violencia son horribles, \u00e9l puede salvar a muchas mujeres, a mi hermana no la pudo salvar, pero a m\u00ed s\u00ed\u201d, cuenta en el informe la solicitante de asilo.<\/p>\n\n\n\n<p class=\"wp-block-paragraph\">Amnist\u00eda Internacional tambi\u00e9n habl\u00f3 con organizaciones humanitarias sobre la situaci\u00f3n de personas LGBTIQ+ y poblaci\u00f3n negra cuya situaci\u00f3n se profundiza por la discriminaci\u00f3n por prejuicios a estos grupos de poblaci\u00f3n.<\/p>\n\n\n\n<p class=\"wp-block-paragraph\">En M\u00e9xico, las personas LGBTIQ+ se enfrentan a violencia y discriminaci\u00f3n generalizadas. Personal del albergue Jard\u00edn de las Mariposas dijeron: \u201cTenemos la sensaci\u00f3n de que a las personas LGBTIQ+ de Latinoam\u00e9rica y del resto del mundo se les ha arrebatado la oportunidad de salvar sus vidas. Comentaron que muchas de las personas residentes en albergues ahora estaban tomando decisiones dif\u00edciles: volver a los lugares de los que inicialmente hab\u00edan huido de la violencia o quedarse en M\u00e9xico donde tambi\u00e9n enfrentan violencia y discriminaci\u00f3n.<\/p>\n\n\n\n<p class=\"wp-block-paragraph\">Las personas solicitantes de asilo negras suelen sufrir violencia y discriminaci\u00f3n a causa de origen racial, tanto en M\u00e9xico como en los Estados Unidos. Suelen verse privadas de igualdad de acceso al tratamiento m\u00e9dico, vivienda, albergues m\u00e1s seguros, a los servicios humanitarios, al acceso a servicios de idiomas y a la protecci\u00f3n frente a los agentes encargados de hacer cumplir la ley.<\/p>\n\n\n\n<p class=\"wp-block-paragraph\">Haitian Bridge Alliance ha identificado a centenares de personas haitianas solicitantes de asilo que llegan a la frontera entre Estados Unidos y M\u00e9xico con vulnerabilidades m\u00e9dicas graves que, en ocasiones, han dado lugar a muertes evitables.<\/p>\n\n\n\n<p class=\"wp-block-paragraph\">La salud mental de las personas solicitantes de asilo ha sido afectada por estas decisiones. Una de ellas dijo: Estaba muy emocionada, pero luego me dijeron que se hab\u00eda cancelado. Entr\u00e9 en depresi\u00f3n, en desesperaci\u00f3n. Apenas estoy viendo c\u00f3mo superar esto. Fueron muchas l\u00e1grimas.<\/p>\n\n\n\n<p class=\"wp-block-paragraph\">Otra mujer comparti\u00f3: Estaba usando la aplicaci\u00f3n por 10 meses y nunca me sali\u00f3 la cita. Me siento mal. Ten\u00eda esperanzas. Integrantes del personal del albergue Jard\u00edn de las Mariposas comentaron: las personas alojadas en el albergue lloraron mucho cuando supieron lo que hab\u00eda pasado con sus citas. Ahora estamos como en duelo. Fue una semana oscura y gris. Hab\u00eda una sensaci\u00f3n de tensi\u00f3n. Les robaron un sue\u00f1o. Quer\u00edan hacer las cosas bien, cumpliendo la legislaci\u00f3n y las normas.<\/p>\n\n\n\n<p class=\"wp-block-paragraph\">Organizaciones entrevistadas por Amnist\u00eda Internacional comentaron que el hecho de que ya no sea posible pedir asilo en la frontera entre Estados Unidos y M\u00e9xico obligar\u00e1 a la gente que busca seguridad a intentar seguir rutas m\u00e1s peligrosas para entrar en Estados Unidos, lo que pondr\u00e1 en peligro su vida.<\/p>\n\n\n\n<p class=\"wp-block-paragraph\">Pronostican que tambi\u00e9n habr\u00e1 un aumento del tr\u00e1fico de personas, as\u00ed como de la violencia, incluida la extorsi\u00f3n, contra solicitantes de asilo, tanto por parte de actores estatales como de actores no estatales.<\/p>\n\n\n\n<p class=\"wp-block-paragraph\"><strong>6 mil 244 personas deportadas las primeras 2 semanas<\/strong><\/p>\n\n\n\n<p class=\"wp-block-paragraph\">De acuerdo con informaci\u00f3n p\u00fablicamente disponible, el gobierno mexicano ha recibido aproximadamente seis mil 244 personas deportadas en las primeras dos semanas de la administraci\u00f3n del presidente Trump, incluidas aproximadamente mil personas de otras nacionalidades.<\/p>\n\n\n\n<p class=\"wp-block-paragraph\">De acuerdo con las organizaciones y personas entrevistadas por Amnist\u00eda Internacional las autoridades de Estados Unidos las deportan a M\u00e9xico sin proporcionarles ning\u00fan documento. Algunas de ellas han pasado la mayor parte de su vida, incluso toda, en Estados Unidos, y no hablan espa\u00f1ol ni tienen ning\u00fan v\u00ednculo con el pa\u00eds.<\/p>\n\n\n\n<p class=\"wp-block-paragraph\">Algunas no tienen documentos mexicanos, que son cruciales para su integraci\u00f3n, lo que incluye poder conseguir un empleo formal o convalidar sus estudios. La mayor\u00eda carecen de informaci\u00f3n y llegan con angustia mental y\/o separadas de sus familias. Algunas necesitan apoyo m\u00e9dico y ayuda para reintegrarse en la sociedad mexicana.<\/p>\n\n\n\n<p class=\"wp-block-paragraph\">Amnist\u00eda Internacional refiere que el gobierno mexicano ha puesto en marcha un programa nacional de bienvenida, llamado M\u00e9xico te abraza, para las personas deportadas que vuelven al pa\u00eds con albergues que les proporcionar\u00e1n alojamiento, comida y acceso a atenci\u00f3n m\u00e9dica.<\/p>\n\n\n\n<p class=\"wp-block-paragraph\">Se les est\u00e1 entregando una Tarjeta de Bienestar con unos dos mil pesos mexicanos (cerca de 97 d\u00f3lares estadounidenses), e Internet gratuito, as\u00ed como servicios y ayuda para obtener documentos de identidad mexicanos. El gobierno tambi\u00e9n est\u00e1 proporcionando a las personas deportadas transporte hasta sus lugares de origen en M\u00e9xico.<\/p>\n\n\n\n<p class=\"wp-block-paragraph\"><strong>Organizaciones humanitarias sin acceso a los albergues mexicanos<\/strong><\/p>\n\n\n\n<p class=\"wp-block-paragraph\">Hasta la fecha, ninguna organizaci\u00f3n nacional o internacional ha tenido acceso a los albergues mexicanos. Informaron que las condiciones son similares a las de una prisi\u00f3n y que est\u00e1 rodeado de polic\u00eda militarizada (Guardia Nacional). Presentan testimonios de personas que fueron deportadas y trasladadas a Flamingos, un sal\u00f3n de eventos en Tijuana, B.C., adaptado para recibir mexicanos deportados, que no fueron recogidos en el centro de repatriaci\u00f3n del punto de entrada de PedWest.<\/p>\n\n\n\n<p class=\"wp-block-paragraph\">Cuando llegan a Flamingos no pueden salir una vez llegan a los albergues. Adem\u00e1s, las organizaciones se\u00f1alaron que, si las personas deportadas no van a un albergue, no tienen acceso a la ayuda proporcionada por el gobierno mexicano, por ejemplo, a la tarjeta del bienestar.<\/p>\n\n\n\n<p class=\"wp-block-paragraph\">Por otra parte, el gobierno mexicano da las personas deportadas un documento de repatriaci\u00f3n, que no constituye una identificaci\u00f3n oficial, sino un papel que les permite viajar por el pa\u00eds durante un mes. En tanto que el programa M\u00e9xico te Abraza s\u00f3lo permite a las personas deportadas regresar a su lugar de origen dentro del pa\u00eds, aunque en ese lugar no tengan ning\u00fan v\u00ednculo familiar o social.<\/p>\n\n\n\n<p class=\"wp-block-paragraph\">Esto resulta especialmente preocupante para las que enfrentaron un deplazamiento forzado por la violencia y que por obvias razones no pueden volver a su lugar de origen. El gobierno las est\u00e1 identificando adecuadamente y no les presta el apoyo especial que necesitan como desplazadas internas.<\/p>\n\n\n\n<p class=\"wp-block-paragraph\"><strong>Urge restablecer de inmediato el asilo en la frontera norte<\/strong><\/p>\n\n\n\n<p class=\"wp-block-paragraph\">Amnist\u00eda Internacional pide a Estados Unidos restablecer de inmediato el acceso a asilo en la frontera entre Estados Unidos y M\u00e9xico y admitir de inmediato a las personas solicitantes de asilo a las que se les cancelaron las citas de CBP One.<\/p>\n\n\n\n<p class=\"wp-block-paragraph\">Revocar inmediatamente la declaraci\u00f3n de emergencia nacional en la frontera entre Estados Unidos y M\u00e9xico. Rescindir de inmediato la orden de que el Departamento de Defensa participe en operaciones de control de la migraci\u00f3n.<\/p>\n\n\n\n<p class=\"wp-block-paragraph\">Tambi\u00e9n pide detener las operaciones masivas del Servicio de Inmigraci\u00f3n y Control de Aduanas en Estados Unidos (ICE). Restablecer de inmediato las pol\u00edticas que protegen determinados lugares, como iglesias, escuelas y hospitales, de la aplicaci\u00f3n de la legislaci\u00f3n sobre inmigraci\u00f3n y abstenerse de utilizar grilletes de manos, cintura y tobillos al devolver a personas.<\/p>\n\n\n\n<p class=\"wp-block-paragraph\">SEM\/em\/sj<\/p>\n","protected":false},"excerpt":{"rendered":"<p>Elda Montiel SemM\u00e9xico, Ciudad de M\u00e9xico, 24 de febrero, 2024.- Amnist\u00eda Internacional (AI) pide tanto a Estados Unidos de Am\u00e9rica como a M\u00e9xico que garanticen el derecho de las personas a pedir asilo, ya que desde que asumi\u00f3 la presidencia Donald Trump, no hay manera de conseguir esa protecci\u00f3n. Esta situaci\u00f3n vulnera las obligaciones contra\u00eddas [&hellip;]<\/p>\n","protected":false},"author":3,"featured_media":92944,"comment_status":"open","ping_status":"open","sticky":false,"template":"","format":"standard","meta":{"_monsterinsights_skip_tracking":false,"footnotes":""},"categories":[694],"tags":[],"class_list":["post-92943","post","type-post","status-publish","format-standard","has-post-thumbnail","category-destacadas"],"_links":{"self":[{"href":"https:\/\/redsemlac.com\/semmexico\/wp-json\/wp\/v2\/posts\/92943","targetHints":{"allow":["GET"]}}],"collection":[{"href":"https:\/\/redsemlac.com\/semmexico\/wp-json\/wp\/v2\/posts"}],"about":[{"href":"https:\/\/redsemlac.com\/semmexico\/wp-json\/wp\/v2\/types\/post"}],"author":[{"embeddable":true,"href":"https:\/\/redsemlac.com\/semmexico\/wp-json\/wp\/v2\/users\/3"}],"replies":[{"embeddable":true,"href":"https:\/\/redsemlac.com\/semmexico\/wp-json\/wp\/v2\/comments?post=92943"}],"version-history":[{"count":0,"href":"https:\/\/redsemlac.com\/semmexico\/wp-json\/wp\/v2\/posts\/92943\/revisions"}],"wp:featuredmedia":[{"embeddable":true,"href":"https:\/\/redsemlac.com\/semmexico\/wp-json\/wp\/v2\/media\/92944"}],"wp:attachment":[{"href":"https:\/\/redsemlac.com\/semmexico\/wp-json\/wp\/v2\/media?parent=92943"}],"wp:term":[{"taxonomy":"category","embeddable":true,"href":"https:\/\/redsemlac.com\/semmexico\/wp-json\/wp\/v2\/categories?post=92943"},{"taxonomy":"post_tag","embeddable":true,"href":"https:\/\/redsemlac.com\/semmexico\/wp-json\/wp\/v2\/tags?post=92943"}],"curies":[{"name":"wp","href":"https:\/\/api.w.org\/{rel}","templated":true}]}}