{"id":92941,"date":"2025-02-24T13:33:40","date_gmt":"2025-02-24T19:33:40","guid":{"rendered":"https:\/\/redsemlac.com\/semmexico\/?p=92941"},"modified":"2025-02-24T13:33:41","modified_gmt":"2025-02-24T19:33:41","slug":"la-opinion-la-senal-de-auxilio-frente-a-la-violencia","status":"publish","type":"post","link":"https:\/\/redsemlac.com\/semmexico\/la-opinion-la-senal-de-auxilio-frente-a-la-violencia\/","title":{"rendered":"La opini\u00f3n| La se\u00f1al de auxilio frente a la violencia"},"content":{"rendered":"\n<p class=\"wp-block-paragraph\">Ang\u00e9lica de la Pe\u00f1a<\/p>\n\n\n\n<p class=\"wp-block-paragraph\">SemM\u00e9xico, Ciudad de M\u00e9xico, 24 de febrero, 2025.- El pasado 16 de febrero en Michoac\u00e1n, Alicia Villarreal llam\u00f3 la atenci\u00f3n del p\u00fablico y de los medios porque al finalizar su concierto hizo la se\u00f1al que se invent\u00f3 para llamar la atenci\u00f3n indicando que se est\u00e1 en una situaci\u00f3n de violencia dom\u00e9stica.<\/p>\n\n\n\n<p class=\"wp-block-paragraph\">Ese mensaje de Alicia se hizo viral en todas partes. Ella no tuvo que decir nada, s\u00f3lo levant\u00f3 el brazo mostrando la palma de su mano, dobl\u00f3 el dedo pulgar hacia adentro de la mano y cerr\u00f3 los cuatro dedos dejando el pulgar adentro.<\/p>\n\n\n\n<p class=\"wp-block-paragraph\">Su se\u00f1al de auxilio era cierta, como lo fue para tantas mujeres que durante la pandemia del Covid tuvieron que estar encerradas con su violentador. Las mujeres indefensas no hab\u00eda manera salieran a un refugio. As\u00ed que esta se\u00f1al de auxilio, dise\u00f1ada por la Canadian Women\u2019s Foundation y subida a las redes, constituy\u00f3 la herramienta de salvaci\u00f3n de much\u00edsimas mujeres.<\/p>\n\n\n\n<p class=\"wp-block-paragraph\">El predominio de un hombre contra una mujer es m\u00e1s com\u00fan de lo que se cree, y los se\u00f1ores pueden ser muy buenos vecinos, tener imagen de buenas personas, pero en la relaci\u00f3n de pareja suelen ser desde celosos controladores, hasta mal\u00e9volos y terribles golpeadores. La opresi\u00f3n que ejercen lleva a muchas mujeres a sobrevivir depresi\u00f3n, tristeza, frustraci\u00f3n y miedo.<\/p>\n\n\n\n<p class=\"wp-block-paragraph\">Y nada cambia. Las encuestas sobre relaciones en el hogar desde 2003 siguen coincidiendo en que dos de cada tres mujeres m\u00e1s de 15 a\u00f1os han sufrido alg\u00fan tipo de violencia por parte de sus parejas o exparejas. A lo largo de sus vidas ha sufrido violencia psicol\u00f3gica el 51.6 por ciento; violencia sexual el 49.7 por ciento; violencia f\u00edsica el 34.7 por ciento, y violencia econ\u00f3mica y\/o patrimonial y\/o discriminaci\u00f3n en su trabajo el 27.4 por ciento.<\/p>\n\n\n\n<p class=\"wp-block-paragraph\">Tener un padre golpeador es el peor ejemplo para un ni\u00f1o; la sumisi\u00f3n de las madres, por su parte, tambi\u00e9n es el peor ejemplo que reciben las ni\u00f1as. As\u00ed se ha venido perpetuando estos comportamientos en las relaciones familiares. Es un c\u00edrculo que no se puede romper solo con voluntad o sensibilizando a los se\u00f1ores. Es un problema social sist\u00e9mico y estructural. Que debe ser enfrentado como lo que es.<\/p>\n\n\n\n<p class=\"wp-block-paragraph\">La educaci\u00f3n en el reconocimiento de ni\u00f1as y ni\u00f1os como pares es esencial, es un equilibrio respecto de la informaci\u00f3n cotidiana que viven en sus familias. Lo mismo en la comunidad; debe haber mensajes hacia la poblaci\u00f3n: la violencia contra las mujeres es un delito y ellas deben saber que no est\u00e1n solas. El Estado en los tres \u00f3rdenes de gobierno deben atender, prevenir y en su caso sancionar sin pretextos. En la realidad el mejor aliado de un violentador es el ministerio p\u00fablico que le sugieren a una mujer que denuncia, que no haga enojar \u201ca su se\u00f1or\u201d.<\/p>\n\n\n\n<p class=\"wp-block-paragraph\">Usted se imagina \u00bfqu\u00e9 pasar\u00eda si todas las mujeres, que est\u00e1n sufriendo un control opresor por parte de su pareja, puedan usar como herramienta la se\u00f1al de<\/p>\n\n\n\n<p class=\"wp-block-paragraph\">auxilio? \u00bfLas autoridades est\u00e1n preparadas para atender todos los casos que derivan de esa se\u00f1al?<\/p>\n\n\n\n<p class=\"wp-block-paragraph\">Por eso cuando dicen que los hombres tambi\u00e9n sufren violencia por parte de sus parejas, la respuesta es contundente: no es lo mismo: las mujeres sienten un miedo terror\u00edfico, sin condiciones objetivas para igualar la fuerza de un se\u00f1or. Fueron educadas para obedecer.<\/p>\n\n\n\n<p class=\"wp-block-paragraph\">Cuando decimos que el machismo mata, es porque 11 mujeres son asesinadas al d\u00eda por su pareja o expareja. Las leyes deben aplicarse, ponerse un detente, bajar las cifras. Por la vida y la libertad de las mujeres.<\/p>\n\n\n\n<p class=\"wp-block-paragraph\">\u00b7 Defensora de derechos humanos<\/p>\n","protected":false},"excerpt":{"rendered":"<p>Ang\u00e9lica de la Pe\u00f1a SemM\u00e9xico, Ciudad de M\u00e9xico, 24 de febrero, 2025.- El pasado 16 de febrero en Michoac\u00e1n, Alicia Villarreal llam\u00f3 la atenci\u00f3n del p\u00fablico y de los medios porque al finalizar su concierto hizo la se\u00f1al que se invent\u00f3 para llamar la atenci\u00f3n indicando que se est\u00e1 en una situaci\u00f3n de violencia dom\u00e9stica. [&hellip;]<\/p>\n","protected":false},"author":3,"featured_media":86539,"comment_status":"open","ping_status":"open","sticky":false,"template":"","format":"standard","meta":{"_monsterinsights_skip_tracking":false,"footnotes":""},"categories":[725,110,35],"tags":[],"class_list":["post-92941","post","type-post","status-publish","format-standard","has-post-thumbnail","category-angelica-de-la-pena","category-la-opinion-columnas","category-opinion"],"_links":{"self":[{"href":"https:\/\/redsemlac.com\/semmexico\/wp-json\/wp\/v2\/posts\/92941","targetHints":{"allow":["GET"]}}],"collection":[{"href":"https:\/\/redsemlac.com\/semmexico\/wp-json\/wp\/v2\/posts"}],"about":[{"href":"https:\/\/redsemlac.com\/semmexico\/wp-json\/wp\/v2\/types\/post"}],"author":[{"embeddable":true,"href":"https:\/\/redsemlac.com\/semmexico\/wp-json\/wp\/v2\/users\/3"}],"replies":[{"embeddable":true,"href":"https:\/\/redsemlac.com\/semmexico\/wp-json\/wp\/v2\/comments?post=92941"}],"version-history":[{"count":0,"href":"https:\/\/redsemlac.com\/semmexico\/wp-json\/wp\/v2\/posts\/92941\/revisions"}],"wp:featuredmedia":[{"embeddable":true,"href":"https:\/\/redsemlac.com\/semmexico\/wp-json\/wp\/v2\/media\/86539"}],"wp:attachment":[{"href":"https:\/\/redsemlac.com\/semmexico\/wp-json\/wp\/v2\/media?parent=92941"}],"wp:term":[{"taxonomy":"category","embeddable":true,"href":"https:\/\/redsemlac.com\/semmexico\/wp-json\/wp\/v2\/categories?post=92941"},{"taxonomy":"post_tag","embeddable":true,"href":"https:\/\/redsemlac.com\/semmexico\/wp-json\/wp\/v2\/tags?post=92941"}],"curies":[{"name":"wp","href":"https:\/\/api.w.org\/{rel}","templated":true}]}}