{"id":92937,"date":"2025-02-24T13:27:21","date_gmt":"2025-02-24T19:27:21","guid":{"rendered":"https:\/\/redsemlac.com\/semmexico\/?p=92937"},"modified":"2025-02-24T13:27:22","modified_gmt":"2025-02-24T19:27:22","slug":"violeta-del-anahuac-la-obra-publica-y-sus-riesgos","status":"publish","type":"post","link":"https:\/\/redsemlac.com\/semmexico\/violeta-del-anahuac-la-obra-publica-y-sus-riesgos\/","title":{"rendered":"Violeta del An\u00e1huac| La obra p\u00fablica y sus riesgos"},"content":{"rendered":"\n<p class=\"wp-block-paragraph\">Isabel Ortega Morales<\/p>\n\n\n\n<p class=\"wp-block-paragraph\">SemM\u00e9xico, Chilpancingo, Gro., 24 de febrero de 2025.- Los ojos del mundo est\u00e1n puestos en la tragedia de Per\u00fa, con el derrumbe de parte del techo de la Plaza Real Trujillo que deja en este momento 8 personas sin vida y m\u00e1s de 84 heridos.<\/p>\n\n\n\n<p class=\"wp-block-paragraph\">La tragedia revive un pasaje de la vida pol\u00edtica de ese pa\u00eds que dej\u00f3 fuera de la Alcald\u00eda de Trujillo a Arturo Fern\u00e1ndez.<\/p>\n\n\n\n<p class=\"wp-block-paragraph\">Arturo Fern\u00e1ndez fue perseguido pol\u00edticamente hasta que fue separado de su cargo con acusaciones que dudaban hasta de sus facultades mentales, por un tema que en la l\u00f3gica medi\u00e1tica no ten\u00eda relevancia en materia de seguridad, la clausura del centro comercial Real Plaza en diciembre del 2023.<\/p>\n\n\n\n<p class=\"wp-block-paragraph\">La noche de este s\u00e1bado, decenas de familias y amigos se hab\u00edan reunido en el \u00e1rea de comidas del centro comercial cuando se dio el desplome del techo, la grabaci\u00f3n que realiza una jovencita atrapada entre los escombros da testimonio de que no fue una balacera, sino el derrumbe del techo que colaps\u00f3.<\/p>\n\n\n\n<p class=\"wp-block-paragraph\">Pero no solo este hecho ha colapsado una estructura construida con deficiencia, sino tambi\u00e9n los servicios de emergencia y la falta de reacci\u00f3n r\u00e1pida de las autoridades, sino que ha tambi\u00e9n evidenciado la posible existencia de una red de corrupci\u00f3n de la obra p\u00fablica y privada.<\/p>\n\n\n\n<p class=\"wp-block-paragraph\">Personas que est\u00e1n en busca de sus familiares no han encontrado respuesta en la emergencia, y rodeando la zona tambi\u00e9n impiden que la atenci\u00f3n sea posible y que prevalezca el riesgo de que el resto de la estructura tambi\u00e9n colapse.<\/p>\n\n\n\n<p class=\"wp-block-paragraph\">Las leyendas urbanas dan detalles de que es en la obra p\u00fablica donde suceden colapsos financieros que repercuten en obras de mala calidad, cuando algunas incluso no se hacen.<\/p>\n\n\n\n<p class=\"wp-block-paragraph\">La existencia del desd\u00e9n hacia la seguridad ciudadana se pone de manifiesto cuando se ventilan obras que atentan contra la seguridad. En M\u00e9xico no se ha dado la excepci\u00f3n. En el puerto de Acapulco un condominio conocido como Pedregal de Cantaluna m\u00e1s de 90 familias fueron notificadas por la Coordinaci\u00f3n Nacional de Protecci\u00f3n Civil que la obra no podr\u00eda reconstruirse por el riesgo luego de que el sismo de 7 de septiembre de 2021 varios de los edificios que componen ese pedregal perdieran su proyecto de vida basado en un proyecto de construcci\u00f3n en malas condiciones.<\/p>\n\n\n\n<p class=\"wp-block-paragraph\">El INFONAVIT fue duramente cuestionado, como sucedi\u00f3 tambi\u00e9n en Chilpancingo donde tuvieron que derrumbarse varios edificios entregados por el entonces presidente de M\u00e9xico, Miguel de la Madrid, luego de que pusieran en riesgo la seguridad de sus habitantes.<\/p>\n\n\n\n<p class=\"wp-block-paragraph\">El 3 de abril de 1996, mientras el entonces Gobernador \u00c1ngel Aguirre Rivero, cortaba el list\u00f3n inaugural de una plaza de toros en su natal Ometepec, se derrumbaron las gradas ocasionando que 3 menores de edad perdieran la vida, salieran lesionadas unas 47 personas y con da\u00f1os menores el Mandatario. La obra fue reconstruida en el mismo periodo de gobierno estatal.<\/p>\n\n\n\n<p class=\"wp-block-paragraph\">Hay una leyenda urbana donde una obra carretera convoc\u00f3 a dos autoridades municipales para reconvenir, una de ellas, a que desistiera su hom\u00f3logo en hacer el tramo que le correspond\u00eda a una altura superior a la que pretend\u00eda realizar la otra autoridad a fin de que, en el momento que se encontraran las dos puntas de la carretera no se notara la diferencia.<\/p>\n\n\n\n<p class=\"wp-block-paragraph\">La emergencia de Trujillo, en Per\u00fa, es una lecci\u00f3n para todas las autoridades del mundo donde la obra p\u00fablica no es sujeto de servicio sino de servirse. Como tambi\u00e9n esa emergencia muestra que no siempre est\u00e1 preparada una autoridad en una atenci\u00f3n r\u00e1pida y efectiva a la poblaci\u00f3n. Ojala sirva como lecci\u00f3n.<\/p>\n","protected":false},"excerpt":{"rendered":"<p>Isabel Ortega Morales SemM\u00e9xico, Chilpancingo, Gro., 24 de febrero de 2025.- Los ojos del mundo est\u00e1n puestos en la tragedia de Per\u00fa, con el derrumbe de parte del techo de la Plaza Real Trujillo que deja en este momento 8 personas sin vida y m\u00e1s de 84 heridos. La tragedia revive un pasaje de la [&hellip;]<\/p>\n","protected":false},"author":3,"featured_media":38576,"comment_status":"open","ping_status":"open","sticky":false,"template":"","format":"standard","meta":{"_monsterinsights_skip_tracking":false,"footnotes":""},"categories":[198,35,197],"tags":[],"class_list":["post-92937","post","type-post","status-publish","format-standard","has-post-thumbnail","category-isabel-ortega-morales","category-opinion","category-violeta-del-anahuac"],"_links":{"self":[{"href":"https:\/\/redsemlac.com\/semmexico\/wp-json\/wp\/v2\/posts\/92937","targetHints":{"allow":["GET"]}}],"collection":[{"href":"https:\/\/redsemlac.com\/semmexico\/wp-json\/wp\/v2\/posts"}],"about":[{"href":"https:\/\/redsemlac.com\/semmexico\/wp-json\/wp\/v2\/types\/post"}],"author":[{"embeddable":true,"href":"https:\/\/redsemlac.com\/semmexico\/wp-json\/wp\/v2\/users\/3"}],"replies":[{"embeddable":true,"href":"https:\/\/redsemlac.com\/semmexico\/wp-json\/wp\/v2\/comments?post=92937"}],"version-history":[{"count":0,"href":"https:\/\/redsemlac.com\/semmexico\/wp-json\/wp\/v2\/posts\/92937\/revisions"}],"wp:featuredmedia":[{"embeddable":true,"href":"https:\/\/redsemlac.com\/semmexico\/wp-json\/wp\/v2\/media\/38576"}],"wp:attachment":[{"href":"https:\/\/redsemlac.com\/semmexico\/wp-json\/wp\/v2\/media?parent=92937"}],"wp:term":[{"taxonomy":"category","embeddable":true,"href":"https:\/\/redsemlac.com\/semmexico\/wp-json\/wp\/v2\/categories?post=92937"},{"taxonomy":"post_tag","embeddable":true,"href":"https:\/\/redsemlac.com\/semmexico\/wp-json\/wp\/v2\/tags?post=92937"}],"curies":[{"name":"wp","href":"https:\/\/api.w.org\/{rel}","templated":true}]}}