{"id":92904,"date":"2025-02-20T10:03:16","date_gmt":"2025-02-20T16:03:16","guid":{"rendered":"https:\/\/redsemlac.com\/semmexico\/?p=92904"},"modified":"2025-02-20T10:03:17","modified_gmt":"2025-02-20T16:03:17","slug":"congreso-de-chihuahua-exhorta-liberar-de-inmediato-a-6-mujeres-por-abortar","status":"publish","type":"post","link":"https:\/\/redsemlac.com\/semmexico\/congreso-de-chihuahua-exhorta-liberar-de-inmediato-a-6-mujeres-por-abortar\/","title":{"rendered":"Congreso de Chihuahua exhorta liberar de inmediato a 6 mujeres por abortar"},"content":{"rendered":"\n<p class=\"wp-block-paragraph\">En la marcha del 8M mujeres piden respetar derechos adquiridos como el reciente aborto voluntario<\/p>\n\n\n\n<p class=\"wp-block-paragraph\">Elda Montiel&nbsp;<\/p>\n\n\n\n<p class=\"wp-block-paragraph\">SemM\u00e9xico. Ciudad de M\u00e9xico. 19 de febrero 2025.- El Congreso del Estado de&nbsp; Chihuahua exhort\u00f3 al&nbsp; gobierno liberar de inmediato a seis mujeres presas por aborto dada la sentencia de la Suprema Corte de Justicia de la Naci\u00f3n (SCJN) que, a fines de enero despenaliz\u00f3 el aborto voluntario como delito&nbsp; del C\u00f3digo Penal del Estado.<\/p>\n\n\n\n<p class=\"wp-block-paragraph\">El exhorto presentado por la diputada Elizabeth Guzm\u00e1n Argueta, presidenta del Congreso, busca que el Gobierno Estatal, en coordinaci\u00f3n con el&nbsp;Poder Judicial, acelere los procedimientos legales necesarios para que las seis mujeres sean puestas en libertad de inmediato.<\/p>\n\n\n\n<p class=\"wp-block-paragraph\">Informaci\u00f3n del medio digital nmas.com reporta que de acuerdo a la Secretar\u00eda de Seguridad P\u00fablica, cuatro de estas mujeres&nbsp;ya tienen sentencia&nbsp;y otras dos&nbsp;a\u00fan enfrentan proceso penal y el gobierno estatal no se ha pronunciado al respecto.<\/p>\n\n\n\n<p class=\"wp-block-paragraph\">El pasado 30 de enero el aborto voluntario qued\u00f3 despenalizado en Chihuahua con la resoluci\u00f3n de la&nbsp;Suprema Corte de Justicia de la Naci\u00f3n&nbsp;(SCJN), que declar\u00f3&nbsp; inconstitucionales los art\u00edculos&nbsp;142, 145 y 146&nbsp;del&nbsp;C\u00f3digo Penal del Estado, los cuales sancionaban la interrupci\u00f3n del embarazo.<\/p>\n\n\n\n<p class=\"wp-block-paragraph\">La resoluci\u00f3n implica que las disposiciones declaradas inconstitucionales ya no podr\u00e1n ser aplicadas por ninguna autoridad en el pa\u00eds y tienen car\u00e1cter retroactivo dado que se trata de una materia penal, lo que significa que todas aquellas mujeres y personas gestantes que hayan sido investigadas, procesadas o condenadas por el delito de aborto voluntario podr\u00e1n beneficiarse de la resoluci\u00f3n, se\u00f1al\u00f3 en un comunicada la Primera Sala.&nbsp;<\/p>\n\n\n\n<p class=\"wp-block-paragraph\">Esta sentencia se deriva del amparo en revisi\u00f3n 666\/2023, la Primera Sala de la Suprema Corte de Justicia de la Naci\u00f3n resolvi\u00f3, en sesi\u00f3n del 18 de octubre de 2023, por una mayor\u00eda de cuatro votos, la inconstitucionalidad de los art\u00edculos 143, p\u00e1rrafos primero y segundo, y 145 del C\u00f3digo Penal del Estado de Chihuahua. Se le notific\u00f3 entonces al Congreso del Estado para que hiciera la modificaci\u00f3n en un plazo de 90 d\u00edas, pero al no hacerlo, el pleno de la SCJN invalido los preceptos con efectos generales. El proyecto estuvo a cargo del ministro Luis Gonz\u00e1lez Alc\u00e1ntara Carranc\u00e1.<\/p>\n\n\n\n<p class=\"wp-block-paragraph\">Es la primera vez que en el pa\u00eds y en la historia del a SCJN se da este procedimiento destacaron, al darse a conocer la sentencia, las organizaciones &nbsp;Red de Aborto Seguro Chihuahua, Marea Verde Chihuahua, Centro Human\u00edstico de Estudios Relacionados con la Orientaci\u00f3n Sexual (CHEROS), Morrxs Aut\u00f3nomxs y AbortistasMx.<\/p>\n\n\n\n<p class=\"wp-block-paragraph\"><strong>Respeto a la ILE demandan feministas de Ciudad Ju\u00e1rez este 8 de marzo&nbsp;<\/strong><\/p>\n\n\n\n<p class=\"wp-block-paragraph\">El acceso del servicio gratuito y seguro para el aborto voluntario en todas las cl\u00ednicas&nbsp; y el respeto para los derechos conquistados como la reciente despenalizaci\u00f3n del aborto en Chihuahua por la Suprema Corte de Justicia, junto con el alto a los feminicidios, el esclarecimiento de las desapariciones forzadas de mujeres y que a las madres buscadoras dejen de perseguirlas y criminalizarlas son las demandas para este 8 de marzo en Ciudad Ju\u00e1rez por las organizaciones feministas.<\/p>\n\n\n\n<figure class=\"wp-block-gallery has-nested-images columns-default is-cropped wp-block-gallery-1 is-layout-flex wp-block-gallery-is-layout-flex\">\n<figure class=\"wp-block-image size-large\"><a href=\"https:\/\/redsemlac.com\/semmexico\/wp-content\/uploads\/2025\/02\/image-14.png\"><img loading=\"lazy\" decoding=\"async\" width=\"1024\" height=\"1024\" data-id=\"92905\" src=\"https:\/\/redsemlac.com\/semmexico\/wp-content\/uploads\/2025\/02\/image-14-1024x1024.png\" alt=\"\" class=\"wp-image-92905\" srcset=\"https:\/\/redsemlac.com\/semmexico\/wp-content\/uploads\/2025\/02\/image-14-1024x1024.png 1024w, https:\/\/redsemlac.com\/semmexico\/wp-content\/uploads\/2025\/02\/image-14-300x300.png 300w, https:\/\/redsemlac.com\/semmexico\/wp-content\/uploads\/2025\/02\/image-14-150x150.png 150w, https:\/\/redsemlac.com\/semmexico\/wp-content\/uploads\/2025\/02\/image-14-768x768.png 768w, https:\/\/redsemlac.com\/semmexico\/wp-content\/uploads\/2025\/02\/image-14-696x696.png 696w, https:\/\/redsemlac.com\/semmexico\/wp-content\/uploads\/2025\/02\/image-14-1068x1068.png 1068w, https:\/\/redsemlac.com\/semmexico\/wp-content\/uploads\/2025\/02\/image-14.png 1080w\" sizes=\"auto, (max-width: 1024px) 100vw, 1024px\" \/><\/a><\/figure>\n<\/figure>\n\n\n\n<p class=\"wp-block-paragraph\">En conferencia de prensa, que se llev\u00f3 a cabo en el Monumento a la Madre, en el Parque Borunda las organizaciones: Ent\u00e9rate Mujer, Voces del Desierto, Lesbicats by Xolas: Arte L\u00e9sbico, Mujeres que luchan JRZ, Mujeres en Rebeli\u00f3n, Mujeres Organizadas Ciudad Ju\u00e1rez, Quema Agresores 656, y Aquelarre Feminista, entre otras colectivas y feministas, convocaron a una marcha separatista que partir\u00e1&nbsp; a las 12:00 horas en el estacionamiento de R\u00edo Grande Mall para llegar al Monumento a Ju\u00e1rez con el lema \u201cNos queremos vivas y libres\u201d.<\/p>\n\n\n\n<p class=\"wp-block-paragraph\">\u201cEstamos listas para apropiarnos de las calles! Por vidas dignas, sin miedo y sin violencia para todas. Este 8 de marzo, tomamos las calles para exigir el fin de la violencia hacia las mujeres y para ocupar con fuerza y convicci\u00f3n el espacio p\u00fablico que hist\u00f3ricamente nos ha sido negado. Esta marcha es un acto de emancipaci\u00f3n, de resistencia y de denuncia colectiva\u201d, expresaron.<\/p>\n\n\n\n<p class=\"wp-block-paragraph\">Mencionaron cifras tras se\u00f1alar que las autoridades deben dejar de negar la realidad de los feminicidios y que investiguen con perspectiva de g\u00e9nero, tan s\u00f3lo en 2023 se registraron 155 asesinatos de mujeres y s\u00f3lo 25 fueron registrados como feminicidio. En 2024 asesinaron m\u00e1s de 90 mujeres de todas las edades incluidas adultas mayores.<\/p>\n\n\n\n<p class=\"wp-block-paragraph\">Invitan a asistir a las mujeres con ropa c\u00f3moda, pancartas y agua, respetando el car\u00e1cter separatista del evento. Adem\u00e1s, informaron que habr\u00e1 brigadas de seguridad y salud para garantizar una marcha pac\u00edfica, organizada desde la sororidad.<\/p>\n\n\n\n<p class=\"wp-block-paragraph\">Este a\u00f1o el contingente avanzar\u00e1 sobre la Paseo Triunfo de la Rep\u00fablica, con una batucada feminista infantil. Har\u00e1 una primera parada en el Hospital de la Mujer, en donde se realizar\u00e1 un pronunciamiento, para luego seguir hasta el Monumento a la Madre en el Parque Borunda, en donde realizar\u00e1n un segundo pronunciamiento antes de continuar hasta el Monumento a Benito Ju\u00e1rez.<\/p>\n\n\n\n<p class=\"wp-block-paragraph\">Por otra parte, tambi\u00e9n se organiza una movilizaci\u00f3n incluyente en la que podr\u00e1n participar hombres e integrantes de la poblaci\u00f3n LGBTQ+ saldr\u00e1 de la calle Vicente Guerrero hacia la calle Ram\u00f3n Corona, seguir\u00e1 por la 16 de septiembre y recorrer\u00e1 la avenida Ju\u00e1rez hasta llegar a la Cruz de Clavos.&nbsp;<\/p>\n","protected":false},"excerpt":{"rendered":"<p>En la marcha del 8M mujeres piden respetar derechos adquiridos como el reciente aborto voluntario Elda Montiel&nbsp; SemM\u00e9xico. Ciudad de M\u00e9xico. 19 de febrero 2025.- El Congreso del Estado de&nbsp; Chihuahua exhort\u00f3 al&nbsp; gobierno liberar de inmediato a seis mujeres presas por aborto dada la sentencia de la Suprema Corte de Justicia de la Naci\u00f3n [&hellip;]<\/p>\n","protected":false},"author":3,"featured_media":92907,"comment_status":"open","ping_status":"open","sticky":false,"template":"","format":"standard","meta":{"_monsterinsights_skip_tracking":false,"footnotes":""},"categories":[700],"tags":[],"class_list":["post-92904","post","type-post","status-publish","format-standard","has-post-thumbnail","category-estados"],"_links":{"self":[{"href":"https:\/\/redsemlac.com\/semmexico\/wp-json\/wp\/v2\/posts\/92904","targetHints":{"allow":["GET"]}}],"collection":[{"href":"https:\/\/redsemlac.com\/semmexico\/wp-json\/wp\/v2\/posts"}],"about":[{"href":"https:\/\/redsemlac.com\/semmexico\/wp-json\/wp\/v2\/types\/post"}],"author":[{"embeddable":true,"href":"https:\/\/redsemlac.com\/semmexico\/wp-json\/wp\/v2\/users\/3"}],"replies":[{"embeddable":true,"href":"https:\/\/redsemlac.com\/semmexico\/wp-json\/wp\/v2\/comments?post=92904"}],"version-history":[{"count":0,"href":"https:\/\/redsemlac.com\/semmexico\/wp-json\/wp\/v2\/posts\/92904\/revisions"}],"wp:featuredmedia":[{"embeddable":true,"href":"https:\/\/redsemlac.com\/semmexico\/wp-json\/wp\/v2\/media\/92907"}],"wp:attachment":[{"href":"https:\/\/redsemlac.com\/semmexico\/wp-json\/wp\/v2\/media?parent=92904"}],"wp:term":[{"taxonomy":"category","embeddable":true,"href":"https:\/\/redsemlac.com\/semmexico\/wp-json\/wp\/v2\/categories?post=92904"},{"taxonomy":"post_tag","embeddable":true,"href":"https:\/\/redsemlac.com\/semmexico\/wp-json\/wp\/v2\/tags?post=92904"}],"curies":[{"name":"wp","href":"https:\/\/api.w.org\/{rel}","templated":true}]}}