{"id":92901,"date":"2025-02-19T11:02:28","date_gmt":"2025-02-19T17:02:28","guid":{"rendered":"https:\/\/redsemlac.com\/semmexico\/?p=92901"},"modified":"2025-02-19T11:02:29","modified_gmt":"2025-02-19T17:02:29","slug":"justiciasocial-mujeres-luchan-por-llevar-sus-casos-de-violencia-vicaria-a-cidh","status":"publish","type":"post","link":"https:\/\/redsemlac.com\/semmexico\/justiciasocial-mujeres-luchan-por-llevar-sus-casos-de-violencia-vicaria-a-cidh\/","title":{"rendered":"#JusticiaSocial: Mujeres luchan por llevar sus casos de violencia vicaria a CIDH"},"content":{"rendered":"\n<p class=\"wp-block-paragraph\">D\u00eda Mundial de la Justicia Social, un grupo de mujeres en M\u00e9xico est\u00e1 luchando por hacer valer sus derechos ante la Comisi\u00f3n Interamericana de Derechos Humanos (CIDH)<\/p>\n\n\n\n<p class=\"wp-block-paragraph\">Fueron revictimizadas por&nbsp; un sistema judicial que, en lugar de protegerlas, las ha dejado desamparadas frente a la violencia vicaria.<\/p>\n\n\n\n<p class=\"wp-block-paragraph\"><br>Redacci\u00f3n<\/p>\n\n\n\n<p class=\"wp-block-paragraph\">SemM\u00e9xico, Cd. de M\u00e9xico, 19 de febrero, 2025.-Gabriela, Elisa y Blanca han enfrentado amenazas, persecuci\u00f3n y criminalizaci\u00f3n solo por atreverse a denunciar; sus casos se han desarrollado&nbsp;en Sinaloa y CDMX, Veracruz y Jalisco, respectivamente.<\/p>\n\n\n\n<p class=\"wp-block-paragraph\">Cada 20 de febrero, el mundo conmemora el&nbsp;<a href=\"https:\/\/ses.prsts.de\/CL0\/https:%2F%2Fwww.un.org%2Fes%2Fobservances%2Fsocial-justice-day\/1\/0102019515e22c28-2c6ca08d-ff4c-497b-96d7-cd87a5ba6d41-000000\/HuQ4_crrsk8D8qmMLoO_pWalQfpAAAg5mAF2KpyMfUE=392\"><strong>D\u00eda Mundial de la Justicia Social<\/strong><\/a>, una fecha que busca promover la equidad y el acceso a derechos fundamentales. En M\u00e9xico, esta fecha cobra vital importancia para visibilizar luchas que, por a\u00f1os, han alejado a grupos vulnerables de una vida justa, entre ellas, la violencia vicaria, una de esas luchas que necesita urgentemente ser escuchada.<\/p>\n\n\n\n<p class=\"wp-block-paragraph\">Actualmente, miles de mexicanas enfrentan un sistema judicial que, en lugar de protegerlas, las revictimiza, dej\u00e1ndolas desamparadas ante agresores que utilizan la violencia vicaria como un arma de control. Esta es una de las expresiones m\u00e1s crueles de violencia de g\u00e9nero. Se manifiesta cuando&nbsp;los agresores utilizan a los hijos como un medio para da\u00f1ar a las madres, arrebat\u00e1ndoselos, manipulando procesos legales y vulnerando su estabilidad emocional y econ\u00f3mica.<\/p>\n\n\n\n<p class=\"wp-block-paragraph\">En un entorno donde la justicia es lenta y muchas veces corrupta, mujeres como Gabriela Pablos Saucedo, Elisa Mar\u00eda Zald\u00edvar Barcelata y Blanca Estela Paredes Hern\u00e1ndez han sido perseguidas, amenazadas y criminalizadas por atreverse a denunciar.<\/p>\n\n\n\n<p class=\"wp-block-paragraph\">Ante tanta injusticia, Mar\u00eda Magdalena L\u00f3pez Paulino, con el respaldo de la&nbsp;<a href=\"https:\/\/ses.prsts.de\/CL0\/https:%2F%2Flosangelespress.org%2F__export%2Fsites%2Flapress%2Fpdfs%2F2024%2F07%2F22%2FRE5MLgOKXfCxZ0W4.pdf\/1\/0102019515e22c28-2c6ca08d-ff4c-497b-96d7-cd87a5ba6d41-000000\/d-4DUl5b-HaiGm09TO2-wAVuyRPRh_r7aOgQDFdXyaA=392\"><strong>Red Solidaria D\u00e9cada Contra la Impunidad<\/strong><\/a>, han iniciado un largo camino para poder llevar sus casos a la Comisi\u00f3n Interamericana de Derechos Humanos (CIDH), un \u00f3rgano de la Organizaci\u00f3n de los Estados Americanos (OEA) que se encarga de promover y proteger los derechos humanos en el continente americano, y que all\u00ed&nbsp;<strong>sean juzgados con perspectiva de g\u00e9nero, lejos de la corrupci\u00f3n que pulula en juzgados mexicanos.<\/strong><\/p>\n\n\n\n<p class=\"wp-block-paragraph\">Pero esta batalla tiene un alto costo, y necesitan el apoyo de la sociedad para cubrir gastos legales y administrativos que les permitan avanzar en sus casos, por lo que Mar\u00eda Magdalena emprendi\u00f3 una colecta solidaria para lograrlo.<\/p>\n\n\n\n<p class=\"wp-block-paragraph\">\u00abCada donaci\u00f3n es un paso m\u00e1s hacia la justicia, un mensaje claro de que no permitiremos que el miedo nos silencie. Que sea el miedo quien cambie de bando\u00bb, comparte Magdalena, quien pide ayuda para \u00abdemostrar que la justicia no es un privilegio, sino un derecho\u00bb.<\/p>\n\n\n\n<p class=\"wp-block-paragraph\">En este<strong>&nbsp;D\u00eda de la Justicia Social<\/strong>, apoyar su causa es una forma de demostrar que ninguna mujer deber\u00eda vivir con miedo y que la impunidad no puede seguir reinando.<\/p>\n\n\n\n<p class=\"wp-block-paragraph\">Cada donaci\u00f3n representa un paso m\u00e1s hacia un M\u00e9xico donde la justicia s\u00ed sea social, s\u00ed sea equitativa y s\u00ed proteja a quienes m\u00e1s lo necesitan. La meta de recaudaci\u00f3n fue fijada en 100,000 pesos y las aportaciones son posibles desde los 100 pesos, una cifra accesible que ayudar\u00e1 a garantizar la justicia para estas tres mujeres.<\/p>\n\n\n\n<ul class=\"wp-block-list\">\n<li><strong>Elisa Mar\u00eda Zald\u00edvar Barcelata<\/strong>, v\u00edctima de violencia vicaria en Veracruz, fue detenida en 2022 con acusaciones que, seg\u00fan diversas organizaciones, fueron fabricadas por su expareja para despojarle de la custodia de sus hijos. Estuvo seis meses encarcelada hasta ser liberada en 2023, pero sigue sin poder reunirse con sus hijos, a pesar de una orden judicial a su favor. En marzo de 2024, una audiencia clave fue pospuesta por la inasistencia de la fiscal, prolongando su separaci\u00f3n. Mientras enfrenta amenazas, contin\u00faa su lucha con apoyo de colectivas que exigen justicia.<\/li>\n\n\n\n<li><strong>Blanca Estela Paredes Hern\u00e1ndez<\/strong>\u00a0inici\u00f3 una relaci\u00f3n a los 15 a\u00f1os con Jos\u00e9 de Jes\u00fas Covarrubias Due\u00f1as, entonces magistrado del Tribunal de Justicia de Jalisco, quien ten\u00eda 44 a\u00f1os. De esta relaci\u00f3n nacieron dos hijos, registrados \u00fanicamente por Blanca. Al descubrir que Covarrubias era casado, \u00e9l le prometi\u00f3 divorciarse, lo cual no ocurri\u00f3. En diciembre de 2023, su caso fue presentado ante la Comisi\u00f3n Interamericana de Derechos Humanos (CIDH) y, sorprendentemente, admitido en julio de 2024.<\/li>\n\n\n\n<li><strong>Gabriela Pablos Saucedo<\/strong>, periodista, ha sido v\u00edctima de violencia vicaria en M\u00e9xico. En agosto de 2024, la Comisi\u00f3n Interamericana de Derechos Humanos (CIDH) admiti\u00f3 su caso, marcando un hito al ser el segundo de este tipo aceptado por el organismo. Esta admisi\u00f3n representa un avance significativo en la lucha contra la violencia vicaria en el pa\u00eds.<\/li>\n<\/ul>\n\n\n\n<p class=\"wp-block-paragraph\">Para dar aportaciones, da clic en el link que fue habilitado en GoFundMe:&nbsp;<a href=\"https:\/\/ses.prsts.de\/CL0\/https:%2F%2Fgofund.me%2Fddcae543\/1\/0102019515e22c28-2c6ca08d-ff4c-497b-96d7-cd87a5ba6d41-000000\/cDGzsLn7a50mF4ZDMm3KxDtk9maH3-5-YJYplmGMf7c=392\">https:\/\/gofund.me\/ddcae543<\/a><\/p>\n","protected":false},"excerpt":{"rendered":"<p>D\u00eda Mundial de la Justicia Social, un grupo de mujeres en M\u00e9xico est\u00e1 luchando por hacer valer sus derechos ante la Comisi\u00f3n Interamericana de Derechos Humanos (CIDH) Fueron revictimizadas por&nbsp; un sistema judicial que, en lugar de protegerlas, las ha dejado desamparadas frente a la violencia vicaria. Redacci\u00f3n SemM\u00e9xico, Cd. de M\u00e9xico, 19 de febrero, [&hellip;]<\/p>\n","protected":false},"author":3,"featured_media":92902,"comment_status":"open","ping_status":"open","sticky":false,"template":"","format":"standard","meta":{"_monsterinsights_skip_tracking":false,"footnotes":""},"categories":[48],"tags":[],"class_list":["post-92901","post","type-post","status-publish","format-standard","has-post-thumbnail","category-no-mas-impunidad-no-mas-impunidad"],"_links":{"self":[{"href":"https:\/\/redsemlac.com\/semmexico\/wp-json\/wp\/v2\/posts\/92901","targetHints":{"allow":["GET"]}}],"collection":[{"href":"https:\/\/redsemlac.com\/semmexico\/wp-json\/wp\/v2\/posts"}],"about":[{"href":"https:\/\/redsemlac.com\/semmexico\/wp-json\/wp\/v2\/types\/post"}],"author":[{"embeddable":true,"href":"https:\/\/redsemlac.com\/semmexico\/wp-json\/wp\/v2\/users\/3"}],"replies":[{"embeddable":true,"href":"https:\/\/redsemlac.com\/semmexico\/wp-json\/wp\/v2\/comments?post=92901"}],"version-history":[{"count":0,"href":"https:\/\/redsemlac.com\/semmexico\/wp-json\/wp\/v2\/posts\/92901\/revisions"}],"wp:featuredmedia":[{"embeddable":true,"href":"https:\/\/redsemlac.com\/semmexico\/wp-json\/wp\/v2\/media\/92902"}],"wp:attachment":[{"href":"https:\/\/redsemlac.com\/semmexico\/wp-json\/wp\/v2\/media?parent=92901"}],"wp:term":[{"taxonomy":"category","embeddable":true,"href":"https:\/\/redsemlac.com\/semmexico\/wp-json\/wp\/v2\/categories?post=92901"},{"taxonomy":"post_tag","embeddable":true,"href":"https:\/\/redsemlac.com\/semmexico\/wp-json\/wp\/v2\/tags?post=92901"}],"curies":[{"name":"wp","href":"https:\/\/api.w.org\/{rel}","templated":true}]}}