{"id":92757,"date":"2025-02-12T15:11:59","date_gmt":"2025-02-12T21:11:59","guid":{"rendered":"https:\/\/redsemlac.com\/semmexico\/?p=92757"},"modified":"2025-02-12T15:41:55","modified_gmt":"2025-02-12T21:41:55","slug":"vigente-en-la-agenda-nacional-de-los-derechos-sexuales-y-reproductivos-afirmo-silvia-giorguli-saucedo-al-ingresar-a-el-colegio-nacional","status":"publish","type":"post","link":"https:\/\/redsemlac.com\/semmexico\/vigente-en-la-agenda-nacional-de-los-derechos-sexuales-y-reproductivos-afirmo-silvia-giorguli-saucedo-al-ingresar-a-el-colegio-nacional\/","title":{"rendered":"Vigentes en la agenda nacional los derechos sexuales y reproductivos: Silvia Giorguli Saucedo al ingresar a El Colegio Nacional"},"content":{"rendered":"\n<p class=\"wp-block-paragraph\">Los senderos demogr\u00e1ficos en el futuro de M\u00e9xico: sigue embarazo adolescente, muerte materna y homicidios de mujeres<\/p>\n\n\n\n<p class=\"wp-block-paragraph\">El futuro: \u00bfhabr\u00e1 equilibrio para garantizar pensiones, atenci\u00f3n y salud para los adultos mayores?<em> .<\/em><\/p>\n\n\n\n<p class=\"wp-block-paragraph\">Elda Montiel&nbsp; y Sara Lovera&nbsp;<\/p>\n\n\n\n<p class=\"wp-block-paragraph\">SemM\u00e9xico. Ciudad de M\u00e9xico. 11 de febrero 2025.-&nbsp; La dem\u00f3grafa Silvia Giorguli Saucedo, al ingresar al Colegio Nacional anticip\u00f3&nbsp; nuevas desigualdades&nbsp; asociadas a la violencia en ciertas regiones del pa\u00eds tanto como a&nbsp; eventos clim\u00e1ticos extremos, y ante la paradoja de haber logrado con \u00e9xito baja fecundidad,-estamos ya en tasa de reemplazo-&nbsp; &nbsp; gracias a las mujeres y sus derechos sexuales y reproductivos pero permanece el embarazo en adolescentes -9 mil ni\u00f1as fueron madres en un a\u00f1o- y altas&nbsp; tasas de mortalidad materna&nbsp; que hace 15 a\u00f1os.<\/p>\n\n\n\n<p class=\"wp-block-paragraph\">En su lecci\u00f3n inaugural&nbsp; llam\u00f3 a considerar a la&nbsp; demograf\u00eda como&nbsp; poderosa caja de herramientas para las pol\u00edticas de desarrollo y a desterrar la r\u00e1pida difusi\u00f3n de informaci\u00f3n imprecisa y falsa a trav\u00e9s de las redes sociales y atender c\u00f3mo se potenciar\u00eda el uso de los temas poblacionales para promover decisiones de pol\u00edtica p\u00fablica y electorales basadas en miedos, estigmas o prejuicios.&nbsp;<\/p>\n\n\n\n<p class=\"wp-block-paragraph\">En una presentaci\u00f3n donde analiz\u00f3 50 a\u00f1os de pol\u00edtica demogr\u00e1fica en M\u00e9xico, se congratul\u00f3 de&nbsp; enriquecer&nbsp; el conocimiento multidisciplinario&nbsp; entre quienes fomentan el saber en El Colegio Nacional. Soci\u00f3loga y dem\u00f3grafa de 55 a\u00f1os, Giorguli Saucedo denomin\u00f3 su lecci\u00f3n <em>Los senderos demogr\u00e1ficos en el futuro de M\u00e9xico.<\/em><\/p>\n\n\n\n<p class=\"wp-block-paragraph\">Con elocuencia, ante un auditorio formado por especialistas, rectores y rectoras universitarias, integrantes de la ANUIES, secretarias y subsecretarias de estado y una multitud&nbsp; solidaria de sus compa\u00f1eras y compa\u00f1eros de El Colegio de M\u00e9xico propuso aprovechar el bono demogr\u00e1fico de g\u00e9nero, educar y educar para enfrentar desaf\u00edos y paradojas que plantean asuntos como la migraci\u00f3n, la emigraci\u00f3n, el envejecimiento acelerado y la violencia que ya anuncia la&nbsp; p\u00e9rdida de a\u00f1os de esperanza de vida a los hombres mexicanos.<\/p>\n\n\n\n<p class=\"wp-block-paragraph\">La nueva integrante de El Colegio Nacional, sencilla de hablar, clara y did\u00e1ctica, expres\u00f3&nbsp; con gran emoci\u00f3n frente a su padre, hermanos, hija e hijo y su compa\u00f1ero su convicci\u00f3n de que la demograf\u00eda es una palanca para planificar.. Emocionada agradeci\u00f3 confianza y cari\u00f1o; solo dos veces se le quebr\u00f3 la voz; ex jefa de la Asociaci\u00f3n de Dem\u00f3grafos\/as, y 10 a\u00f1os de experiencia como presidenta de El Colegio de M\u00e9xico le permitieron exponer la importancia de que en El Colegio Nacional -antiguo recinto de puros intelectuales hombres- se introduzca el an\u00e1lisis transversal de g\u00e9nero. No dud\u00f3.&nbsp;<\/p>\n\n\n\n<figure class=\"wp-block-image\"><img decoding=\"async\" src=\"https:\/\/lh7-rt.googleusercontent.com\/docsz\/AD_4nXfNZQDo91Oey9N1-JDRRW1CryKS564pvuopJQnHKj5r_KagUP9BwWZ2LIgfNkapSgfzbE-m7fnfWuFuBzsAYiTc-pDBRuMuV9tJk4Xtmv0jcAmI8pMYv4EqQB9qJgXak8UXyXfoL1cUYc1ZyTp74Gg?key=kyZ3z8bbF52PzqB6iPvkkWRT\" alt=\"\"\/><\/figure>\n\n\n\n<p class=\"wp-block-paragraph\">Afirm\u00f3 que en M\u00e9xico existen agencias que tienen datos confiables, como INEGI, lo que permite saber del&nbsp; proceso de cambios poblacionales, de&nbsp; envejecimiento, de d\u00f3nde y c\u00f3mo est\u00e1n hombres y mujeres, pero advirti\u00f3 que&nbsp; de prevalecer la estructura de las desigualdades existentes \u2014econ\u00f3micas, de g\u00e9nero, territoriales\u2014, la demograf\u00eda en la econom\u00eda, la salud y los derechos tendr\u00e1 importante significado para&nbsp; M\u00e9xico que&nbsp; vive un nuevo paradigma&nbsp; en su movilidad demogr\u00e1fica. Habl\u00f3 de los desplazamientos y&nbsp; la emigraci\u00f3n hist\u00f3rica a Estados Unidos.&nbsp;<\/p>\n\n\n\n<p class=\"wp-block-paragraph\">Destac\u00f3 con datos consolidados sobre la&nbsp; baja &nbsp; fecundidad, crecemos s\u00f3lo uno por ciento &nbsp; y est\u00e1 en marcha un proceso de envejecimiento acelerado. Y se pregunt\u00f3 y pregunt\u00f3: \u00bfc\u00f3mo deben (re)organizarse las sociedades ante el r\u00e1pido aumento de la poblaci\u00f3n adulta mayor? \u00bfQu\u00e9 pol\u00edticas sociales, de salud y econ\u00f3micas se requieren? \u00bfC\u00f3mo se suple el decremento de la poblaci\u00f3n en edades laborales para enfrentar los retos de sostener los sistemas de jubilaci\u00f3n y responder a las necesidades de cuidado de la poblaci\u00f3n adulta mayor? \u00bfA trav\u00e9s de la migraci\u00f3n internacional? \u00bfQu\u00e9 implica promover o permitir la migraci\u00f3n internacional \u2014principalmente de poblaci\u00f3n joven, en edades productivas y reproductivas\u2014 en pa\u00edses que est\u00e1n decreciendo?&nbsp;&nbsp;<\/p>\n\n\n\n<p class=\"wp-block-paragraph\">Explic\u00f3 que a pesar de que M\u00e9xico fue un ejemplo en&nbsp; ante el reto que anunciaba hace 50 a\u00f1os&nbsp; la explosi\u00f3n demogr\u00e1fica o la \u201cbomba poblacional\u201d, se&nbsp; logr\u00f3 disminuir &nbsp; la tasa de fecundidad&nbsp; pero sigue vigente la agenda por los derechos sexuales y reproductivos porque&nbsp; esconden rezagos importantes como el muy elevado embarazo adolescente y la tasa de mortalidad materna.<\/p>\n\n\n\n<p class=\"wp-block-paragraph\">Convencida de que la demograf\u00eda es la caja de herramientas que permite anticipar escenarios y reflexionar sobre el futuro en temas de g\u00e9nero, migraci\u00f3n internacional, educaci\u00f3n y salud vincularlas con pol\u00edticas p\u00fablicas que permitan atender las desigualdades. Dijo satisfecha que&nbsp; cumpli\u00f3 su promesa de abrir m\u00faltiples canales de discusi\u00f3n que retome El Colegio Nacional como contrapeso frente a la posverdad, difundir el conocimiento y abrir espacio al di\u00e1logo informado.<\/p>\n\n\n\n<figure class=\"wp-block-image\"><img decoding=\"async\" src=\"https:\/\/lh7-rt.googleusercontent.com\/docsz\/AD_4nXf_xjd-feWJ9LLKD1eNgOIMfKxuiSNJIkRHJurvPvA1FzECnoBW8CWdXk-w98NH8urHEo1Q8ezEWXkA2HVHgBtf0hzacE5oO_F9s-r4dTWIMcWzy2od9xkTVse4MadUG_cdaBimGceNB_J0AkFKd5E?key=kyZ3z8bbF52PzqB6iPvkkWRT\" alt=\"\"\/><\/figure>\n\n\n\n<p class=\"wp-block-paragraph\"><strong>Mujeres en un contexto que fue s\u00f3lo de hombres<\/strong><\/p>\n\n\n\n<p class=\"wp-block-paragraph\">Es la primera vez que en El Colegio Nacional tres mujeres presidieron esta sesi\u00f3n solemne, semejante a los ingresos&nbsp; de literatos, economistas, poetas, etc., la sesi\u00f3n \u00fanica&nbsp; en 82 a\u00f1os, con la mujer n\u00famero 10 de ingreso, recibida por &nbsp; la vir\u00f3loga y cient\u00edfica Susana L\u00f3pez Charret\u00f3n, presidenta en turno de ECN, quien hizo la salutaci\u00f3n,&nbsp; la doctora Silvia Giorguli Saucedo, de nuevo&nbsp; ingreso y para responder al discurso de ingreso la colegiada &nbsp; Julia Carabias Lillo, destacada defensora del medio ambiente.&nbsp;<\/p>\n\n\n\n<p class=\"wp-block-paragraph\">Carabias Lillo se refiri\u00f3 a fortalecer las pol\u00edticas&nbsp; que llevan a la reducci\u00f3n de la fertilidad especialmente su aumento vinculado a embarazos no deseados o adolescentes como sucede en todo el mundo y en&nbsp; M\u00e9xico, mencion\u00f3 que&nbsp; en una comunidad de la selva lacandona las ni\u00f1as son obligadas a los 14 a\u00f1os a iniciar una vida reproductiva ligada a usos y costumbres, ideolog\u00edas, religi\u00f3n, prejuicios.&nbsp;<\/p>\n\n\n\n<p class=\"wp-block-paragraph\">Precis\u00f3, \u201ces un asunto&nbsp; de los derechos humanos de las mujeres garantizar el acceso a la salud reproductiva, a una educaci\u00f3n de calidad, a empleos dignos y a la igualdad de g\u00e9nero para que puedan tomar decisiones libres y aut\u00f3nomas&nbsp; sobre sus cuerpos y sus vidas\u201d.&nbsp;<\/p>\n\n\n\n<p class=\"wp-block-paragraph\">La nueva integrante de ECN dijo que el embarazo adolescente y muerte materna son temas que impactan&nbsp; como ejemplo de amplias desigualdades que existen a lo largo del pa\u00eds en cuanto al acceso a servicios de salud sexual y reproductiva y de calidad para el parto y posparto y el acceso a las adolescentes a una educaci\u00f3n sexual.&nbsp;<\/p>\n\n\n\n<p class=\"wp-block-paragraph\">Dio cifras, tan s\u00f3lo en el 2020, 1 de cada 3 mujeres j\u00f3venes report\u00f3 haber tenido un hijo antes de los 18 a\u00f1os, y ese mismo a\u00f1o hubo 9 mil ni\u00f1as entre los 10 y 14 a\u00f1os que fueron madres lo que habla de enfatizar el acceso a los servicios de salud sexual y reproductiva&nbsp; y a la anticoncepci\u00f3n, as\u00ed como desincentivar&nbsp; la vida en pareja como matrimonio o&nbsp; uni\u00f3n libre en las adolescentes para que puedan seguir con una trayectoria de vida con estudios.&nbsp;<\/p>\n\n\n\n<figure class=\"wp-block-image\"><img decoding=\"async\" src=\"https:\/\/lh7-rt.googleusercontent.com\/docsz\/AD_4nXfDppq48yCapEFiMPAOfeXPFR4SiDMFCB66QsU3fI5M18lU_I558ZssFo_USS-jWbyaE7oJUP03nSV7-r-uf6b014UxFCwu0N7BBVy1YU6DQykvEaMvVXK5KuyFFfDqv7koanKTfHoM3YkKm-LGi1s?key=kyZ3z8bbF52PzqB6iPvkkWRT\" alt=\"\"\/><\/figure>\n\n\n\n<p class=\"wp-block-paragraph\"><strong>Amplias desigualdades regionales en muerte materna<\/strong><\/p>\n\n\n\n<p class=\"wp-block-paragraph\">En cuanto a la mortalidad materna en 2024,&nbsp; dio datos de la Secretar\u00eda de Salud que reporta la muerte de 50 mujeres por cada 100 mil hijos nacidos vivos&nbsp; en Chihuahua y Guerrero, y 10 mujeres por cada 100 mil hijos vivos en Aguascalientes y San Luis Potos\u00ed, lo que habla de una gran desigualdad en el acceso a la salud en el parto y pos parto y en la calidad de los servicios m\u00e9dicos a lo largo del pa\u00eds y tambi\u00e9n una gran fragilidad que dejo la pandemia&nbsp; al pa\u00eds. Hoy estamos&nbsp; en los mismos niveles de 2015 con un rezago de diez a\u00f1os.&nbsp;<\/p>\n\n\n\n<p class=\"wp-block-paragraph\">Al respecto refiri\u00f3 que coincid\u00eda con Gustavo Cabrera (1981), uno de los pilares de la demograf\u00eda mexicana, cuando en su lecci\u00f3n inaugural se\u00f1alaba el cambio de un paradigma poblacionista, predominante en M\u00e9xico desde la \u00e9poca del gobierno de L\u00e1zaro C\u00e1rdenas y hasta la d\u00e9cada de los setenta, hacia uno que, desde una lectura generosa, buscaba integrar a la poblaci\u00f3n en la planeaci\u00f3n para el desarrollo.<\/p>\n\n\n\n<p class=\"wp-block-paragraph\">\u201cEste fue la incorporaci\u00f3n del enfoque de derechos sexuales y reproductivos de las mujeres como eje de la pol\u00edtica de poblaci\u00f3n en la d\u00e9cada de los noventa \u2014en concordancia con los cambios a nivel internacional-. Este cambio, adem\u00e1s, coadyuv\u00f3 a la construcci\u00f3n de una agenda p\u00fablica dirigida a las mujeres, la cual buscar\u00eda promover su autonom\u00eda para tomar decisiones sobre su vida, su cuerpo, su sexualidad y sus decisiones reproductivas. Con avances, algunos retrocesos y rezagos, \u00e9ste es un punto que se mantiene en la agenda de g\u00e9nero hoy en d\u00eda\u201d.&nbsp;<\/p>\n\n\n\n<p class=\"wp-block-paragraph\">Se refiri\u00f3 a la promulgaci\u00f3n de una nueva Ley General de Poblaci\u00f3n en 1974, la creaci\u00f3n del Consejo Nacional de Poblaci\u00f3n es a\u00f1o y la definici\u00f3n e implementaci\u00f3n de una nueva pol\u00edtica de poblaci\u00f3n, la cual consideraba, adem\u00e1s de la planificaci\u00f3n familiar, acciones en salud y&nbsp; a la distribuci\u00f3n territorial de la poblaci\u00f3n. Se habl\u00f3 entonces de crear 100 ciudades grandes en el pa\u00eds.( Rodolfo Tuir\u00e1n 1987).<\/p>\n\n\n\n<figure class=\"wp-block-image\"><img decoding=\"async\" src=\"https:\/\/lh7-rt.googleusercontent.com\/docsz\/AD_4nXfXV6g-6Az9UNk7s-XJDoOfUxEkMVF-9yeqBz2FyiYP94xaf7ykZTHYhjwS0_gkhyN7J86VlXlfUaPRG2iB3OId4__a-D2WAYAE-VcXPsqCl95uR94U5znDciMwtNXPzfcOLWc4vLMayHbdg6hnDDs?key=kyZ3z8bbF52PzqB6iPvkkWRT\" alt=\"\"\/><\/figure>\n\n\n\n<p class=\"wp-block-paragraph\"><strong>Potencial bono de g\u00e9nero<\/strong><\/p>\n\n\n\n<p class=\"wp-block-paragraph\">En su recorrido por la demograf\u00eda Giorguli Saucedo destac\u00f3 que las bajas tasas de participaci\u00f3n laboral de las mujeres en M\u00e9xico permiten asumir que tenemos un \u201cpotencial\u201d bono de g\u00e9nero, debido a que s\u00f3lo el 50 por ciento de las mujeres en edad productiva trabajan fuera de casa. Para su aprovechamiento, necesitar\u00edamos generar las mismas condiciones mencionadas para el bono demogr\u00e1fico: inversi\u00f3n en la escolaridad de las mujeres, disponibilidad de empleos con un buen nivel de ingreso, condiciones laborales dignas y acceso a seguridad social en un entorno econ\u00f3mico favorable.&nbsp;<\/p>\n\n\n\n<p class=\"wp-block-paragraph\">Adicionalmente, se requiere una organizaci\u00f3n del mundo del trabajo que permita una mayor conciliaci\u00f3n entre las trayectorias familiares y laborales de hombres y mujeres. El reconocimiento al trabajo de cuidados, la construcci\u00f3n de un Sistema Nacional de Cuidados, la atenci\u00f3n a las desigualdades de g\u00e9nero en el mundo laboral y la promoci\u00f3n de acciones que permitan una distribuci\u00f3n m\u00e1s equitativa del trabajo de cuidados entre hombres y mujeres son requisitos indispensables para generar un entorno favorable al aprovechamiento del bono de g\u00e9nero.&nbsp;<\/p>\n\n\n\n<figure class=\"wp-block-image\"><img decoding=\"async\" src=\"https:\/\/lh7-rt.googleusercontent.com\/docsz\/AD_4nXdfMZlxuQPiVpSLmRgRNiEvciTK58-XBB5Sdrt4nQYBYwyDpBCaRSJx8SQAJic8aYD_AmYU62s99aU1zK-O8nOJh0oNl6Jfg4VKu-neKElJljH9Ea7Xdmm-7Afd5WlQvLn33WkPCIiqMeZqLesYH50?key=kyZ3z8bbF52PzqB6iPvkkWRT\" alt=\"\"\/><\/figure>\n\n\n\n<p class=\"wp-block-paragraph\"><strong>Intersecci\u00f3n de la&nbsp; demograf\u00eda&nbsp;&nbsp;<\/strong><\/p>\n\n\n\n<p class=\"wp-block-paragraph\">Explic\u00f3 que la violencia que afecta al pa\u00eds tambi\u00e9n atraviesa los procesos demogr\u00e1ficos y se ve reflejada en la esperanza de vida de&nbsp; mujeres y hombres, si bien es cierto que de haberse aumentado la esperanza de vida en 14 a\u00f1os de 1970 al 2000, despu\u00e9s del cambio de milenio solo se observa un aumento de apenas 2.5 a\u00f1os para las mujeres y de un a\u00f1o para los hombres.&nbsp;&nbsp;<\/p>\n\n\n\n<p class=\"wp-block-paragraph\">De continuar la tendencia alta en el n\u00famero de muertes violentas, en 2050 la esperanza de vida de los hombres se mantendr\u00eda por debajo de los 80 a\u00f1os (77.1 a\u00f1os) y la de las mujeres (83.5) estar\u00eda todav\u00eda lejos de la de Jap\u00f3n hoy (87 a\u00f1os). En los \u00faltimos 23 a\u00f1os fueron asesinadas&nbsp; 58 mil&nbsp; mujeres&nbsp; es decir m\u00e1s&nbsp; de 2 mil 521 cada a\u00f1o, 208 cada mes, los hombres 5 veces m\u00e1s.&nbsp;<\/p>\n\n\n\n<p class=\"wp-block-paragraph\">Por lo que podr\u00eda plantearse como un objetivo de la pol\u00edtica de poblaci\u00f3n en M\u00e9xico el descenso de las muertes violentas y el logro de mayores avances en la esperanza de vida, especialmente en la masculina.<\/p>\n\n\n\n<p class=\"wp-block-paragraph\">Se requiere una perspectiva de g\u00e9nero que entienda y atienda las causas diversas de las muertes violentas de hombres y de mujeres. Requiere tambi\u00e9n considerar el patr\u00f3n por edades de las muertes \u2014las cuales se concentran en m\u00e1s de un 50% entre los 20 y los 39 a\u00f1os de edad\u2014 y la dimensi\u00f3n territorial, de manera que se dise\u00f1en acciones espec\u00edficas en los municipios y los estados con mayor incidencia de homicidios.<\/p>\n\n\n\n<p class=\"wp-block-paragraph\">Como un segundo impacto de la violencia en la din\u00e1mica demogr\u00e1fica se refiri\u00f3 al aumento de la migraci\u00f3n interna forzada de los municipios y estados m\u00e1s inseguros a otras \u00e1reas del territorio. Cifras preliminares se\u00f1alan que en 2019 m\u00e1s de 370 mil personas habr\u00edan cambiado de vivienda o lugar de residencia como estrategia ante la inseguridad delictiva y la violencia, lo que sugiere que el desplazamiento forzado interno se concentra en hombres y mujeres en la etapa adulta joven (entre los 20 y los 39 a\u00f1os de edad), muchos de ellos viajando en unidades familiares con hijos e hijas quienes se ponen en situaci\u00f3n vulnerable.<\/p>\n\n\n\n<figure class=\"wp-block-image\"><img decoding=\"async\" src=\"https:\/\/lh7-rt.googleusercontent.com\/docsz\/AD_4nXdAsQw5VRSHj2OXWM0-mrCWwOkbASZv9LM_yMTKa3fehESI_Ue5Oe2HOcXTq9vly2x0H97hLnB9Z1135NlTFU2RApI8LRmJ6seNlBDGTjF-6lbFqGDznriQXw4gFBxVBaRuauUDpbFxV5sqENiqV_Q?key=kyZ3z8bbF52PzqB6iPvkkWRT\" alt=\"\"\/><\/figure>\n\n\n\n<p class=\"wp-block-paragraph\"><strong>Los retos por grupos de edades&nbsp;<\/strong><\/p>\n\n\n\n<p class=\"wp-block-paragraph\">Por grupos de edad el&nbsp; proceso de envejecimiento del pa\u00eds abre posibilidades para mejorar las condiciones de la poblaci\u00f3n joven como invertir en la educaci\u00f3n media superior y superior y focalizarse los esfuerzos para para disminuir el embarazo y el matrimonio antes de los 18 a\u00f1os de edad y dise\u00f1ar estrategias preventivas orientadas a reducir las conductas de riesgo que se reflejan en las muertes violentas en las edades inmediatas posteriores. La inversi\u00f3n en la poblaci\u00f3n joven es, adem\u00e1s, la mejor estrategia preventiva para anticipar los retos del envejecimiento.<\/p>\n\n\n\n<p class=\"wp-block-paragraph\">La oleada de poblaci\u00f3n adulta joven como el grupo predominante en M\u00e9xico llegar\u00e1 a su punto m\u00e1ximo en 2030, a\u00f1o a partir del cual este grupo de edad tambi\u00e9n comenzar\u00e1 a disminuir. Coincide, por cierto, con la fecha que muchos se\u00f1alan como el fin del \u201cbono demogr\u00e1fico\u201d en M\u00e9xico.&nbsp;<\/p>\n\n\n\n<p class=\"wp-block-paragraph\">El siguiente grupo de edad (40-59) alcanzar\u00e1 su pico en 2051. Eso implica que tendremos varias d\u00e9cadas con una alta concentraci\u00f3n de la poblaci\u00f3n adulta, que requerir\u00e1 de educaci\u00f3n continua para adaptarse a los acelerados cambios en el mundo de trabajo y de una inversi\u00f3n en estrategias de salud que les permita prepararse para una vejez saludable y en las mejores condiciones posibles.<\/p>\n\n\n\n<p class=\"wp-block-paragraph\">El grupo de m\u00e1s r\u00e1pido crecimiento en este momento y hasta el 2070 ser\u00e1 el de la poblaci\u00f3n de 60 y m\u00e1s. A partir de 2048, los adultos mayores superar\u00e1n en n\u00famero a ni\u00f1os y adolescentes y en 2056 ser\u00e1 el grupo de edad de mayor tama\u00f1o. Adem\u00e1s, ser\u00e1 el \u00fanico que seguir\u00e1 creciendo a lo largo de este siglo.<\/p>\n\n\n\n<p class=\"wp-block-paragraph\">Desde una l\u00f3gica de anticipaci\u00f3n -dijo-, necesitamos pensar en formas sostenibles y suficientes de ingreso para los adultos mayores en el futuro pr\u00f3ximo, en su acceso a la salud, en la infraestructura necesaria para atenderlos y en formas de organizaci\u00f3n que permitan responder a sus necesidades de cuidado.<\/p>\n\n\n\n<figure class=\"wp-block-image\"><img decoding=\"async\" src=\"https:\/\/lh7-rt.googleusercontent.com\/docsz\/AD_4nXd7E26m-hp4kehWgaDfw36sPtbhXhLOujsEJib2ub78WY0gVaKqmi2ZaPm0xjt56YsYOglewopJ_oGft30k9LkzP4KJiUxiucLD_ZEtUrOMxMktSTCBBvWAWEuJjua4W_BnbtKV-tfTwuRx3PIwVBQ?key=kyZ3z8bbF52PzqB6iPvkkWRT\" alt=\"\"\/><\/figure>\n\n\n\n<p class=\"wp-block-paragraph\">Las adecuaciones necesarias se pueden pensar en diversas dimensiones, desde la organizaci\u00f3n de los espacios (banquetas, viviendas acondicionadas, transporte p\u00fablico) hasta la organizaci\u00f3n del sistema de pensiones, el an\u00e1lisis de sostenibilidad de las transferencias monetarias en el largo plazo, la preparaci\u00f3n de los sistemas de salud y de seguridad social. Pasa tambi\u00e9n por las pol\u00edticas laborales en tanto el acceso a empleos formales en M\u00e9xico est\u00e1 asociado a la seguridad social y los esquemas de jubilaci\u00f3n al momento del retiro. Hoy el 50 por ciento en edad de trabajar lo hace en la informalidad.<\/p>\n\n\n\n<p class=\"wp-block-paragraph\">Finalmente se\u00f1al\u00f3 que los cambios asociados al futuro demogr\u00e1fico depender\u00e1n de la interacci\u00f3n con el contexto socioecon\u00f3mico, pol\u00edtico y cultural, as\u00ed como de los arreglos institucionales. De hecho, de todas las variables proyectadas al futuro, probablemente la poblaci\u00f3n sea la m\u00e1s f\u00e1cil de anticipar y certera en su evoluci\u00f3n.<\/p>\n\n\n\n<p class=\"wp-block-paragraph\">&nbsp;As\u00ed, podemos anticipar nuevas desigualdades \u2014asociadas, por ejemplo, a la vulnerabilidad de las poblaciones por la violencia en ciertas regiones del pa\u00eds o en las regiones m\u00e1s expuestas a los eventos clim\u00e1ticos extremos por su posici\u00f3n geogr\u00e1fica\u2014. Tambi\u00e9n sabemos que el proceso de envejecimiento, de prevalecer la estructura de las desigualdades existentes \u2014econ\u00f3micas, de g\u00e9nero, territoriales\u2014, tendr\u00e1 significados distintos para diversos sectores de la poblaci\u00f3n y podr\u00eda vincularse con nuevas expresiones de la desigualdad.&nbsp;<\/p>\n\n\n\n<p class=\"wp-block-paragraph\">De la misma manera, los efectos de los cambios en los patrones migratorios de los pr\u00f3ximos a\u00f1os estar\u00e1n asociados con la forma en que gestionemos la movilidad de quienes se ven obligados a dejar sus lugares de origen en M\u00e9xico por la violencia o los eventos clim\u00e1ticos, la movilidad en tr\u00e1nsito, la de quienes regresen al pa\u00eds de cumplirse la amenaza de deportaciones masivas desde Estados Unidos y para quienes lleguen a M\u00e9xico en b\u00fasqueda de mejores oportunidades. Con toda la informaci\u00f3n que tenemos, la pregunta es \u00bfqu\u00e9 vamos a hacer para responder asertiva y oportunamente a los efectos \u2014retos y oportunidades\u2014 del escenario demogr\u00e1fico?<\/p>\n","protected":false},"excerpt":{"rendered":"<p>Los senderos demogr\u00e1ficos en el futuro de M\u00e9xico: sigue embarazo adolescente, muerte materna y homicidios de mujeres El futuro: \u00bfhabr\u00e1 equilibrio para garantizar pensiones, atenci\u00f3n y salud para los adultos mayores? . Elda Montiel&nbsp; y Sara Lovera&nbsp; SemM\u00e9xico. Ciudad de M\u00e9xico. 11 de febrero 2025.-&nbsp; La dem\u00f3grafa Silvia Giorguli Saucedo, al ingresar al Colegio Nacional [&hellip;]<\/p>\n","protected":false},"author":3,"featured_media":92758,"comment_status":"open","ping_status":"open","sticky":false,"template":"","format":"standard","meta":{"_monsterinsights_skip_tracking":false,"footnotes":""},"categories":[694],"tags":[],"class_list":["post-92757","post","type-post","status-publish","format-standard","has-post-thumbnail","category-destacadas"],"_links":{"self":[{"href":"https:\/\/redsemlac.com\/semmexico\/wp-json\/wp\/v2\/posts\/92757","targetHints":{"allow":["GET"]}}],"collection":[{"href":"https:\/\/redsemlac.com\/semmexico\/wp-json\/wp\/v2\/posts"}],"about":[{"href":"https:\/\/redsemlac.com\/semmexico\/wp-json\/wp\/v2\/types\/post"}],"author":[{"embeddable":true,"href":"https:\/\/redsemlac.com\/semmexico\/wp-json\/wp\/v2\/users\/3"}],"replies":[{"embeddable":true,"href":"https:\/\/redsemlac.com\/semmexico\/wp-json\/wp\/v2\/comments?post=92757"}],"version-history":[{"count":0,"href":"https:\/\/redsemlac.com\/semmexico\/wp-json\/wp\/v2\/posts\/92757\/revisions"}],"wp:featuredmedia":[{"embeddable":true,"href":"https:\/\/redsemlac.com\/semmexico\/wp-json\/wp\/v2\/media\/92758"}],"wp:attachment":[{"href":"https:\/\/redsemlac.com\/semmexico\/wp-json\/wp\/v2\/media?parent=92757"}],"wp:term":[{"taxonomy":"category","embeddable":true,"href":"https:\/\/redsemlac.com\/semmexico\/wp-json\/wp\/v2\/categories?post=92757"},{"taxonomy":"post_tag","embeddable":true,"href":"https:\/\/redsemlac.com\/semmexico\/wp-json\/wp\/v2\/tags?post=92757"}],"curies":[{"name":"wp","href":"https:\/\/api.w.org\/{rel}","templated":true}]}}