{"id":92748,"date":"2025-02-12T11:13:43","date_gmt":"2025-02-12T17:13:43","guid":{"rendered":"https:\/\/redsemlac.com\/semmexico\/?p=92748"},"modified":"2025-02-12T11:13:43","modified_gmt":"2025-02-12T17:13:43","slug":"estereotipos-de-genero-alejan-de-la-ciencia-a-ninas-jovenes-y-mujeres","status":"publish","type":"post","link":"https:\/\/redsemlac.com\/semmexico\/estereotipos-de-genero-alejan-de-la-ciencia-a-ninas-jovenes-y-mujeres\/","title":{"rendered":"Estereotipos de g\u00e9nero alejan de la ciencia a ni\u00f1as, j\u00f3venes y mujeres"},"content":{"rendered":"\n<p class=\"wp-block-paragraph\">Tienen un invaluable aporte en esta disciplina y en la medicina, adem\u00e1s de ser pioneras y l\u00edderes en impulsar el acceso de las mexicanas tambi\u00e9n a la educaci\u00f3n<\/p>\n\n\n\n<p class=\"wp-block-paragraph\">En la Universidad Nacional se llevaron a cabo diversas actividades en ocasi\u00f3n del d\u00eda internacional que recuerda su contribuci\u00f3n en ese campo del conocimiento<\/p>\n\n\n\n<p class=\"wp-block-paragraph\">&nbsp;Redacci\u00f3n<\/p>\n\n\n\n<p class=\"wp-block-paragraph\">SemM\u00e9xico, Cd. de M\u00e9xico, 12 de febrero, 2025.- Es fundamental inspirar, promover, contribuir y mantener la participaci\u00f3n de las ni\u00f1as, mujeres y j\u00f3venes en los campos cient\u00edficos, destac\u00f3 la directora de la Facultad de Medicina (FM) de la UNAM, Ana Carolina Sep\u00falveda Vild\u00f3sola. &nbsp;<\/p>\n\n\n\n<p class=\"wp-block-paragraph\">Por ello, continu\u00f3, en esta entidad acad\u00e9mica se trabaja para impulsar la igualdad de g\u00e9nero en la investigaci\u00f3n, mediante estrategias que permitan la equidad en el acceso a apoyos institucionales, promuevan la inclusi\u00f3n, la visibilidad y el desarrollo profesional de todas y todos. &nbsp;<\/p>\n\n\n\n<p class=\"wp-block-paragraph\">Durante la inauguraci\u00f3n de la Jornada por el D\u00eda Internacional de las Mujeres, J\u00f3venes y Ni\u00f1as en las Ciencias de esa entidad acad\u00e9mica, asegur\u00f3: en la Facultad somos muchas, 70 por ciento de la matr\u00edcula del pregrado, y 56 por ciento de la de especializaciones m\u00e9dicas, pero queremos m\u00e1s, \u201cno se trata de competir, sino de complementarnos\u201d. &nbsp;<\/p>\n\n\n\n<p class=\"wp-block-paragraph\">Sep\u00falveda Vild\u00f3sola estim\u00f3 que la desigualdad de g\u00e9nero no es natural, sino el producto de una sociedad con grandes sesgos machistas que buscan controlarlas y limitar su desarrollo. &nbsp;<\/p>\n\n\n\n<p class=\"wp-block-paragraph\">En el auditorio Fernando Ocaranza de la FM dijo que&nbsp;las mujeres representan 33 por ciento del total del Sistema Nacional de Investigadoras e Investigadores; y 12 por ciento de las acad\u00e9micas nacionales.&nbsp;De acuerdo con el Centro de Investigaci\u00f3n Econ\u00f3mica y Presupuestaria, en 2023 ocuparon 12.9 por ciento de los empleos en ciencia, tecnolog\u00eda, ingenier\u00eda y matem\u00e1ticas. &nbsp;<\/p>\n\n\n\n<p class=\"wp-block-paragraph\">Seg\u00fan la organizaci\u00f3n M\u00e9xico \u00bfc\u00f3mo vamos?, constituyen aproximadamente 67 por ciento de las personas en el sector salud, \u201clo cual es congruente con la matricula feminizada que se observa en las universidades que ofrecen la carrera de medicina\u201d. No obstante, la desigualdad se observa en la informalidad laboral, 24 por ciento contra 19 por ciento en los varones. En los puestos directivos, en promedio, por cada 100 pesos que ganan ellos, ellas obtienen 81.6 pesos, detall\u00f3 la directora. &nbsp;<\/p>\n\n\n\n<p class=\"wp-block-paragraph\">En esta Jornada, subray\u00f3, nos sumamos a las acciones para visibilizar las brechas e inequidades, y trabajar en uni\u00f3n para erradicar los prejuicios y estereotipos de g\u00e9nero que mantienen a las ni\u00f1as y mujeres alejadas de los campos cient\u00edficos\u201d. &nbsp;<\/p>\n\n\n\n<p class=\"wp-block-paragraph\">En su oportunidad, Martha P\u00e9rez Armend\u00e1riz, jefa del Laboratorio de Sinapsis El\u00e9ctricas de la Unidad de Medicina Experimental de la FM, y presidenta del Grupo Mujer y Ciencia de la UNAM, rememor\u00f3 que esta fecha conmemorativa fue creada por la UNESCO y el grupo ONU Mujeres en 2015, a fin de sensibilizar a las naciones sobre la relevancia de la participaci\u00f3n femenina en las ciencias. &nbsp;<\/p>\n\n\n\n<p class=\"wp-block-paragraph\">Es importante porque quienes tienen mayor acceso a ese campo y a la tecnolog\u00eda se beneficiar\u00e1n y tendr\u00e1n m\u00e1s oportunidades para su desarrollo; de ah\u00ed la relevancia de impulsarlas, ya que hist\u00f3ricamente han presentado una mayor marginaci\u00f3n social y econ\u00f3mica, indic\u00f3. &nbsp;<\/p>\n\n\n\n<p class=\"wp-block-paragraph\">Constituimos la mitad de la poblaci\u00f3n mundial, pero a nivel global s\u00f3lo una de tres personas investigadoras es mujer, lo cual dista de la paridad. Ellas contribuyen al fortalecimiento de la ciencia, trabajo que permite nuevos hallazgos que son potencialmente \u00fatiles para la humanidad y la resoluci\u00f3n de problemas nacionales, aclar\u00f3. &nbsp;<\/p>\n\n\n\n<p class=\"wp-block-paragraph\">\u201cLas m\u00e9dicas hemos sido pioneras y l\u00edderes en impulsar el acceso de las mexicanas a la educaci\u00f3n y a las ciencias\u201d. En 1887 Matilde Montoya fue la primera que logr\u00f3 graduarse de m\u00e9dica cirujana y partera, abriendo as\u00ed las puertas para todas a la educaci\u00f3n superior, apunt\u00f3.<\/p>\n\n\n\n<p class=\"wp-block-paragraph\"><strong>Inspirar vocaciones <\/strong>&nbsp;<\/p>\n\n\n\n<p class=\"wp-block-paragraph\">A la conmemoraci\u00f3n de este d\u00eda, tambi\u00e9n se sum\u00f3 la celebraci\u00f3n del A\u00f1o Internacional de la Ciencia y la Tecnolog\u00eda Cu\u00e1nticas, durante las cuales se llev\u00f3 a cabo la primera jornada \u201cUn paseo por las Ciencias Cu\u00e1nticas. Rodada por el C3, el Instituto de F\u00edsica y el Instituto de Ciencias Nucleares\u201d. &nbsp;<\/p>\n\n\n\n<p class=\"wp-block-paragraph\">En diferentes sedes se ofrecieron charlas, talleres, visitas a laboratorios y juegos -como \u201cMemoria de las invisibles\u201d- que permiten reconocer a las mujeres que hicieron grandes descubrimientos y dar a conocer sus aportes en la generaci\u00f3n de conocimiento. &nbsp;<\/p>\n\n\n\n<p class=\"wp-block-paragraph\">La cient\u00edfica Julia Tag\u00fce\u00f1a Parga, investigadora del Instituto de Energ\u00edas Renovables de la Universidad Nacional, abord\u00f3 el tema \u201c<em>Magnetismo, uno de los logros de la mec\u00e1nica cu\u00e1ntica\u201d<\/em>, donde explic\u00f3 en qu\u00e9 consiste esta ciencia e invit\u00f3 a las asistentes a estudiar este tipo de fen\u00f3menos. &nbsp;<\/p>\n\n\n\n<p class=\"wp-block-paragraph\">Posteriormente, dio el banderazo de salida para que las visitantes que llevaron bicicletas al encuentro, se trasladaran al Instituto de F\u00edsica donde continuaron las actividades. &nbsp;<\/p>\n\n\n\n<p class=\"wp-block-paragraph\">El director del Instituto de Ciencias Nucleares, Alfred Barry U\u2019Ren Cort\u00e9s, enfatiz\u00f3: este encuentro permite visibilizarlas y recuperar las historias de cient\u00edficas que contribuyeron al conocimiento que se disfruta hoy en d\u00eda.&nbsp;&nbsp;<\/p>\n\n\n\n<p class=\"wp-block-paragraph\">A su vez, Osbaldo Res\u00e9ndiz, coordinador acad\u00e9mico del C3, remarc\u00f3 que se une a la ciencia con la actividad f\u00edsica, a fin de que las ni\u00f1as y las j\u00f3venes conozcan a las investigadoras que trabajan en proyectos relacionados con la mec\u00e1nica cu\u00e1ntica. &nbsp;<\/p>\n\n\n\n<p class=\"wp-block-paragraph\">El tambi\u00e9n investigador explic\u00f3 que el objetivo es que vean que las mujeres est\u00e1n haciendo ciencia de vanguardia y creemos que va a ser inspirador para quienes quieren ser cient\u00edficas.<\/p>\n","protected":false},"excerpt":{"rendered":"<p>Tienen un invaluable aporte en esta disciplina y en la medicina, adem\u00e1s de ser pioneras y l\u00edderes en impulsar el acceso de las mexicanas tambi\u00e9n a la educaci\u00f3n En la Universidad Nacional se llevaron a cabo diversas actividades en ocasi\u00f3n del d\u00eda internacional que recuerda su contribuci\u00f3n en ese campo del conocimiento &nbsp;Redacci\u00f3n SemM\u00e9xico, Cd. [&hellip;]<\/p>\n","protected":false},"author":3,"featured_media":92749,"comment_status":"open","ping_status":"open","sticky":false,"template":"","format":"standard","meta":{"_monsterinsights_skip_tracking":false,"footnotes":""},"categories":[748],"tags":[],"class_list":["post-92748","post","type-post","status-publish","format-standard","has-post-thumbnail","category-cultura-feminista"],"_links":{"self":[{"href":"https:\/\/redsemlac.com\/semmexico\/wp-json\/wp\/v2\/posts\/92748","targetHints":{"allow":["GET"]}}],"collection":[{"href":"https:\/\/redsemlac.com\/semmexico\/wp-json\/wp\/v2\/posts"}],"about":[{"href":"https:\/\/redsemlac.com\/semmexico\/wp-json\/wp\/v2\/types\/post"}],"author":[{"embeddable":true,"href":"https:\/\/redsemlac.com\/semmexico\/wp-json\/wp\/v2\/users\/3"}],"replies":[{"embeddable":true,"href":"https:\/\/redsemlac.com\/semmexico\/wp-json\/wp\/v2\/comments?post=92748"}],"version-history":[{"count":0,"href":"https:\/\/redsemlac.com\/semmexico\/wp-json\/wp\/v2\/posts\/92748\/revisions"}],"wp:featuredmedia":[{"embeddable":true,"href":"https:\/\/redsemlac.com\/semmexico\/wp-json\/wp\/v2\/media\/92749"}],"wp:attachment":[{"href":"https:\/\/redsemlac.com\/semmexico\/wp-json\/wp\/v2\/media?parent=92748"}],"wp:term":[{"taxonomy":"category","embeddable":true,"href":"https:\/\/redsemlac.com\/semmexico\/wp-json\/wp\/v2\/categories?post=92748"},{"taxonomy":"post_tag","embeddable":true,"href":"https:\/\/redsemlac.com\/semmexico\/wp-json\/wp\/v2\/tags?post=92748"}],"curies":[{"name":"wp","href":"https:\/\/api.w.org\/{rel}","templated":true}]}}