{"id":92629,"date":"2025-02-07T14:00:00","date_gmt":"2025-02-07T20:00:00","guid":{"rendered":"https:\/\/redsemlac.com\/semmexico\/?p=92629"},"modified":"2025-02-07T19:18:46","modified_gmt":"2025-02-08T01:18:46","slug":"entresemana-que-quiere-la-nina-fresa","status":"publish","type":"post","link":"https:\/\/redsemlac.com\/semmexico\/entresemana-que-quiere-la-nina-fresa\/","title":{"rendered":"Entresemana| \u00bfQu\u00e9 quiere la ni\u00f1a fresa?"},"content":{"rendered":"\n<p class=\"wp-block-paragraph\">\u201c\u00a1Y ya lo ves! Pasan los a\u00f1os, dejando huellas al pasar. Nuestro amor es imposible, yo soy pez de r\u00edo, t\u00fa eres pez de mar\u201d. Rafael P\u00e9rez Botija\/ Fredy Noriega<\/p>\n\n\n\n<p class=\"wp-block-paragraph\">Mois\u00e9s<strong> S\u00e1nchez Lim\u00f3n<\/strong><\/p>\n\n\n\n<p class=\"wp-block-paragraph\">SemM\u00e9xico, Cd. de M\u00e9xico, 7 de febrero, 2025.- Parece chascarrillo, usted disculpe y d\u00edgame lo que quiera, pero\u2026<\/p>\n\n\n\n<p class=\"wp-block-paragraph\">\u201cY esta va para todas aquellas que son como una chica que yo conozco\u201d.<\/p>\n\n\n\n<p class=\"wp-block-paragraph\">P\u00e1rrafo de presentaci\u00f3n &#8211;como anillo al dedo, Andr\u00e9s Manuel dixit&#8211;, con la venia de la Banda Machos y el compositor Jos\u00e9 Luis G\u00f3mez Gonz\u00e1lez lea usted al ritmo de quebradita y d\u00edgame con qui\u00e9n la identifica:<\/p>\n\n\n\n<p class=\"wp-block-paragraph\">&#8211;\u00bfQu\u00e9 es lo que quiere la nena? \u00bfQu\u00e9 va a pedir la princesa? \u00bfQu\u00e9 se le antoja a la reina?<br>\u00bfQu\u00e9 quiere la ni\u00f1a fresa?<\/p>\n\n\n\n<p class=\"wp-block-paragraph\">&#8211;Ash, un bananasplit, en buena onda, \u00bfno?<\/p>\n\n\n\n<p class=\"wp-block-paragraph\">Vale la analog\u00eda con esa decisi\u00f3n de ni\u00f1a consentida que, entre pucheros, se reserva el derecho de invitaci\u00f3n a su fiesta.<\/p>\n\n\n\n<p class=\"wp-block-paragraph\">&#8211;\u00bfQu\u00e9 quiere la ni\u00f1a fresa de Palacio?<\/p>\n\n\n\n<p class=\"wp-block-paragraph\">&#8211;\u00a1Ash!, que no vayan al Teatro de la Rep\u00fablica los vecinos del Poder Judicial. Bueno, nom\u00e1s tres, mis comadres, bienvenidas. Jijiji<\/p>\n\n\n\n<p class=\"wp-block-paragraph\">\u00bfFiesta republicana? \u00a1Bah!<\/p>\n\n\n\n<p class=\"wp-block-paragraph\">\u00a1Rep\u00e1mpanos, Monreal!<\/p>\n\n\n\n<p class=\"wp-block-paragraph\">No hay equ\u00edvoco, no.<\/p>\n\n\n\n<p class=\"wp-block-paragraph\">La Princesa Caramelo est\u00e1 en su papel voluntarioso, due\u00f1a del poder lo ejerce como le viene en gana y, como citaba su jefe y gu\u00eda en el m\u00e1s puro valemadrismo, que no le vengan con que la Constituci\u00f3n es la Constituci\u00f3n.<\/p>\n\n\n\n<p class=\"wp-block-paragraph\">&#8211;\u00a1Ay!, un ice cr\u00e9am de perdido, \u00bfno? \u00a1Ay!, como me chocan estos lugares.<\/p>\n\n\n\n<p class=\"wp-block-paragraph\">Y s\u00ed, vale la comparaci\u00f3n. Es la Ni\u00f1a Fresa de Palacio; comportamiento de contraste abismal que dista de la investidura y proceder de una jefa de Estado y la evidencia insolente, intolerante, revanchista y rencorosa. A imagen y semejanza del timb\u00f3n que la hizo jefa de gobierno, corcholata y presidenta.<\/p>\n\n\n\n<p class=\"wp-block-paragraph\">S\u00ed, el Duce le hered\u00f3 hasta el modito de andar junto con los pendientes a vencer y someter, algo para lo que no pidi\u00f3 permiso a la madre tierra y convirti\u00f3 en su villana favorita a la doctora Norma Luc\u00eda Pi\u00f1a Hern\u00e1ndez, ministra presidenta de la Suprema Corte de Justicia de la Naci\u00f3n.<\/p>\n\n\n\n<p class=\"wp-block-paragraph\">Ambos la han insultado, han dado pie a que un grup\u00fasculo la difame. El exceso ha sido tal en esto de agredirla verbalmente que hasta opinadores de verbo dizque incorruptible, le reclaman y critican por no responder al mismo nivel del Santo Ni\u00f1o Fidencio y ahora de la Princesa Caramelo.<\/p>\n\n\n\n<p class=\"wp-block-paragraph\"><strong>No es asunto menor. No.<\/strong><strong><\/strong><\/p>\n\n\n\n<p class=\"wp-block-paragraph\">Porque L\u00f3pez y Sheinbaum han dislocado a la Constituci\u00f3n Pol\u00edtica de los Estados Unidos. Han pasado por encima de lo que dicta su art\u00edculo 49. A saber:<\/p>\n\n\n\n<p class=\"wp-block-paragraph\"><strong>\u201c<\/strong><strong>El Supremo Poder de la Federaci\u00f3n se divide para su ejercicio en Legislativo, Ejecutivo y Judicial.<\/strong><\/p>\n\n\n\n<p class=\"wp-block-paragraph\"><strong>\u201cNo podr\u00e1n reunirse dos o m\u00e1s de estos Poderes en una sola persona o corporaci\u00f3n, ni depositarse el Legislativo en un individuo, salvo el caso de facultades extraordinarias al Ejecutivo de la Uni\u00f3n, conforme a lo dispuesto en el art\u00edculo 29. En ning\u00fan otro caso, salvo lo dispuesto en el segundo p\u00e1rrafo del art\u00edculo 131, se otorgar\u00e1n facultades extraordinarias para legislar\u201d<\/strong>.<\/p>\n\n\n\n<p class=\"wp-block-paragraph\">S\u00ed, la resultante de su pl\u00e1tica con el licenciado Trump le sali\u00f3 de peluche porque no hizo berrinche y cedi\u00f3 en la negociaci\u00f3n. Se asume vencedora en una negociaci\u00f3n en la que ella es la abonada y Donad el abonero.<\/p>\n\n\n\n<p class=\"wp-block-paragraph\">A la Princesa Caramelo se le desborda la soberbia hasta en la tonada de iron\u00eda perversa.<\/p>\n\n\n\n<p class=\"wp-block-paragraph\">\u00bfGan\u00f3? S\u00ed: tiempo para buscar la cuadratura al c\u00edrculo. Adem\u00e1s, apisona el terreno como nueva due\u00f1a del poder y, en ese \u00e1nimo, hace lo que le viene en gana.<\/p>\n\n\n\n<p class=\"wp-block-paragraph\">\u00bfQui\u00e9n le llama la atenci\u00f3n? \u00bfQui\u00e9n es el dique a sus excesos? Ofende, insulta, cual colegiala se burla del opositor y el vecino de enfrente. Humor \u00e1cido, gracejadas de cafeter\u00eda del colegio de uniforme guinda y mo\u00f1o en la cola de cuaco.<\/p>\n\n\n\n<p class=\"wp-block-paragraph\"><strong>O sea\u2026<\/strong><strong><\/strong><\/p>\n\n\n\n<p class=\"wp-block-paragraph\">Hay quienes le conceden nivel, altura en la negociaci\u00f3n. Pero, vayamos al punto, se\u00f1oras y se\u00f1ores. Que no le digan, que no le cuenten.<\/p>\n\n\n\n<p class=\"wp-block-paragraph\"><strong>V\u00edspera de la celebraci\u00f3n del 108 aniversario de la promulgaci\u00f3n de la Constituci\u00f3n Pol\u00edtica de los Estados Unidos Mexicanos, Eduardo Ortega, reportero del peri\u00f3dico&nbsp;<em>El Financiero<\/em>&nbsp;le pregunt\u00f3:<\/strong><\/p>\n\n\n\n<p class=\"wp-block-paragraph\"><strong>&#8211;(\u2026) en este contexto, en la relaci\u00f3n con la actual Corte, quiero preguntarle \u00bfsi la presidenta de la Corte, Norma Pi\u00f1a, \u00bfest\u00e1 invitada para asistir ma\u00f1ana a la ceremonia de Aniversario de Promulgaci\u00f3n de la Constituci\u00f3n en Quer\u00e9taro?<\/strong><\/p>\n\n\n\n<p class=\"wp-block-paragraph\"><strong>&#8212;<\/strong>No, no est\u00e1 invitada. La Corte no est\u00e1 invitada \u2013respondi\u00f3 seria, molesta. Pero se refiri\u00f3 a la Corte, la Suprema Corte de Justicia de la Naci\u00f3n, es decir, al Poder Judicial de la Federaci\u00f3n, no a la ministra Norma Pi\u00f1a, en espec\u00edfico. Aunque se daba por descontado.<\/p>\n\n\n\n<p class=\"wp-block-paragraph\"><strong>&#8211;O sea, \u00bfy no va a haber ning\u00fan representante\u2026? \u2013insisti\u00f3 Ortega.<\/strong><\/p>\n\n\n\n<p class=\"wp-block-paragraph\"><strong>&#8212;<\/strong>Va a estar el Poder Legislativo y el Poder Ejecutivo \u2013zanj\u00f3 la doctora Shein.<\/p>\n\n\n\n<p class=\"wp-block-paragraph\"><strong>&#8211;\u00bfCu\u00e1l es la raz\u00f3n, Doctora?<\/strong><\/p>\n\n\n\n<p class=\"wp-block-paragraph\"><strong>&#8212;<\/strong>Bueno, pues es obvia, \u00bfno?, es obvia &#8211;, atendi\u00f3. Pero \u00bfobvia? \u00bfEs obvio que se rompa la estructura de la Rep\u00fablica?<\/p>\n\n\n\n<p class=\"wp-block-paragraph\"><strong>&#8211;Quiero interpretar, le pregunto: \u00bfes por esta raz\u00f3n que usted ha se\u00f1alado de que\u2026? \u2013acot\u00f3 el colega Ortega.<\/strong><\/p>\n\n\n\n<p class=\"wp-block-paragraph\">&#8211;Somos republicanos y somos respetuosos, pero tambi\u00e9n pedimos respeto. Es una relaci\u00f3n mutua de respeto de un lado y de otro \u2013replic\u00f3 la Princesa Caramelo en un desprop\u00f3sito fundado en el absurdo de la Ni\u00f1a Fresa.<\/p>\n\n\n\n<p class=\"wp-block-paragraph\">Y fue m\u00e1s all\u00e1 en el berrinche heredado:<\/p>\n\n\n\n<p class=\"wp-block-paragraph\">&#8211;Entonces, hasta ahora, la Corte, \u00bfqu\u00e9 es lo que ha estado haciendo, o la mayor\u00eda de los ministros de la Corte? Entonces en esta ocasi\u00f3n, s\u00ed, tom\u00e9 la decisi\u00f3n de que, es un acto republicano, pero la Corte tambi\u00e9n debe respetar al Ejecutivo y al Legislativo, y debe respetar la Constituci\u00f3n; entonces, en esta ocasi\u00f3n est\u00e1\u2026 tom\u00e9 la decisi\u00f3n, es un acto que organiza el Ejecutivo, de que vamos a estar dos Poderes.<\/p>\n\n\n\n<p class=\"wp-block-paragraph\">\u00bfEn qu\u00e9 parte de la Constituci\u00f3n se otorga ese poder a la presidenta? El art\u00edculo 49 constitucional es claro.<\/p>\n\n\n\n<p class=\"wp-block-paragraph\">\u00a1En la madre, ministra del pueblo!<\/p>\n\n\n\n<p class=\"wp-block-paragraph\">Dios las hizo y ellas se juntaron, de la mano Lenia, Loretta y Yasm\u00edn, invitadas de primera fila en el Teatro de la Rep\u00fablica.<\/p>\n\n\n\n<p class=\"wp-block-paragraph\">Luego la Princesa Caramelo se ech\u00f3 otro rollo con pinceladas de Ni\u00f1a Fresa para negar que desde la Casa Blanca se haya dicho que su gobierno tiene alianza con grupos criminales.<\/p>\n\n\n\n<p class=\"wp-block-paragraph\">\u2014\u00a1Ah!, a ver si sacan el tuit de la Casa Blanca, es buen\u00edsimo, buen\u00edsimos, buen\u00edsimo\u2014 juguete\u00f3.<\/p>\n\n\n\n<p class=\"wp-block-paragraph\">Ser\u00e1 el sereno, pero palo dado ni Dios lo quita.<\/p>\n\n\n\n<p class=\"wp-block-paragraph\">Bueno, bueno, ah\u00ed tiene usted que, en su mensaje en el Teatro de la Rep\u00fablica, invoc\u00f3 lo que niega en los hechos. Lea usted y no se r\u00eda, porfis:<\/p>\n\n\n\n<p class=\"wp-block-paragraph\">\u201cY siempre hay que poner el di\u00e1logo por encima de todo, est\u00e1 en nuestra Constituci\u00f3n, en la definici\u00f3n de los principios de la pol\u00edtica exterior, pero es algo que es importante que se desarrolle en todos los sentidos. Cerrar la puerta y no dialogar, creo que no es nunca la opci\u00f3n. La construcci\u00f3n de la paz requiere de di\u00e1logo permanente\u201d.<\/p>\n\n\n\n<p class=\"wp-block-paragraph\">S\u00ed, Drakko, \u00bfqu\u00e9 es lo que quiere la Ni\u00f1a Fresa? \u00bfDi\u00e1logo? \u00bfUnidad? Pero madrea y se burla de la oposici\u00f3n. Por sus obras y desplantes la conocer\u00e9is. Digo.<\/p>\n\n\n\n<p class=\"wp-block-paragraph\"><a href=\"mailto:sanchezlimon@gmail.com\" target=\"_blank\" rel=\"noreferrer noopener\">sanchezlimon@gmail.com<\/a>&nbsp;&nbsp;<a href=\"http:\/\/www.entresemanamx\/\" target=\"_blank\" rel=\"noreferrer noopener\">www.entresemanamx<\/a>&nbsp; @sancheslimon1<\/p>\n\n\n\n<p class=\"wp-block-paragraph\"><\/p>\n","protected":false},"excerpt":{"rendered":"<p>\u201c\u00a1Y ya lo ves! Pasan los a\u00f1os, dejando huellas al pasar. Nuestro amor es imposible, yo soy pez de r\u00edo, t\u00fa eres pez de mar\u201d. Rafael P\u00e9rez Botija\/ Fredy Noriega Mois\u00e9s S\u00e1nchez Lim\u00f3n SemM\u00e9xico, Cd. de M\u00e9xico, 7 de febrero, 2025.- Parece chascarrillo, usted disculpe y d\u00edgame lo que quiera, pero\u2026 \u201cY esta va para [&hellip;]<\/p>\n","protected":false},"author":3,"featured_media":41799,"comment_status":"open","ping_status":"open","sticky":false,"template":"","format":"standard","meta":{"_monsterinsights_skip_tracking":false,"footnotes":""},"categories":[105,83,35],"tags":[],"class_list":["post-92629","post","type-post","status-publish","format-standard","has-post-thumbnail","category-entresemana","category-moises-sanchez-limon","category-opinion"],"_links":{"self":[{"href":"https:\/\/redsemlac.com\/semmexico\/wp-json\/wp\/v2\/posts\/92629","targetHints":{"allow":["GET"]}}],"collection":[{"href":"https:\/\/redsemlac.com\/semmexico\/wp-json\/wp\/v2\/posts"}],"about":[{"href":"https:\/\/redsemlac.com\/semmexico\/wp-json\/wp\/v2\/types\/post"}],"author":[{"embeddable":true,"href":"https:\/\/redsemlac.com\/semmexico\/wp-json\/wp\/v2\/users\/3"}],"replies":[{"embeddable":true,"href":"https:\/\/redsemlac.com\/semmexico\/wp-json\/wp\/v2\/comments?post=92629"}],"version-history":[{"count":0,"href":"https:\/\/redsemlac.com\/semmexico\/wp-json\/wp\/v2\/posts\/92629\/revisions"}],"wp:featuredmedia":[{"embeddable":true,"href":"https:\/\/redsemlac.com\/semmexico\/wp-json\/wp\/v2\/media\/41799"}],"wp:attachment":[{"href":"https:\/\/redsemlac.com\/semmexico\/wp-json\/wp\/v2\/media?parent=92629"}],"wp:term":[{"taxonomy":"category","embeddable":true,"href":"https:\/\/redsemlac.com\/semmexico\/wp-json\/wp\/v2\/categories?post=92629"},{"taxonomy":"post_tag","embeddable":true,"href":"https:\/\/redsemlac.com\/semmexico\/wp-json\/wp\/v2\/tags?post=92629"}],"curies":[{"name":"wp","href":"https:\/\/api.w.org\/{rel}","templated":true}]}}