{"id":92602,"date":"2025-02-06T09:00:00","date_gmt":"2025-02-06T15:00:00","guid":{"rendered":"https:\/\/redsemlac.com\/semmexico\/?p=92602"},"modified":"2025-02-05T19:07:33","modified_gmt":"2025-02-06T01:07:33","slug":"condena-amnistia-internacional-declaraciones-trump-y-llama-a-detener-el-genocidio-en-la-franja-de-gaza","status":"publish","type":"post","link":"https:\/\/redsemlac.com\/semmexico\/condena-amnistia-internacional-declaraciones-trump-y-llama-a-detener-el-genocidio-en-la-franja-de-gaza\/","title":{"rendered":"Condena Amnist\u00eda Internacional declaraciones\u00a0 Trump y\u00a0 llama a detener el Genocidio en la Franja de Gaza\u00a0"},"content":{"rendered":"\n<p class=\"wp-block-paragraph\">Elda Montiel&nbsp;<\/p>\n\n\n\n<p class=\"wp-block-paragraph\">SemM\u00e9xico, Ciudad de M\u00e9xico,&nbsp; 6 de febrero, 2025.- Un llamado a la comunidad internacional a detener el genocidio contra la poblaci\u00f3n palestina de Gaza hizo hoy Amnist\u00eda Internacional ante las declaraciones del presidente estadunidense Donald Trump de hacerse del control de la Franja de Gaza para convertirla&nbsp; en una Riviera de Oriente Medio lo que implicar\u00eda el desplazamiento por la fuerza de m\u00e1s de 2 millones de palestinos y palestinas de Gaza.&nbsp;&nbsp;<\/p>\n\n\n\n<p class=\"wp-block-paragraph\">En televisi\u00f3n en directo Donald Trump manifest\u00f3 su disposici\u00f3n a cometer el crimen contra la humanidad de traslado forzoso, penado por la Corte Penal Internacional.&nbsp;<\/p>\n\n\n\n<p class=\"wp-block-paragraph\">Destaca AI en sus redes sociales que Gaza es inhabitable resultado de las acciones de Israel, lo que evidencia el genocidio que est\u00e1 cometiendo Israel contra el pueblo palestino de Gaza. Precisa \u201cQue quede claro que Gaza es territorio palestino y las y los palestinos tienen derecho a regresar a cualquier lugar de su territorio\u201d.&nbsp;<\/p>\n\n\n\n<p class=\"wp-block-paragraph\">Precisa que el pueblo palestino de los Territorios Ocupados Palestinos e Israel llevan d\u00e9cadas soportando un sistema de apartheid.&nbsp;<\/p>\n\n\n\n<p class=\"wp-block-paragraph\"><strong>Declaraciones de Trump&nbsp;<\/strong><\/p>\n\n\n\n<p class=\"wp-block-paragraph\">Donal Trump recibi\u00f3 en la Casa Blanca al primer ministro israel\u00ed Benjam\u00edn Netanyahu este martes, su propuesta&nbsp; hecha ante la televisi\u00f3n fue rechazada inmediatamente por Egipto y Cisjordania&nbsp; donde dijo se trasladar\u00eda a las y los palestinos.&nbsp;<\/p>\n\n\n\n<p class=\"wp-block-paragraph\">Dijo que los palestinos \u201cadorar\u00edan irse de la Franja de Gaza y vivir en otro lugar si les dieran la opci\u00f3n\u201d ante los periodistas de la de la Casa Blanca antes del encuentro.<\/p>\n\n\n\n<p class=\"wp-block-paragraph\">Para Amnist\u00eda Internacional es fundamental que la comunidad internacional tome una postura clara ante las violaciones de derechos humanos y act\u00fae para garantizar la protecci\u00f3n de la poblaci\u00f3n palestina. La indiferencia ante esta grave situaci\u00f3n solo contribuir\u00e1 a la perpetuaci\u00f3n de la injusticia.<\/p>\n\n\n\n<p class=\"wp-block-paragraph\">La comunidad internacional debe condenar las declaraciones de Trump y seguir trabajando por el mantenimiento del alto el fuego para acabar con la inestabilidad y violencia. M\u00e1s all\u00e1, debe garantizar la liberaci\u00f3n de rehenes y personas palestinas<strong> <\/strong>detenidas<strong>,<\/strong> permitir la entrada de ayuda humanitaria y, sobre todo, poner fin a las condiciones deliberadamente impuestas para la destrucci\u00f3n f\u00edsica de la poblaci\u00f3n palestina en Gaza.&nbsp;<\/p>\n\n\n\n<p class=\"wp-block-paragraph\">La \u00fanica retirada que se requiere con urgencia en Gaza y en el resto del territorio palestino ocupado es la del ej\u00e9rcito israel\u00ed. Mientras se siga sosteniendo la ocupaci\u00f3n y se contin\u00fae enviando armas a Israel, no habr\u00e1 paz ni justicia para la poblaci\u00f3n palestina.<\/p>\n\n\n\n<p class=\"wp-block-paragraph\">Cabe recordar que actualmente hay un acuerdo de tregua despu\u00e9s de m\u00e1s de 15 meses de la devastadora guerra entre Israel y movimiento islamista Ham\u00e1s&nbsp; al liberar a varios rehenes israel\u00edes a cambio de la excarcelaci\u00f3n de unos cientos de presos palestinos.&nbsp;<\/p>\n\n\n\n<p class=\"wp-block-paragraph\">El pacto tiene tres fases y van en la primera de seis semanas y debe servir para negociar los detalles de la segunda, en la que se deben liberar el resto de rehenes todav\u00eda vivo y pone un fin definitivo a la guerra.&nbsp;<\/p>\n\n\n\n<p class=\"wp-block-paragraph\">El conflicto se dio despu\u00e9s de que el 7 de octubre de 2023 Hamas hizo un ataque sorpresa contra el sur de Israel lo que provoc\u00f3 la muerte de 1,210 personas seg\u00fan reporto la AFP con datos oficiales de Israel.<\/p>\n\n\n\n<p class=\"wp-block-paragraph\">Israel respondi\u00f3 con una campa\u00f1a a\u00e9rea&nbsp; y terrestre contra Gaza que&nbsp; ha desbastado el territorio y dejado al menos a 47 mil 478 muertos seg\u00fan&nbsp; de acuerdo al Ministerio de Salud de Hamas.&nbsp;<\/p>\n","protected":false},"excerpt":{"rendered":"<p>Elda Montiel&nbsp; SemM\u00e9xico, Ciudad de M\u00e9xico,&nbsp; 6 de febrero, 2025.- Un llamado a la comunidad internacional a detener el genocidio contra la poblaci\u00f3n palestina de Gaza hizo hoy Amnist\u00eda Internacional ante las declaraciones del presidente estadunidense Donald Trump de hacerse del control de la Franja de Gaza para convertirla&nbsp; en una Riviera de Oriente Medio [&hellip;]<\/p>\n","protected":false},"author":3,"featured_media":92603,"comment_status":"open","ping_status":"open","sticky":false,"template":"","format":"standard","meta":{"_monsterinsights_skip_tracking":false,"footnotes":""},"categories":[694],"tags":[],"class_list":["post-92602","post","type-post","status-publish","format-standard","has-post-thumbnail","category-destacadas"],"_links":{"self":[{"href":"https:\/\/redsemlac.com\/semmexico\/wp-json\/wp\/v2\/posts\/92602","targetHints":{"allow":["GET"]}}],"collection":[{"href":"https:\/\/redsemlac.com\/semmexico\/wp-json\/wp\/v2\/posts"}],"about":[{"href":"https:\/\/redsemlac.com\/semmexico\/wp-json\/wp\/v2\/types\/post"}],"author":[{"embeddable":true,"href":"https:\/\/redsemlac.com\/semmexico\/wp-json\/wp\/v2\/users\/3"}],"replies":[{"embeddable":true,"href":"https:\/\/redsemlac.com\/semmexico\/wp-json\/wp\/v2\/comments?post=92602"}],"version-history":[{"count":0,"href":"https:\/\/redsemlac.com\/semmexico\/wp-json\/wp\/v2\/posts\/92602\/revisions"}],"wp:featuredmedia":[{"embeddable":true,"href":"https:\/\/redsemlac.com\/semmexico\/wp-json\/wp\/v2\/media\/92603"}],"wp:attachment":[{"href":"https:\/\/redsemlac.com\/semmexico\/wp-json\/wp\/v2\/media?parent=92602"}],"wp:term":[{"taxonomy":"category","embeddable":true,"href":"https:\/\/redsemlac.com\/semmexico\/wp-json\/wp\/v2\/categories?post=92602"},{"taxonomy":"post_tag","embeddable":true,"href":"https:\/\/redsemlac.com\/semmexico\/wp-json\/wp\/v2\/tags?post=92602"}],"curies":[{"name":"wp","href":"https:\/\/api.w.org\/{rel}","templated":true}]}}