{"id":9257,"date":"2019-06-27T19:52:15","date_gmt":"2019-06-27T19:52:15","guid":{"rendered":"https:\/\/redsemlac.com\/semmexico\/?p=9257"},"modified":"2023-07-21T14:49:38","modified_gmt":"2023-07-21T19:49:38","slug":"ellas-en-el-retrovisor-3","status":"publish","type":"post","link":"https:\/\/redsemlac.com\/semmexico\/ellas-en-el-retrovisor-3\/","title":{"rendered":"Ellas en el retrovisor"},"content":{"rendered":"\n<h2 class=\"wp-block-heading\"><em>\u201cEl diplomado de Las Hermilas\u201d<\/em><\/h2>\n\n\n\n<p class=\"wp-block-paragraph\"><strong>Ivonne Melgar<\/strong><\/p>\n\n\n\n<p class=\"wp-block-paragraph\">SemM\u00e9xico. Ciudad de M\u00e9xico. 27 de junio 2019.- Antecedido\npor la batalla de la paridad constitucional, nuestro verano feminista mexicano\nemerge vigoroso con historias que son de todas y que merecen ser contadas. <\/p>\n\n\n\n<p class=\"wp-block-paragraph\">Es el caso del primer diplomado de la Escuela de formaci\u00f3n\npol\u00edtica feminista Hermila Galindo Acosta, iniciado este s\u00e1bado 22 de junio en\nla sede del Sindicato de Telefonistas. <\/p>\n\n\n\n<p class=\"wp-block-paragraph\">Gracias a la generosa invitaci\u00f3n de una de sus impulsoras,\nCristina Renaud, asist\u00ed a la inauguraci\u00f3n de esta plataforma convocada por la\nColectiva Las Hermilas, la Uni\u00f3n Nacional de Trabajadores (UNT), la Campa\u00f1a\nTrabajo Digno y el Doctorado en Estudios Feministas, la Maestr\u00eda en Estudios de\nla Mujer y el \u00c1rea de Investigaci\u00f3n Mujer, Identidad y Poder de la Universidad\nAut\u00f3noma Metropolitana (UAM) Xochimilco. <\/p>\n\n\n\n<p class=\"wp-block-paragraph\">La emoci\u00f3n fue creciente conforme me iba enterando de los\nalcances de esta gran iniciativa que ah\u00ed reunir\u00e1, cada s\u00e1bado, hasta diciembre\npr\u00f3ximo, a 180 mujeres de diversas organizaciones, dispuestas a cursar este\ndiplomado que enlaza las inteligencias del feminismo desde la academia, el\nactivismo sindical y el quehacer pol\u00edtico.&nbsp;\n<\/p>\n\n\n\n<p class=\"wp-block-paragraph\">La escena del arranque de esta plataforma de estudios fue\nenormemente ilustrativa de lo que es la lucha de las mujeres en M\u00e9xico: un\nespacio plural que reconoce los saberes diversos de sus protagonistas y que se\ncobija entre s\u00ed. <\/p>\n\n\n\n<p class=\"wp-block-paragraph\">Por eso estaban ah\u00ed, para atestiguar el \u00e9xito de una\nconvocatoria de esta naturaleza, feministas de diversos&nbsp; signos: Patricia Olamendi, Clara Scherer,\nAdriana Ortiz-Ortega, Nashieli Ram\u00edrez. Y las enormes acad\u00e9micas que coordinan\nel diplomado, Eli Bartra y Ana Lau, as\u00ed como sus impulsoras: la maestra\nFrancesca Gargallo y Martha Heredia Figueroa, vicepresidenta de Igualdad y\nG\u00e9nero de la UNT, entre muchas otras. <\/p>\n\n\n\n<p class=\"wp-block-paragraph\">Fue Martha Heredia Figueroa quien resumi\u00f3 la coyuntura en la\nque se presenta este diplomado, el cual se imparte de manera gratuita, hecho\nque confirma la fuerza \u00e9tica de quienes habr\u00e1n de darle vida. <\/p>\n\n\n\n<p class=\"wp-block-paragraph\">Y es que la vicepresidenta de Igualdad y G\u00e9nero de la UNT\nhabl\u00f3 de la necesidad de reforzar la lucha feminista en los \u00e1mbitos pol\u00edtico,\nsocial y laboral porque con los avances de la paridad constitucional, tambi\u00e9n\ntenemos retrocesos como lo es, y as\u00ed lo se\u00f1al\u00f3, el que desde el Poder Ejecutivo\nse ponga en riesgo el Estado laico, tendencia que genera opresi\u00f3n hacia las\nmujeres. <\/p>\n\n\n\n<p class=\"wp-block-paragraph\">&nbsp;\u201cAnte las diferencias\ny desigualdades que vivimos las mujeres, el feminismo se constituye en una\nlucha que reivindica nuestros derechos\u201d, nos dijo Heredia Figueroa, al destacar\nla importancia de este diplomado. <\/p>\n\n\n\n<p class=\"wp-block-paragraph\">Para la dirigente sindical y anfitriona de las alumnas, \u201cuna\nde las prioridades del feminismo es impulsar la transformaci\u00f3n del patriarcado,\npara arribar a la igualdad sustantiva\u201d. <\/p>\n\n\n\n<p class=\"wp-block-paragraph\">De ah\u00ed que este diplomado que re\u00fane a mujeres de la CDMX,\npero tambi\u00e9n del Estado de M\u00e9xico, Aguascalientes, Yucat\u00e1n, Quer\u00e9taro, Guerrero\ny Oaxaca busque \u201cpotenciar los diversos feminismos para permitir el acceso a la\ntoma de decisiones con mayor eficiencia, conocimientos y capacidad de incidencia\u201d,\nexplic\u00f3 Heredia Figueroa. <\/p>\n\n\n\n<p class=\"wp-block-paragraph\">Se trata de una plataforma que se suma a una tradici\u00f3n que\nel feminismo mexicano ha venido cultivando, como bien nos los record\u00f3 nuestra\nquerida y admirada colega y maestra Sara Lovera, en la publicaci\u00f3n hermana SEM\nM\u00e9xico. Y la cito a continuaci\u00f3n. <\/p>\n\n\n\n<p class=\"wp-block-paragraph\"><em>&nbsp;\u201cLa primera idea de una escuela abierta surgi\u00f3\nentre las conocidas como Las Constituyentes, de donde salieron algunas de Las\nHermilas. Las Constituyentes comenzaron con lo que llaman Escuela de Verano,\nque tambi\u00e9n comienza su edici\u00f3n 2019 en estos d\u00edas. Otra escuela desde las\nfeministas es el Instituto de Liderazgo Simone de Beauvoir, A.C. (ILSB),\nfundado por la antrop\u00f3loga Marta Lamas y otras mujeres hace ya 17 a\u00f1os. En la\nacademia hace m\u00e1s de 20 a\u00f1os surgi\u00f3 el Programa Interdisciplinario de Estudios\nde la Mujer (PIEM) de El Colegio de M\u00e9xico fundado por Elena Urrutia y\nposteriormente el Programa de Estudios de G\u00e9nero, de la UNAM (PUEG), ahora\nCentro de Investigaciones y&nbsp; Estudios de\nG\u00e9nero (CIEG). Existen muchas otras iniciativas de estudios itinerantes, como\nun diplomado anual en Oaxaca y en otras muchas ciudades, impulsados por grupos\nfeministas o de las universidades estatales\u201d, rese\u00f1\u00f3 hace unos d\u00edas Sara\nLovera.&nbsp; <\/em><\/p>\n\n\n\n<p class=\"wp-block-paragraph\"><em>&nbsp;\u201cProbablemente el antecedente m\u00e1s antiguo es\nla materia de Estudios de la Mujer, promovido por la maestra Alaide Foppa en la\nFacultad de Ciencias Pol\u00edticas y Sociales de la UNAM, sostenido e impulsado\ndurante m\u00e1s de 30 a\u00f1os por la maestra Delia Selene de Dios. Que aprender\nfeminismo sigue vigente, sin duda. A la escuela de feminismo ir\u00e1n todav\u00eda\nmuchas m\u00e1s mexicanas\u201d, reflexion\u00f3 Sara en su columna de SEM M\u00e9xico. <\/em><\/p>\n\n\n\n<p class=\"wp-block-paragraph\">Y si el pres\u00eddium dio cuenta de esa virtud del movimiento de\nlas mujeres en M\u00e9xico, que nunca me cansar\u00e9 de subrayar, el de saber sumar y\nreconocer cuando as\u00ed lo reclama la causa, el repleto auditorio de las alumnas\nfue signo de los poderosos tiempos que vienen para la reivindicaci\u00f3n de las\nbanderas paritarias.<\/p>\n\n\n\n<p class=\"wp-block-paragraph\">Nada m\u00e1s prendido y emocionante que ese grupo de mujeres\ndispuestas al entendimiento y al cambio de nuestra sociedad patriarcal. Nada\nm\u00e1s vigoroso que los mensajes de las visionarias de esta escuela. Nada m\u00e1s\nesperanzador que la capacidad de articular un proyecto de esta dimensi\u00f3n, en un\nmomento en el que no podemos ni debemos frenar el \u00edmpetu libertario.<\/p>\n","protected":false},"excerpt":{"rendered":"<p>\u201cEl diplomado de Las Hermilas\u201d<\/p>\n","protected":false},"author":3,"featured_media":9258,"comment_status":"open","ping_status":"open","sticky":false,"template":"","format":"standard","meta":{"_monsterinsights_skip_tracking":false,"footnotes":""},"categories":[690,82,110],"tags":[],"class_list":["post-9257","post","type-post","status-publish","format-standard","has-post-thumbnail","category-690","category-la-opinion","category-la-opinion-columnas"],"_links":{"self":[{"href":"https:\/\/redsemlac.com\/semmexico\/wp-json\/wp\/v2\/posts\/9257","targetHints":{"allow":["GET"]}}],"collection":[{"href":"https:\/\/redsemlac.com\/semmexico\/wp-json\/wp\/v2\/posts"}],"about":[{"href":"https:\/\/redsemlac.com\/semmexico\/wp-json\/wp\/v2\/types\/post"}],"author":[{"embeddable":true,"href":"https:\/\/redsemlac.com\/semmexico\/wp-json\/wp\/v2\/users\/3"}],"replies":[{"embeddable":true,"href":"https:\/\/redsemlac.com\/semmexico\/wp-json\/wp\/v2\/comments?post=9257"}],"version-history":[{"count":0,"href":"https:\/\/redsemlac.com\/semmexico\/wp-json\/wp\/v2\/posts\/9257\/revisions"}],"wp:featuredmedia":[{"embeddable":true,"href":"https:\/\/redsemlac.com\/semmexico\/wp-json\/wp\/v2\/media\/9258"}],"wp:attachment":[{"href":"https:\/\/redsemlac.com\/semmexico\/wp-json\/wp\/v2\/media?parent=9257"}],"wp:term":[{"taxonomy":"category","embeddable":true,"href":"https:\/\/redsemlac.com\/semmexico\/wp-json\/wp\/v2\/categories?post=9257"},{"taxonomy":"post_tag","embeddable":true,"href":"https:\/\/redsemlac.com\/semmexico\/wp-json\/wp\/v2\/tags?post=9257"}],"curies":[{"name":"wp","href":"https:\/\/api.w.org\/{rel}","templated":true}]}}