{"id":9254,"date":"2019-06-27T19:42:50","date_gmt":"2019-06-27T19:42:50","guid":{"rendered":"https:\/\/redsemlac.com\/semmexico\/?p=9254"},"modified":"2023-07-21T14:49:38","modified_gmt":"2023-07-21T19:49:38","slug":"suma-ipn-46-agresiones-sexuales-contra-mujeres-entre-2018-y-2019","status":"publish","type":"post","link":"https:\/\/redsemlac.com\/semmexico\/suma-ipn-46-agresiones-sexuales-contra-mujeres-entre-2018-y-2019\/","title":{"rendered":"Suma IPN 46 agresiones sexuales contra mujeres entre 2018 y 2019"},"content":{"rendered":"\n<p class=\"wp-block-paragraph\"><strong><em>* No descartan exista una \u201ccifra negra\u201d de casos que las v\u00edctimas no\ndenuncian.<\/em><\/strong><\/p>\n\n\n\n<p class=\"wp-block-paragraph\"><strong>Redacci\u00f3n<\/strong><\/p>\n\n\n\n<p class=\"wp-block-paragraph\">SemM\u00e9xico\/ Billie Parker Noticias.&nbsp; Ciudad de M\u00e9xico. 27 junio 2019.- Entre 2018\ny lo que va del 2019, el Instituto Polit\u00e9cnico Nacional (IPN) ha registrado 46\ncasos de agresiones sexuales contra mujeres dentro de sus planteles, informaron\nsu director y el abogado general, Mario Alberto Rodr\u00edguez Casas y Jos\u00e9 Juan\nGuzm\u00e1n Camacho, respectivamente.<\/p>\n\n\n\n<p class=\"wp-block-paragraph\">Sin embargo, en declaraciones a la prensa, afirmaron que\nposiblemente existe una \u201ccifra negra\u201d de aquellos casos que las j\u00f3venes\nestudiantes y trabajadoras de la instituci\u00f3n no denuncian.<\/p>\n\n\n\n<p class=\"wp-block-paragraph\">Al t\u00e9rmino de una reuni\u00f3n de trabajo con la Comisi\u00f3n de\nIgualdad de G\u00e9nero, para que diera a conocer los mecanismos para prevenir el\nacoso y hostigamiento sexual en la instituci\u00f3n, Rodr\u00edguez Casas expuso que en\nestos casos el IPN toma medidas preventivas como cambiar la ubicaci\u00f3n del\npresunto agresor, en tanto se resuelve la situaci\u00f3n.<\/p>\n\n\n\n<p class=\"wp-block-paragraph\">&nbsp;\u201cLos procesos no son\ntan veloces como uno quisiera, llevan tiempo y a veces se han tomado las\ndecisiones, en tanto se resuelve el problema, sobre todo porque la misma\npresencia (del presunto agresor) para la afectada le causa hasta problemas\npsicol\u00f3gicos\u201d, indic\u00f3.<\/p>\n\n\n\n<p class=\"wp-block-paragraph\">Reiter\u00f3 que se cambia de ubicaci\u00f3n a la persona mientras\nsigue su curso el proceso, cuando est\u00e1 dentro de la instituci\u00f3n; sin embargo,\nel Polit\u00e9cnico contin\u00faa d\u00e1ndole seguimiento al caso una vez que se lleva ya\nfuera de las instalaciones.<\/p>\n\n\n\n<p class=\"wp-block-paragraph\">Cuestionado sobre la existencia de una presunta red de\nexplotaci\u00f3n sexual al interior del Polit\u00e9cnico, dijo no tener conocimiento de\nello, pero tomar\u00e1 cartas en el asunto, a fin de que se investigue.<\/p>\n\n\n\n<p class=\"wp-block-paragraph\">El directivo fue increpado por una joven estudiante v\u00edctima\nde agresi\u00f3n sexual dentro del IPN, quien pidi\u00f3 apoyo para resolver su situaci\u00f3n,\nya que a un a\u00f1o de haber interpuesto una denuncia penal, no ha obtenido\nsoluci\u00f3n; Rodr\u00edguez Casas se comprometi\u00f3 a atender su caso.<\/p>\n\n\n\n<p class=\"wp-block-paragraph\">Respecto a la inseguridad que se vive en los alrededores de\nlos planteles del IPN, sostuvo que el fen\u00f3meno se ha incrementado en los\n\u00faltimos meses, pero se est\u00e1 emprendiendo una acci\u00f3n coordinada con el gobierno\nde la Ciudad de M\u00e9xico, para atenderlo.<\/p>\n\n\n\n<p class=\"wp-block-paragraph\">Guzm\u00e1n Camacho explic\u00f3 que, en casos de agresiones sexuales,\nla \u00fanica persona que puede hacer la denuncia penal es la afectada y el IPN\nbrinda el acompa\u00f1amiento desde la presentaci\u00f3n y hasta el t\u00e9rmino del proceso.<\/p>\n\n\n\n<p class=\"wp-block-paragraph\">&nbsp;\u201cLas acompa\u00f1amos al\nMinisterio P\u00fablico en caso de que tengan que presentar alguna declaraci\u00f3n, las\norientamos en la forma en que tienen que presentar sus escritos y por supuesto\ndurante la tramitaci\u00f3n del proceso penal vamos dando el acompa\u00f1amiento\ncorrespondiente, con independencia de lo que s\u00ed nos toca hacer en el \u00e1mbito\nlaboral\u201d, indic\u00f3.<\/p>\n\n\n\n<p class=\"wp-block-paragraph\">Se\u00f1al\u00f3 que en lo laboral, si se encuentra un caso de este\ntipo, de inmediato se acude al tribunal en la materia para que autorice el cese\ndel presunto agresor, pero esos proceso llevan su tiempo, por lo que el\nPolit\u00e9cnico tienen que tomar medidas precautorias, como la separaci\u00f3n de los\ndocentes frente a grupo, con el fin proteger a la comunidad estudiantil en\ntanto se sigue el caso.<\/p>\n\n\n\n<p class=\"wp-block-paragraph\">&nbsp;\u201cPara nosotros es\nimportante que estas conductas no queden impunes. Insisto, el hecho de quitar a\nlos trabajadores frente a grupo o de la atenci\u00f3n a los alumnos, es para\nsalvaguardar la integridad de la comunidad, no para que quede impune\u201d,\nconcluy\u00f3.<\/p>\n","protected":false},"excerpt":{"rendered":"<p>No descartan exista una \u201ccifra negra\u201d de casos que las v\u00edctimas no denuncian.<\/p>\n","protected":false},"author":3,"featured_media":9255,"comment_status":"open","ping_status":"open","sticky":false,"template":"","format":"standard","meta":{"_monsterinsights_skip_tracking":false,"footnotes":""},"categories":[690,54],"tags":[],"class_list":["post-9254","post","type-post","status-publish","format-standard","has-post-thumbnail","category-690","category-mujeres"],"_links":{"self":[{"href":"https:\/\/redsemlac.com\/semmexico\/wp-json\/wp\/v2\/posts\/9254","targetHints":{"allow":["GET"]}}],"collection":[{"href":"https:\/\/redsemlac.com\/semmexico\/wp-json\/wp\/v2\/posts"}],"about":[{"href":"https:\/\/redsemlac.com\/semmexico\/wp-json\/wp\/v2\/types\/post"}],"author":[{"embeddable":true,"href":"https:\/\/redsemlac.com\/semmexico\/wp-json\/wp\/v2\/users\/3"}],"replies":[{"embeddable":true,"href":"https:\/\/redsemlac.com\/semmexico\/wp-json\/wp\/v2\/comments?post=9254"}],"version-history":[{"count":0,"href":"https:\/\/redsemlac.com\/semmexico\/wp-json\/wp\/v2\/posts\/9254\/revisions"}],"wp:featuredmedia":[{"embeddable":true,"href":"https:\/\/redsemlac.com\/semmexico\/wp-json\/wp\/v2\/media\/9255"}],"wp:attachment":[{"href":"https:\/\/redsemlac.com\/semmexico\/wp-json\/wp\/v2\/media?parent=9254"}],"wp:term":[{"taxonomy":"category","embeddable":true,"href":"https:\/\/redsemlac.com\/semmexico\/wp-json\/wp\/v2\/categories?post=9254"},{"taxonomy":"post_tag","embeddable":true,"href":"https:\/\/redsemlac.com\/semmexico\/wp-json\/wp\/v2\/tags?post=9254"}],"curies":[{"name":"wp","href":"https:\/\/api.w.org\/{rel}","templated":true}]}}