{"id":9248,"date":"2019-06-27T17:36:16","date_gmt":"2019-06-27T17:36:16","guid":{"rendered":"https:\/\/redsemlac.com\/semmexico\/?p=9248"},"modified":"2023-07-21T14:49:38","modified_gmt":"2023-07-21T19:49:38","slug":"mirada-violeta","status":"publish","type":"post","link":"https:\/\/redsemlac.com\/semmexico\/mirada-violeta\/","title":{"rendered":"Mirada Violeta"},"content":{"rendered":"\n<h2 class=\"wp-block-heading\">Plan Nacional de Desarrollo sin Perspectiva de G\u00e9nero<\/h2>\n\n\n\n<ul class=\"wp-block-list\"><li><strong><em>No cumple con los lineamientos, hay confusi\u00f3n, circulan dos documentos<\/em><\/strong><\/li><\/ul>\n\n\n\n<p class=\"wp-block-paragraph\"><strong>Lupita Ramos Ponce<\/strong><\/p>\n\n\n\n<p class=\"wp-block-paragraph\">SemM\u00e9xico, 27\njunio 2019.- El Plan Nacional de Desarrollo (PND) que el presidente Andr\u00e9s Manuel\nL\u00f3pez Obrador env\u00edo a la C\u00e1mara de Diputados, no cumple con los lineamientos de\nplaneaci\u00f3n ni contempla la perspectiva de g\u00e9nero ni la de derechos humanos. As\u00ed\nlo se\u00f1alan representantes de la sociedad civil, activistas feministas y\ndiputadas federales, durante el Parlamento Abierto: Opini\u00f3n con Perspectiva de\nG\u00e9nero acerca del PND, 2019-2024, convocado por la Comisi\u00f3n de Igualdad de\nG\u00e9nero de la LXIV Legislatura.<\/p>\n\n\n\n<p class=\"wp-block-paragraph\">Existe la\nconfusi\u00f3n por las dos versiones del PND. Una de m\u00e1s de 200 p\u00e1ginas, elaborada\npor la Secretar\u00eda de Hacienda y Cr\u00e9dito P\u00fablico (SHCP); la otra de 64 p\u00e1ginas,\npresentada por el presidente L\u00f3pez Obrador.<\/p>\n\n\n\n<p class=\"wp-block-paragraph\">La primera se\ndio a conocer el 17 de marzo de 2019 en el Foro Nacional para la elaboraci\u00f3n\ndel PND. El titular de la SHCP, Carlos Manuel Urz\u00faa Mac\u00edas, expuso ante el\nprimer mandatario, que el PND ten\u00eda tres ejes generales: Justicia y Estado de\nDerecho, Bienestar y Desarrollo Econ\u00f3mico, as\u00ed como tres ejes transversales:\nIgualdad de g\u00e9nero, no discriminaci\u00f3n e inclusi\u00f3n, Combate a la corrupci\u00f3n y\nmejora de la gesti\u00f3n p\u00fablica y Territorio y desarrollo sostenible.<\/p>\n\n\n\n<p class=\"wp-block-paragraph\">El 30 de\nabril, el presidente de M\u00e9xico inform\u00f3 en un video que hab\u00eda entregado a la\nC\u00e1mara de Diputados el PND. Fue el \u00faltimo d\u00eda que marca como plazo la Ley de\nPlaneaci\u00f3n, pero se trataba de un documento de 64 p\u00e1ginas que establece 12\nprincipios rectores, la pol\u00edtica y gobierno, pol\u00edtica social, econom\u00eda y un\nep\u00edlogo: visi\u00f3n de 2024.<\/p>\n\n\n\n<p class=\"wp-block-paragraph\">Desde\nentonces, existe la confusi\u00f3n, pues ambos documentos han circulado para la\ndiscusi\u00f3n y an\u00e1lisis en diversos foros tem\u00e1ticos.<\/p>\n\n\n\n<p class=\"wp-block-paragraph\">En su\nmomento, tanto Porfirio Mu\u00f1oz Ledo como la secretaria de Gobernaci\u00f3n, Olga\nS\u00e1nchez Cordero, han aclarado en varias ocasiones que el documento que se est\u00e1\nrevisando en comisiones es la versi\u00f3n de 64 p\u00e1ginas.<\/p>\n\n\n\n<p class=\"wp-block-paragraph\">Sin embargo,\nel citado documento no tiene perspectiva de g\u00e9nero ni de derechos humanos, como\nbien lo ha se\u00f1alado la diputada Martha Tagle, quien ha se\u00f1alado que: \u201csi el PND\nse qued\u00f3 corto con 64 p\u00e1ginas, las mujeres quedamos m\u00e1s, no nos sentimos\nreflejadas. El texto que se discute no cumple con las caracter\u00edsticas de un\nplan de desarrollo, pues no tiene objetivos ni metas ni estrategias, adem\u00e1s de\nque no hay una visi\u00f3n transversal de la perspectiva de g\u00e9nero. No veo una\npol\u00edtica de igualdad clara. Siento que hay un retroceso y la amenaza permanente\nde mandarnos a nuestra casa\u201d.<\/p>\n\n\n\n<p class=\"wp-block-paragraph\">Tiene raz\u00f3n\nMartha y tienen raz\u00f3n todas las voces autorizadas que se han pronunciado por la\nmodificaci\u00f3n total del Plan Nacional de Desarrollo.<\/p>\n\n\n\n<p class=\"wp-block-paragraph\">No debe\nexistir divorcio entre el discurso de la transformaci\u00f3n y de la pr\u00e1ctica y el\nejercicio en los planes y programas del nuevo Estado-Naci\u00f3n.<\/p>\n\n\n\n<p class=\"wp-block-paragraph\">Sin duda, la\nReforma Constitucional en materia de Paridad, constituye un parteaguas en la\nvida pol\u00edtica, econ\u00f3mica y jur\u00eddica de M\u00e9xico. Esto se debe ver reflejado\ntambi\u00e9n en el nuevo proyecto de naci\u00f3n y especialmente en la ejecuci\u00f3n del\nmismo a trav\u00e9s del Plan Nacional de Desarrollo. Desde la sociedad civil\nseguramente se tendr\u00e1 estrecha vigilancia en adem\u00e1s sea armonizado con los\ninstrumentos internacionales para asegurar una visi\u00f3n a corto, mediano y largo\nplazo que busque la eliminaci\u00f3n de la discriminaci\u00f3n y constituya el eje\nprogram\u00e1tico de la igualdad sustantiva.<\/p>\n\n\n\n<p class=\"wp-block-paragraph\">lupitaramosponce@gmail.com<\/p>\n\n\n\n<p class=\"wp-block-paragraph\">@lupitaramosponce<\/p>\n","protected":false},"excerpt":{"rendered":"<p>Plan Nacional de Desarrollo sin Perspectiva de G\u00e9nero<\/p>\n","protected":false},"author":3,"featured_media":7651,"comment_status":"open","ping_status":"open","sticky":false,"template":"","format":"standard","meta":{"_monsterinsights_skip_tracking":false,"footnotes":""},"categories":[690,82,91],"tags":[],"class_list":["post-9248","post","type-post","status-publish","format-standard","has-post-thumbnail","category-690","category-la-opinion","category-lupita-ramos-ponce"],"_links":{"self":[{"href":"https:\/\/redsemlac.com\/semmexico\/wp-json\/wp\/v2\/posts\/9248","targetHints":{"allow":["GET"]}}],"collection":[{"href":"https:\/\/redsemlac.com\/semmexico\/wp-json\/wp\/v2\/posts"}],"about":[{"href":"https:\/\/redsemlac.com\/semmexico\/wp-json\/wp\/v2\/types\/post"}],"author":[{"embeddable":true,"href":"https:\/\/redsemlac.com\/semmexico\/wp-json\/wp\/v2\/users\/3"}],"replies":[{"embeddable":true,"href":"https:\/\/redsemlac.com\/semmexico\/wp-json\/wp\/v2\/comments?post=9248"}],"version-history":[{"count":0,"href":"https:\/\/redsemlac.com\/semmexico\/wp-json\/wp\/v2\/posts\/9248\/revisions"}],"wp:featuredmedia":[{"embeddable":true,"href":"https:\/\/redsemlac.com\/semmexico\/wp-json\/wp\/v2\/media\/7651"}],"wp:attachment":[{"href":"https:\/\/redsemlac.com\/semmexico\/wp-json\/wp\/v2\/media?parent=9248"}],"wp:term":[{"taxonomy":"category","embeddable":true,"href":"https:\/\/redsemlac.com\/semmexico\/wp-json\/wp\/v2\/categories?post=9248"},{"taxonomy":"post_tag","embeddable":true,"href":"https:\/\/redsemlac.com\/semmexico\/wp-json\/wp\/v2\/tags?post=9248"}],"curies":[{"name":"wp","href":"https:\/\/api.w.org\/{rel}","templated":true}]}}