{"id":9246,"date":"2019-06-27T17:23:27","date_gmt":"2019-06-27T17:23:27","guid":{"rendered":"https:\/\/redsemlac.com\/semmexico\/?p=9246"},"modified":"2023-07-21T14:49:38","modified_gmt":"2023-07-21T19:49:38","slug":"entresemana-37","status":"publish","type":"post","link":"https:\/\/redsemlac.com\/semmexico\/entresemana-37\/","title":{"rendered":"Entresemana"},"content":{"rendered":"\n<h2 class=\"wp-block-heading\">Ya nos bail\u00f3, nos volver\u00e1 a bailar<\/h2>\n\n\n\n<ul class=\"wp-block-list\"><li><em><strong>El trato del se\u00f1orpresidente<\/strong><\/em><\/li><\/ul>\n\n\n\n<p class=\"wp-block-paragraph\"><strong>Mois\u00e9s S\u00e1nchez Lim\u00f3n<\/strong><\/p>\n\n\n\n<p class=\"wp-block-paragraph\">SemM\u00e9xico, 27 junio\n2019.- Ricardo Monreal dej\u00f3 en el aire de los corrillos pol\u00edticos una pregunta\nelemental y que todo mundo ha considerado premonici\u00f3n de la sacudida y\nzarandeada que se avecina, no el Poder Judicial sino en el gabinetazo.<\/p>\n\n\n\n<p class=\"wp-block-paragraph\">\u00bfEs necesaria? Coincido\ncon el senador Monreal, coordinador de la bancada senatorial de Morena respecto\nde que los colaboradores de L\u00f3pez Obrador cumplen una pesada curva de\naprendizaje, lo que implica que no han aprendido y, como no aprenden, no apoyan\nal Presidente y si no lo apoyan est\u00e1n de m\u00e1s.<\/p>\n\n\n\n<p class=\"wp-block-paragraph\">Mire usted, Ricardo suele\ndesayunar con el <em>se\u00f1orpresidente <\/em>L\u00f3pez\nObrador en Palacio Nacional, pero m\u00e1s que compartir el pan y la sal el\nzacatecano y el tabasque\u00f1o comparten toda esa informaci\u00f3n de las grandes ligas\nque muchos dar\u00edan un Potos\u00ed por conocerla.<\/p>\n\n\n\n<p class=\"wp-block-paragraph\">Monreal, presidente de la\nJunta de Coordinaci\u00f3n Pol\u00edtica del Senado, acuerda directamente con el <em>licenciadpresidente<\/em> y es el pol\u00edtico m\u00e1s\nexperimentado cercano a L\u00f3pez Obrador. Un ment\u00eds asumir\u00eda que el decano es\nPorfirio Mu\u00f1oz Ledo, en funciones de presidente de la Mesa Directiva de la\nC\u00e1mara de Diputados. <\/p>\n\n\n\n<p class=\"wp-block-paragraph\">Y es cierto, pero\nPorfirio cumple el papel de enfant terrible, como lo fue en el sexenio de Luis\nEcheverr\u00eda aunque hoy en la r\u00e9mora de enfant que discrepa de decisiones\npresidenciales, como el tema de los migrantes y el acuerdo lopezobradorista que\npuls\u00f3 y empuj\u00f3 el canciller Marcelo Ebrard, para convertir a M\u00e9xico como el\nejecutor de la tarea sucia planteada por Donald Trump de contener a esa ola de\nindocumentados que busca llegar a la Uni\u00f3n Americana.<\/p>\n\n\n\n<p class=\"wp-block-paragraph\">\u00bfHabr\u00e1 ajuste en el\ngabinete presidencial despu\u00e9s del lunes pr\u00f3ximo? Hay elementos de sobra y Monreal\nno declar\u00f3 por declarar. Fue el Heraldo que llev\u00f3 el mensaje a todo ese equipo\nque no ha aprendido, que no corre al mismo paso del que una sedicente reportera\ncalific\u00f3 como corredor keniano.<\/p>\n\n\n\n<p class=\"wp-block-paragraph\">Pero, hay que decirlo,\nvarios integrantes del gabinete legal y ampliado no es que no sigan el paso del\nse\u00f1orpresidente. No, lo que ocurre es que est\u00e1n hartos del trato que les da\nL\u00f3pez Obrador, en p\u00fablico y privado, exhibi\u00e9ndolos ineficientes, con esa\npostura de sabelotodo que todo lo complica y genera expectativas que corren en\nrieles de incredulidad y sorpresa.<\/p>\n\n\n\n<p class=\"wp-block-paragraph\">Ojal\u00e1 y de lo que ha\nexpuesto, ofertado, prometido haya por lo menos lo suficiente para considerar\nque vamos rumbo a nuevos estadios econ\u00f3micos, pol\u00edticos y sociales, aunque la\nevidencia inmediata aterriza en la demagogia populista con los otros datos.<\/p>\n\n\n\n<p class=\"wp-block-paragraph\">\u00bfQui\u00e9n se va del\ngabinete? Hay por lo menos dos altos funcionarios que est\u00e1n dispuestos a\nentregar el cargo, consecuencia de falta de armonizaci\u00f3n presupuestal, los\nrecortes y reasignaciones, el subejercicio presupuestal, la ausencia de\nplaneaci\u00f3n y objetividad en los acuerdos, porque los empresarios ofrecen\ninversiones en p\u00fablico, pero en privado cuestionan el nivel de certidumbre que\nles da el <em>se\u00f1orpresidente<\/em> si sus\nma\u00f1aneras dejan espacios que generan zozobra.<\/p>\n\n\n\n<p class=\"wp-block-paragraph\">En fin. Veamos. Para el\nlunes de la semana pr\u00f3xima, el licenciado Andr\u00e9s Manuel L\u00f3pez Obrador gir\u00f3 la invitaci\u00f3n\np\u00fablica a un bailongo para celebrar, en el Z\u00f3calo de la Ciudad de M\u00e9xico, el\nprimer a\u00f1o de su triunfo electoral. \u00bfY?<\/p>\n\n\n\n<p class=\"wp-block-paragraph\">La intenci\u00f3n es hacer un\ncorte de caja y presumir que se ha hecho mucho para construir el andamiaje de\nla 4T. No tiene nada de malo ese ejercicio, aunque legalmente est\u00e1 obligado a\nrendir el informe de gobierno el 1 de septiembre ante el Congreso de la Uni\u00f3n.<\/p>\n\n\n\n<p class=\"wp-block-paragraph\">Pero ya sabemos que el\nvoluntarismo presidencial se cubre con decretos y memor\u00e1ndums y si se le pega\nla gana adelantar el informe de gobierno, lo har\u00e1 y punto porque no hay en el\nPoder Legislativo alguien de su mayor\u00eda que le contradiga.<\/p>\n\n\n\n<p class=\"wp-block-paragraph\">El <em>se\u00f1orpresidente <\/em>informa que el bailongo comenzar\u00e1 desde el mediod\u00eda\ny ser\u00e1 austero.&nbsp; \u00bfY si fuera oneroso,\nusted cree que el secretario de Hacienda se atrever\u00e1 a regatearle gastos o\ncometer\u00e1 la indiscreci\u00f3n de filtrar cu\u00e1nto costo el siller\u00edo y el entarimado?<\/p>\n\n\n\n<p class=\"wp-block-paragraph\">Por supuesto, las\norquestas de las secretar\u00edas de la Defensa Nacional y de Marina no cobrar\u00edan\nporque no se les da comercializarse y, de acudir, Margarita La Diosa de la\nCumbia dir\u00eda que lo hizo como aportaci\u00f3n altruista.<\/p>\n\n\n\n<p class=\"wp-block-paragraph\">Vaya, en todo caso, el\nfestejo es lo de menos y el licenciado est\u00e1 en todo su derecho de festejar a\ntodo lo alto. Total, si como presidente aut\u00e9ntico, para protestar por el que\ncalific\u00f3 fraude descomunal y llam\u00f3 espurio a Felipe Calder\u00f3n, cerr\u00f3 la avenida\ndel Paseo de la Reforma por meses, ya como Presidente de verdad nada le impide\nhacer una pachanga en el Z\u00f3calo. \u00bfUsted cree que la doctora Claudia Sheinbaum\nle niegue la peana?<\/p>\n\n\n\n<p class=\"wp-block-paragraph\">El caso es que el <em>se\u00f1orpresidente<\/em> ya nos bail\u00f3 a todos los\nmexicanos con ese triunfo de hace un a\u00f1o, en el que 30 millones de ciudadanos\ncayeron en el garlito de la tierra prometida y lo \u00fanico que se ha visto es m\u00e1s\nde lo mismo, es decir, al licenciado en campa\u00f1a. La realidad est\u00e1 en la calle,\nla realidad golpea a familias cuya cabeza pierde el empleo, la realidad est\u00e1 en\nlas madres que lloran al hijo asesinado y la hija violentada. La realidad est\u00e1\nen el desempleo, no en las cuentas alegres; la realidad est\u00e1 en estos cambios\nque ofrecieron el man\u00e1 del cielo que es falaz frente a los cinturones de\nmiseria de las grandes ciudades.<\/p>\n\n\n\n<p class=\"wp-block-paragraph\">\u00bfHay que festejar el\ntriunfo del licenciado con el bailongo en el Z\u00f3calo? No encuentro qu\u00e9 festejar porque\nel triunfo fue de un hombre cuyo bono democr\u00e1tico se decanta todos los d\u00edas.\n\u00bfSer\u00e1 premonitorio de un golpe de tim\u00f3n el mensaje de Ricardo Monreal? Digo.<\/p>\n\n\n\n<p class=\"wp-block-paragraph\"><a href=\"mailto:sanchezlimon@gmail.com\">sanchezlimon@gmail.com<\/a><\/p>\n\n\n\n<p class=\"wp-block-paragraph\"><a href=\"http:\/\/www.entresemana.mx\">www.entresemana.mx<\/a><\/p>\n\n\n\n<p class=\"wp-block-paragraph\">@msanchezlimon<\/p>\n","protected":false},"excerpt":{"rendered":"<p>Ya nos bail\u00f3, nos volver\u00e1 a bailar.<\/p>\n","protected":false},"author":3,"featured_media":8470,"comment_status":"open","ping_status":"open","sticky":false,"template":"","format":"standard","meta":{"_monsterinsights_skip_tracking":false,"footnotes":""},"categories":[690,105,83],"tags":[],"class_list":["post-9246","post","type-post","status-publish","format-standard","has-post-thumbnail","category-690","category-entresemana","category-moises-sanchez-limon"],"_links":{"self":[{"href":"https:\/\/redsemlac.com\/semmexico\/wp-json\/wp\/v2\/posts\/9246","targetHints":{"allow":["GET"]}}],"collection":[{"href":"https:\/\/redsemlac.com\/semmexico\/wp-json\/wp\/v2\/posts"}],"about":[{"href":"https:\/\/redsemlac.com\/semmexico\/wp-json\/wp\/v2\/types\/post"}],"author":[{"embeddable":true,"href":"https:\/\/redsemlac.com\/semmexico\/wp-json\/wp\/v2\/users\/3"}],"replies":[{"embeddable":true,"href":"https:\/\/redsemlac.com\/semmexico\/wp-json\/wp\/v2\/comments?post=9246"}],"version-history":[{"count":0,"href":"https:\/\/redsemlac.com\/semmexico\/wp-json\/wp\/v2\/posts\/9246\/revisions"}],"wp:featuredmedia":[{"embeddable":true,"href":"https:\/\/redsemlac.com\/semmexico\/wp-json\/wp\/v2\/media\/8470"}],"wp:attachment":[{"href":"https:\/\/redsemlac.com\/semmexico\/wp-json\/wp\/v2\/media?parent=9246"}],"wp:term":[{"taxonomy":"category","embeddable":true,"href":"https:\/\/redsemlac.com\/semmexico\/wp-json\/wp\/v2\/categories?post=9246"},{"taxonomy":"post_tag","embeddable":true,"href":"https:\/\/redsemlac.com\/semmexico\/wp-json\/wp\/v2\/tags?post=9246"}],"curies":[{"name":"wp","href":"https:\/\/api.w.org\/{rel}","templated":true}]}}