{"id":92459,"date":"2025-02-03T13:11:18","date_gmt":"2025-02-03T19:11:18","guid":{"rendered":"https:\/\/redsemlac.com\/semmexico\/?p=92459"},"modified":"2025-02-03T13:11:18","modified_gmt":"2025-02-03T19:11:18","slug":"lili-alvarez-tenista","status":"publish","type":"post","link":"https:\/\/redsemlac.com\/semmexico\/lili-alvarez-tenista\/","title":{"rendered":"Lil\u00ed \u00c1lvarez, tenista"},"content":{"rendered":"\n<p class=\"wp-block-paragraph\">Maria Sol Antol\u00edn Herrero<\/p>\n\n\n\n<p class=\"wp-block-paragraph\">SemM\u00e9xico\/La Independent, Barcelona, Catalu\u00f1a, 3 de febrero, 2025.- Elia Mar\u00eda Gonz\u00e1lez-\u00c1lvarez proven\u00eda de una familia aristocr\u00e1tica y bien posicionada, que le proporcion\u00f3 una educaci\u00f3n en la que las institutrices y los viajes eran protagonistas. Naci\u00f3 casualmente en Roma, el 9 de mayo de 1905.<\/p>\n\n\n\n<p class=\"wp-block-paragraph\">Su madre se esforz\u00f3 por adquirir los conocimientos intelectuales esenciales para convertirse en una mujer independiente, mientras que su padre le ense\u00f1\u00f3 a jugar a tenis, deporte en el que demostr\u00f3 unas cualidades innatas. Tambi\u00e9n le ense\u00f1\u00f3 a jugar al billar, y as\u00ed se fragu\u00f3 su mentalidad de gran deportista a base de una enorme disciplina.<\/p>\n\n\n\n<p class=\"wp-block-paragraph\">Desde peque\u00f1a empez\u00f3 a practicar patinaje sobre hielo, y con s\u00f3lo doce a\u00f1os gan\u00f3 el campeonato de Saint Moritz y, en 1921, la Medalla de Oro Internacional. Sin embargo, Lil\u00ed \u00c1lvarez ten\u00eda otras inquietudes deportivas y, en 1924, particip\u00f3 como \u00fanica mujer en el Campeonato de Catalu\u00f1a de Automovilismo. Poco antes de confirmar su participaci\u00f3n en los Juegos Ol\u00edmpicos de invierno de Chamonix 1924, sufri\u00f3 una grave lesi\u00f3n que la apart\u00f3 para siempre del patinaje.<\/p>\n\n\n\n<p class=\"wp-block-paragraph\">Era h\u00e1bil y talentosa con la raqueta, as\u00ed que decidi\u00f3 dedicarse plenamente al mundo del tenis. Se convirti\u00f3 en la primera mujer espa\u00f1ola en participar en unos Juegos Ol\u00edmpicos, los de Par\u00eds 1924, llegando hasta los cuartos de final en la modalidad de dobles.<\/p>\n\n\n\n<p class=\"wp-block-paragraph\">Su juego era variado, alegre y efectivo, y por eso logr\u00f3 un gran \u00e9xito en el mundo del tenis. Fue la primera espa\u00f1ola que compiti\u00f3 en Wimbledon, en 1926, coincidiendo con el 50 aniversario del torneo londinense. La familia real brit\u00e1nica estaba en el palco e incluso el rey Alfonso XIII la felicit\u00f3 tras su triunfo en la semifinal, en la que gan\u00f3 con un doble 6-2.<\/p>\n\n\n\n<p class=\"wp-block-paragraph\">El \u00e9xito de Lil\u00ed \u00c1lvarez era ya imparable. Ocup\u00f3 las portadas de muchos diarios internacionales y lleg\u00f3 a la final de Wimbledon en 1927.<\/p>\n\n\n\n<p class=\"wp-block-paragraph\">Su trayectoria en Roland Garros tambi\u00e9n fue exitosa.<\/p>\n\n\n\n<p class=\"wp-block-paragraph\"><strong>Del deporte al periodismo y al feminismo<\/strong><\/p>\n\n\n\n<p class=\"wp-block-paragraph\">Posteriormente empez\u00f3 a trabajar como periodista y se convirti\u00f3 en una defensora del naciente movimiento feminista.<\/p>\n\n\n\n<p class=\"wp-block-paragraph\">\u00abLo que despert\u00f3 en m\u00ed el feminismo fue ver, cuando volv\u00ed a Espa\u00f1a, que para todo te ped\u00edan certificados y contratos matrimoniales, y que los maridos parec\u00edan ni\u00f1eras\u00bb.<\/p>\n\n\n\n<p class=\"wp-block-paragraph\">En 1927, public\u00f3 el libro Modern Lawn Tenis (Tenis sobre c\u00e9sped moderno), y empez\u00f3 a escribir art\u00edculos para el Daily Mail, el diario argentino La Naci\u00f3n, Blanco y Negro, La Vanguardia, Llega y la revista cultural Cuadernos para el Di\u00e1logo , sin abandonar el tenis profesional. Incluso en 1930 protagoniz\u00f3 un documental deportivo.<\/p>\n\n\n\n<p class=\"wp-block-paragraph\">Lil\u00ed \u00c1lvarez defendi\u00f3 siempre en sus escritos que la mujer moderna pod\u00eda ser religiosa, puesto que consideraba que fe y feminismo no eran conceptos incompatibles.<\/p>\n\n\n\n<p class=\"wp-block-paragraph\">Adem\u00e1s, aprobaba el divorcio y el control de la natalidad, y abog\u00f3 por un desarrollo humano y profesional conjunto entre hombres y mujeres.<\/p>\n\n\n\n<p class=\"wp-block-paragraph\">Fuente: Diario Feminista<\/p>\n\n\n\n<p class=\"wp-block-paragraph\"><\/p>\n","protected":false},"excerpt":{"rendered":"<p>Maria Sol Antol\u00edn Herrero SemM\u00e9xico\/La Independent, Barcelona, Catalu\u00f1a, 3 de febrero, 2025.- Elia Mar\u00eda Gonz\u00e1lez-\u00c1lvarez proven\u00eda de una familia aristocr\u00e1tica y bien posicionada, que le proporcion\u00f3 una educaci\u00f3n en la que las institutrices y los viajes eran protagonistas. Naci\u00f3 casualmente en Roma, el 9 de mayo de 1905. Su madre se esforz\u00f3 por adquirir los [&hellip;]<\/p>\n","protected":false},"author":3,"featured_media":92460,"comment_status":"open","ping_status":"open","sticky":false,"template":"","format":"standard","meta":{"_monsterinsights_skip_tracking":false,"footnotes":""},"categories":[748],"tags":[],"class_list":["post-92459","post","type-post","status-publish","format-standard","has-post-thumbnail","category-cultura-feminista"],"_links":{"self":[{"href":"https:\/\/redsemlac.com\/semmexico\/wp-json\/wp\/v2\/posts\/92459","targetHints":{"allow":["GET"]}}],"collection":[{"href":"https:\/\/redsemlac.com\/semmexico\/wp-json\/wp\/v2\/posts"}],"about":[{"href":"https:\/\/redsemlac.com\/semmexico\/wp-json\/wp\/v2\/types\/post"}],"author":[{"embeddable":true,"href":"https:\/\/redsemlac.com\/semmexico\/wp-json\/wp\/v2\/users\/3"}],"replies":[{"embeddable":true,"href":"https:\/\/redsemlac.com\/semmexico\/wp-json\/wp\/v2\/comments?post=92459"}],"version-history":[{"count":0,"href":"https:\/\/redsemlac.com\/semmexico\/wp-json\/wp\/v2\/posts\/92459\/revisions"}],"wp:featuredmedia":[{"embeddable":true,"href":"https:\/\/redsemlac.com\/semmexico\/wp-json\/wp\/v2\/media\/92460"}],"wp:attachment":[{"href":"https:\/\/redsemlac.com\/semmexico\/wp-json\/wp\/v2\/media?parent=92459"}],"wp:term":[{"taxonomy":"category","embeddable":true,"href":"https:\/\/redsemlac.com\/semmexico\/wp-json\/wp\/v2\/categories?post=92459"},{"taxonomy":"post_tag","embeddable":true,"href":"https:\/\/redsemlac.com\/semmexico\/wp-json\/wp\/v2\/tags?post=92459"}],"curies":[{"name":"wp","href":"https:\/\/api.w.org\/{rel}","templated":true}]}}