{"id":92437,"date":"2025-02-02T14:41:14","date_gmt":"2025-02-02T20:41:14","guid":{"rendered":"https:\/\/redsemlac.com\/semmexico\/?p=92437"},"modified":"2025-02-02T14:41:15","modified_gmt":"2025-02-02T20:41:15","slug":"comisiones-enviaran-al-pleno-que-2025-sea-doble-ano-de-mujeres-y-mariposas-ano-de-la-mujer-indigena-ano-para-reconocer-la-lucha-de-las-mujeres-por-la-igualdad-sustantiva-y-de-la-mariposa","status":"publish","type":"post","link":"https:\/\/redsemlac.com\/semmexico\/comisiones-enviaran-al-pleno-que-2025-sea-doble-ano-de-mujeres-y-mariposas-ano-de-la-mujer-indigena-ano-para-reconocer-la-lucha-de-las-mujeres-por-la-igualdad-sustantiva-y-de-la-mariposa\/","title":{"rendered":"Comisiones enviar\u00e1n al pleno que 2025 sea doble a\u00f1o de mujeres y mariposas: a\u00f1o de la mujer ind\u00edgena,\u00a0\u00a0 a\u00f1o para reconocer la lucha de las mujeres por la igualdad sustantiva y de la mariposa monarca."},"content":{"rendered":"\n<p class=\"wp-block-paragraph\">Por unanimidad&nbsp; la Comisi\u00f3n de Gobernaci\u00f3n y poblaci\u00f3n &nbsp;incorpora&nbsp; mujeres ind\u00edgena&nbsp; y &nbsp;medio siglo de lucha por la&nbsp;&nbsp; igualdad&nbsp; de todas las mujeres que propuso el Partido Verde&nbsp; &nbsp;<\/p>\n\n\n\n<p class=\"wp-block-paragraph\">Tambi\u00e9n estableci\u00f3 la Semana Nacional de la Salud Mental y el D\u00eda Nacional de la Mariposa Monarca<\/p>\n\n\n\n<p class=\"wp-block-paragraph\">&nbsp;Redacci\u00f3n<\/p>\n\n\n\n<p class=\"wp-block-paragraph\">SemM\u00e9xico, Cd. de M\u00e9xico, 2 de febrero, 2025.- Este 31 de enero, luego de un mes y d\u00edas en que envi\u00f3 la propuesta la presidenta de la&nbsp; Rep\u00fablica, para declarar 2025 como a\u00f1o de la mujer ind\u00edgena, pero incorporando a la iniciativa presidencial, el a\u00f1o de la lucha de las mujeres todas por la igualdad sustantiva.<\/p>\n\n\n\n<p class=\"wp-block-paragraph\">Lo hizo hasta el viernes pasado la Comisi\u00f3n de Gobernaci\u00f3n y Poblaci\u00f3n, que preside la diputada Graciela Ortiz Gonz\u00e1lez (PRI), &nbsp;aprobado &nbsp;por unanimidad de 24 votos, el dictamen que declara \u201c2025, A\u00f1o de la Mujer Ind\u00edgena\u201d; se remiti\u00f3 a la Mesa Directiva para efectos de su programaci\u00f3n legislativa.&nbsp;<\/p>\n\n\n\n<p class=\"wp-block-paragraph\">Ortiz Gonz\u00e1lez explic\u00f3 que el documento deriva de una iniciativa presentada por la titular del Ejecutivo Federal, quien busca resaltar la importancia de las mujeres en la sociedad mexicana.&nbsp;<\/p>\n\n\n\n<p class=\"wp-block-paragraph\">Con la declaratoria, dijo, se propone honrar y reconocer espec\u00edficamente a las mujeres ind\u00edgenas, quienes han tenido una labor fundamental en el desarrollo del pa\u00eds. \u201cHoy nos une trabajar en favor de la causa de la mujer ind\u00edgena y que sea el inicio para que haya m\u00e1s pol\u00edticas p\u00fablicas a fin de acortar la brecha\u201d.<\/p>\n\n\n\n<p class=\"wp-block-paragraph\">Aclar\u00f3 que dictamen incorpora la iniciativa presentada por la diputada Ciria Yamile Salom\u00f3n Dur\u00e1n (PVEM), que plantea una conmemoraci\u00f3n para reconocer la lucha de las mujeres por la igualdad sustantiva.&nbsp;<\/p>\n\n\n\n<p class=\"wp-block-paragraph\">En el resolutivo avalado se especifica que el Poder Ejecutivo Federal, por conducto de la Secretar\u00eda de Gobernaci\u00f3n, en coordinaci\u00f3n con los Poderes Legislativo y Judicial federales y los \u00f3rganos p\u00fablicos aut\u00f3nomos, establecer\u00e1 un programa de actividades para conmemorar y honrar la obra de la mujer ind\u00edgena en favor de la patria.&nbsp;<\/p>\n\n\n\n<p class=\"wp-block-paragraph\">La diputada Irma Juan Carlos (Morena) indic\u00f3 que las mujeres ind\u00edgenas son las que m\u00e1s han tenido que enfrentar las adversidades ante el proceso de esclavitud, opresi\u00f3n, racismo, colonialismo y tantas desigualdades sociales, y el dictamen busca saldar la deuda que el Estado mexicano tiene con las mujeres ind\u00edgenas y hacer visible las situaciones adversas, complicadas y dif\u00edciles que han padecido.&nbsp;<\/p>\n\n\n\n<p class=\"wp-block-paragraph\">A su vez, Rosa Mar\u00eda Castro Salinas, diputada de Morena, coment\u00f3 que declarar el 2025 como a\u00f1o de la mujer ind\u00edgena representa un reconocimiento hist\u00f3rico a la lucha por los derechos de las mujeres ind\u00edgenas y su participaci\u00f3n en la vida p\u00fablica; es una manera de exaltar y resaltar su contribuci\u00f3n a la grandeza cultural con la transmisi\u00f3n de su lengua, sus costumbres y cosmovisi\u00f3n, as\u00ed como sus aportes a la econom\u00eda.&nbsp;<\/p>\n\n\n\n<p class=\"wp-block-paragraph\">El diputado Jos\u00e9 Luis S\u00e1nchez Gonz\u00e1lez (PT) aplaudi\u00f3 que se ponga en el centro a la mujer ind\u00edgena, pues entre los m\u00e1s olvidados est\u00e1n los grupos originarios, quienes han sido relegados, excluidos y objeto de discriminaci\u00f3n y racismo. \u201cDebemos reconocer que pese a las reformas en materia ind\u00edgena sigue habiendo muchos rezagos en este sentido y hay necesidad de mantenernos alertas y en combate permanente contra el racismo y la exclusi\u00f3n\u201d.&nbsp;<\/p>\n\n\n\n<p class=\"wp-block-paragraph\"><strong><em>Semana Nacional de la Salud Mental<\/em><\/strong><\/p>\n\n\n\n<p class=\"wp-block-paragraph\">Con 22 votos a favor, la instancia legislativa aval\u00f3 el dictamen que declara la segunda semana de octubre de cada a\u00f1o como la Semana Nacional de la Salud Mental, y establece que el Gobierno Federal promover\u00e1 campa\u00f1as de sensibilizaci\u00f3n.&nbsp;<\/p>\n\n\n\n<p class=\"wp-block-paragraph\">La diputada Graciela Ortiz resalt\u00f3 que la propuesta reconoce la problem\u00e1tica social actual del deterioro de la salud mental, la cual ha adquirido en los \u00faltimos tiempos una mayor relevancia al enfrentarse a nuevos retos, como la postpandemia y el teletrabajo.&nbsp;<\/p>\n\n\n\n<p class=\"wp-block-paragraph\">Mencion\u00f3 que de acuerdo con datos del Inegi hay m\u00e1s de un mill\u00f3n 590 mil personas con alg\u00fan problema o condici\u00f3n mental, de los cuales el 54 por ciento son hombres y el 46 por ciento mujeres. Entre los trastornos m\u00e1s comunes est\u00e1 la depresi\u00f3n, ansiedad, trastornos por consumo de sustancias. Uno de los factores que ha contribuido a su aumento es el estigma asociado con las enfermedades mentales.&nbsp;<\/p>\n\n\n\n<p class=\"wp-block-paragraph\">El prop\u00f3sito, subray\u00f3, es abonar a socializar la problem\u00e1tica con \u00e9nfasis y conciencia, y reconocer la necesidad de adoptar medidas en diversos sectores de la sociedad, teniendo como principal objetivo promover, fomentar, atender y solucionar problemas, como depresi\u00f3n y suicidio.&nbsp;<\/p>\n\n\n\n<p class=\"wp-block-paragraph\">La diputada Ana Isabel Gonz\u00e1lez Gonz\u00e1lez (PRI), promovente de la iniciativa, extern\u00f3 que la declaraci\u00f3n de la semana ser\u00e1 de gran aportaci\u00f3n para el tema de salud mental a nivel nacional, pues se necesita hacer conciencia y campa\u00f1as sobre el tema, as\u00ed como fortalecer las acciones para reducir los casos de suicidio, ansiedad y depresi\u00f3n.&nbsp;&nbsp;<\/p>\n\n\n\n<p class=\"wp-block-paragraph\"><strong><em>D\u00eda Nacional de la Mariposa Monarca<\/em><\/strong><\/p>\n\n\n\n<p class=\"wp-block-paragraph\">La Comisi\u00f3n de Gobernaci\u00f3n y Poblaci\u00f3n tambi\u00e9n ratific\u00f3 con 24 votos el dictamen que declara el 10 de noviembre de cada a\u00f1o como D\u00eda Nacional de la Mariposa Monarca.<\/p>\n\n\n\n<p class=\"wp-block-paragraph\">La diputada Ortiz Gonz\u00e1lez destac\u00f3 que la Reserva de la Biosfera de la Mariposa Monarca es una de las declaratorias de la Unesco como patrimonio natural de la humanidad, adem\u00e1s de ser uno de los espect\u00e1culos naturales m\u00e1s sobresalientes del mundo y atractivo de relevancia para el pa\u00eds, espec\u00edficamente en los estados de Michoac\u00e1n y de M\u00e9xico.<\/p>\n\n\n\n<p class=\"wp-block-paragraph\">Se propone el 10 de noviembre, dijo, porque corresponde al d\u00eda en que se hizo la declaratoria de patrimonio natural, en 2008, en donde se le considera sitio natural de excepcional valor natural que trasciende fronteras por su importancia \u00fanica en el presente y futuro de la humanidad.<\/p>\n\n\n\n<p class=\"wp-block-paragraph\">Agreg\u00f3 que uno de los objetivos del dictamen es impulsar la permanente protecci\u00f3n de este sitio, por el fen\u00f3meno natural protagonizado por la mariposa monarca.<\/p>\n\n\n\n<p class=\"wp-block-paragraph\">La diputada Mary Carmen Bernal Mart\u00ednez (PT), impulsora de la iniciativa, se congratul\u00f3 por declarar el D\u00eda de la Mariposa Monarca, fen\u00f3meno que llega cada a\u00f1o a la Sierra de Michoac\u00e1n y coincide con el a\u00f1o en el que se celebra el 50 aniversario de que comenzaron con los estudios de este fen\u00f3meno natural, y abona a visibilizarlo en los municipios y para que se sigan cuidando los bosques.<\/p>\n\n\n\n<p class=\"wp-block-paragraph\">De Morena, el diputado Leonel Godoy Rangel hizo notar que la mayor parte de la mariposa monarca llega a Michoac\u00e1n y una parte al Estado de M\u00e9xico. Por ello, se debe visibilizar m\u00e1s en los estados y municipios donde llegan, y se requiere mucho apoyo de la Federaci\u00f3n, con los programas de prevenci\u00f3n, resguardo y seguridad para evitar la tala ilegal que pone en riesgo este santuario.<\/p>\n\n\n\n<p class=\"wp-block-paragraph\">Jaime Humberto P\u00e9rez Bernab\u00e9, diputado de Morena, coment\u00f3 que la Reserva de la Biosfera de la Mariposa Monarca est\u00e1 amenazada y en la lista roja de especies en peligro grave, al estar siendo alterado por el cambio clim\u00e1tico y la tala de \u00e1rboles por la delincuencia organizada. \u201cEstos ameyales est\u00e1n siendo devastados y la temperatura que requieren est\u00e1 siendo modificada; hay que visibilizar con las autoridades respectivas y darle una mayor protecci\u00f3n a esta especia emblema de la regi\u00f3n\u201d.<\/p>\n\n\n\n<p class=\"wp-block-paragraph\">Adem\u00e1s, la Comisi\u00f3n aprob\u00f3 tres dict\u00e1menes: el que desecha diversas iniciativas que declaran d\u00edas nacionales, presentadas por legisladoras y legisladores de diversos grupos parlamentarios; la relativa a reformas a la Ley Org\u00e1nica de la Administraci\u00f3n P\u00fablica Federal, y la que tiene que ver con la adici\u00f3n de un art\u00edculo 32 Bis a la Ley General de Archivos.&nbsp;<\/p>\n\n\n\n<p class=\"wp-block-paragraph\"><strong><em>PT: no deben ser insensibles a la crisis humanitaria en Jalisco con 18 mil desapariciones<\/em><\/strong><\/p>\n\n\n\n<p class=\"wp-block-paragraph\">En asuntos generales de la comisi\u00f3n, la diputada Graciela Ortiz inform\u00f3 a las diputadas y los diputados que se le entreg\u00f3 un documento que contiene la actualizaci\u00f3n del estado que guardan los asuntos a cargo de la Comisi\u00f3n de Gobernaci\u00f3n y Poblaci\u00f3n, y que de un total de 44 turnados han sido atendidos 28.&nbsp;<\/p>\n\n\n\n<p class=\"wp-block-paragraph\">Mientras el diputado Jos\u00e9 Luis S\u00e1nchez (PT) coment\u00f3 que no se puede ser ni indolente ni insensible frente a la crisis humanitaria que se vive en Jalisco, pues hay m\u00e1s de 18 mil desaparecidos, seg\u00fan estad\u00edsticas, cuando en realidad son m\u00e1s, por lo que el 26 de febrero vendr\u00e1 un contingente de m\u00e1s de 300 representante de familiares y amigos de desaparecidos para establecer un di\u00e1logo con las autoridades en este tema.<\/p>\n\n\n\n<p class=\"wp-block-paragraph\"><\/p>\n","protected":false},"excerpt":{"rendered":"<p>Por unanimidad&nbsp; la Comisi\u00f3n de Gobernaci\u00f3n y poblaci\u00f3n &nbsp;incorpora&nbsp; mujeres ind\u00edgena&nbsp; y &nbsp;medio siglo de lucha por la&nbsp;&nbsp; igualdad&nbsp; de todas las mujeres que propuso el Partido Verde&nbsp; &nbsp; Tambi\u00e9n estableci\u00f3 la Semana Nacional de la Salud Mental y el D\u00eda Nacional de la Mariposa Monarca &nbsp;Redacci\u00f3n SemM\u00e9xico, Cd. de M\u00e9xico, 2 de febrero, 2025.- [&hellip;]<\/p>\n","protected":false},"author":3,"featured_media":92438,"comment_status":"open","ping_status":"open","sticky":false,"template":"","format":"standard","meta":{"_monsterinsights_skip_tracking":false,"footnotes":""},"categories":[50],"tags":[],"class_list":["post-92437","post","type-post","status-publish","format-standard","has-post-thumbnail","category-congreso"],"_links":{"self":[{"href":"https:\/\/redsemlac.com\/semmexico\/wp-json\/wp\/v2\/posts\/92437","targetHints":{"allow":["GET"]}}],"collection":[{"href":"https:\/\/redsemlac.com\/semmexico\/wp-json\/wp\/v2\/posts"}],"about":[{"href":"https:\/\/redsemlac.com\/semmexico\/wp-json\/wp\/v2\/types\/post"}],"author":[{"embeddable":true,"href":"https:\/\/redsemlac.com\/semmexico\/wp-json\/wp\/v2\/users\/3"}],"replies":[{"embeddable":true,"href":"https:\/\/redsemlac.com\/semmexico\/wp-json\/wp\/v2\/comments?post=92437"}],"version-history":[{"count":0,"href":"https:\/\/redsemlac.com\/semmexico\/wp-json\/wp\/v2\/posts\/92437\/revisions"}],"wp:featuredmedia":[{"embeddable":true,"href":"https:\/\/redsemlac.com\/semmexico\/wp-json\/wp\/v2\/media\/92438"}],"wp:attachment":[{"href":"https:\/\/redsemlac.com\/semmexico\/wp-json\/wp\/v2\/media?parent=92437"}],"wp:term":[{"taxonomy":"category","embeddable":true,"href":"https:\/\/redsemlac.com\/semmexico\/wp-json\/wp\/v2\/categories?post=92437"},{"taxonomy":"post_tag","embeddable":true,"href":"https:\/\/redsemlac.com\/semmexico\/wp-json\/wp\/v2\/tags?post=92437"}],"curies":[{"name":"wp","href":"https:\/\/api.w.org\/{rel}","templated":true}]}}