{"id":9240,"date":"2019-06-27T16:52:33","date_gmt":"2019-06-27T16:52:33","guid":{"rendered":"https:\/\/redsemlac.com\/semmexico\/?p=9240"},"modified":"2023-07-21T14:49:38","modified_gmt":"2023-07-21T19:49:38","slug":"en-guerrero-se-reforzara-la-politica-de-prevencion-de-la-violencia-feminicida","status":"publish","type":"post","link":"https:\/\/redsemlac.com\/semmexico\/en-guerrero-se-reforzara-la-politica-de-prevencion-de-la-violencia-feminicida\/","title":{"rendered":"En Guerrero se reforzar\u00e1 la pol\u00edtica de prevenci\u00f3n de la Violencia Feminicida"},"content":{"rendered":"\n<p class=\"wp-block-paragraph\"><strong><em>Anuncia el Gobernador Astudillo campa\u00f1a contra la desaparici\u00f3n de mujeres y ni\u00f1as.<\/em><\/strong><\/p>\n\n\n\n<p class=\"wp-block-paragraph\"><strong><em>Responde a activistas que denunciaron par\u00e1lisis de\nesa pol\u00edtica. <\/em><\/strong><\/p>\n\n\n\n<p class=\"wp-block-paragraph\"><strong>Josefina Aguilar\nPastor<\/strong><\/p>\n\n\n\n<p class=\"wp-block-paragraph\">SemM\u00e9xico. Chilpancingo, Guerrero, 27 de junio de\n2019.- El gobernador del Estado, H\u00e9ctor Astudillo Flores, reconoci\u00f3 que las acciones\ny medidas para atender la violencia contra las mujeres deben reforzarse. Anunci\u00f3,\nigualmente, el lanzamiento de una campa\u00f1a para atender la desaparici\u00f3n de\nmujeres y ni\u00f1as en la entidad.<\/p>\n\n\n\n<p class=\"wp-block-paragraph\">Luego de la denuncia de activistas feministas, sobre\nla falta de efectividad de las medidas de emergencia puestas en marcha por el\ngobierno del estado para atender la violencia feminicida, y del anuncio de la\nconformaci\u00f3n de contralor\u00edas ciudadanas para vigilar las acciones\ngubernamentales que atienden la Alerta de Violencia de G\u00e9nero (AVG), el\nmandatario estatal admiti\u00f3 que atender este problema tiene \u201cque reforzarse\u201d.<\/p>\n\n\n\n<p class=\"wp-block-paragraph\">Por ello, anunci\u00f3, aunque no ahond\u00f3 en el tema, el\ninicio de una campa\u00f1a que va a entrar en funcionamiento en breve, para insistir\nen el respeto hacia a las mujeres y la prevenci\u00f3n de la violencia contra las\nmujeres, coment\u00f3.<\/p>\n\n\n\n<p class=\"wp-block-paragraph\">Astudillo Flores no ahond\u00f3 en el tema de la\ndesaparici\u00f3n de mujeres y ni\u00f1as, o de la operaci\u00f3n de alguna banda de trata de\npersonas, \u201cen ocasiones tambi\u00e9n se reportan desaparecidos y aparecen, como ha\nsido el caso de varios casos, igual que tambi\u00e9n ha habido lamentables asesinatos,\nmismos que se reconocen y que por supuesto, se deben investigar\u201d, respondi\u00f3.<\/p>\n\n\n\n<p class=\"wp-block-paragraph\">Asinti\u00f3 que el tema de las desaparecidas es otro de\nlos asuntos en el que deben de estar muy alertas, e insisti\u00f3 en que \u201cpor\nsupuesto, yo creo que va a ayudar mucho esta campa\u00f1a que va a entrar en\nfuncionamiento pronto\u201d.<\/p>\n","protected":false},"excerpt":{"rendered":"<p>Anuncia el Gobernador Astudillo campa\u00f1a contra la desaparici\u00f3n de mujeres y ni\u00f1as.\ufeff<\/p>\n","protected":false},"author":3,"featured_media":9241,"comment_status":"open","ping_status":"open","sticky":false,"template":"","format":"standard","meta":{"_monsterinsights_skip_tracking":false,"footnotes":""},"categories":[690,51],"tags":[],"class_list":["post-9240","post","type-post","status-publish","format-standard","has-post-thumbnail","category-690","category-ejecutivo"],"_links":{"self":[{"href":"https:\/\/redsemlac.com\/semmexico\/wp-json\/wp\/v2\/posts\/9240","targetHints":{"allow":["GET"]}}],"collection":[{"href":"https:\/\/redsemlac.com\/semmexico\/wp-json\/wp\/v2\/posts"}],"about":[{"href":"https:\/\/redsemlac.com\/semmexico\/wp-json\/wp\/v2\/types\/post"}],"author":[{"embeddable":true,"href":"https:\/\/redsemlac.com\/semmexico\/wp-json\/wp\/v2\/users\/3"}],"replies":[{"embeddable":true,"href":"https:\/\/redsemlac.com\/semmexico\/wp-json\/wp\/v2\/comments?post=9240"}],"version-history":[{"count":0,"href":"https:\/\/redsemlac.com\/semmexico\/wp-json\/wp\/v2\/posts\/9240\/revisions"}],"wp:featuredmedia":[{"embeddable":true,"href":"https:\/\/redsemlac.com\/semmexico\/wp-json\/wp\/v2\/media\/9241"}],"wp:attachment":[{"href":"https:\/\/redsemlac.com\/semmexico\/wp-json\/wp\/v2\/media?parent=9240"}],"wp:term":[{"taxonomy":"category","embeddable":true,"href":"https:\/\/redsemlac.com\/semmexico\/wp-json\/wp\/v2\/categories?post=9240"},{"taxonomy":"post_tag","embeddable":true,"href":"https:\/\/redsemlac.com\/semmexico\/wp-json\/wp\/v2\/tags?post=9240"}],"curies":[{"name":"wp","href":"https:\/\/api.w.org\/{rel}","templated":true}]}}