{"id":92392,"date":"2025-01-31T14:19:59","date_gmt":"2025-01-31T20:19:59","guid":{"rendered":"https:\/\/redsemlac.com\/semmexico\/?p=92392"},"modified":"2025-01-31T14:29:59","modified_gmt":"2025-01-31T20:29:59","slug":"preocupa-a-amnistia-internacional-criminalizacion-de-la-protesta-en-quintana-roo","status":"publish","type":"post","link":"https:\/\/redsemlac.com\/semmexico\/preocupa-a-amnistia-internacional-criminalizacion-de-la-protesta-en-quintana-roo\/","title":{"rendered":"Preocupa a Amnist\u00eda Internacional criminalizaci\u00f3n de la protesta en Quintana Roo"},"content":{"rendered":"\n<ul class=\"wp-block-list\">\n<li>Vulnera derechos como la libertad de expresi\u00f3n y de reuni\u00f3n<\/li>\n\n\n\n<li>El castigo con c\u00e1rcel y multa econ\u00f3mica.<\/li>\n<\/ul>\n\n\n\n<p class=\"wp-block-paragraph\">Redacci\u00f3n<\/p>\n\n\n\n<p class=\"wp-block-paragraph\">SemM\u00e9xico, Cd. de M\u00e9xico, 31 de enero, 2025.- Amnist\u00eda Internacional expresa preocupaci\u00f3n por la reforma hecha por el Congreso local de Quintan Roo que criminalizar la protesta.<\/p>\n\n\n\n<p class=\"wp-block-paragraph\">Se\u00f1ala que la reforma al art\u00edculo 182 del C\u00f3digo Penal de esa entidad criminaliza la protesta al castigar con c\u00e1rcel de cuatro a\u00f1os y multa la obstrucci\u00f3n de vialidades, vulnerando los derechos a la libertad de expresi\u00f3n y reuni\u00f3n pac\u00edfica.<\/p>\n\n\n\n<p class=\"wp-block-paragraph\">Como lo se\u00f1alamos en el informe \u201cTierra y Libertad\u201d La protesta social es una herramienta leg\u00edtima para exigir derechos, especialmente para las poblaciones m\u00e1s vulnerables. En respuesta el gobierno utiliza el sistema penal para desincentivar la lucha, dice una publicaci\u00f3n del organismo internacional que defiende derechos humanos.<\/p>\n\n\n\n<p class=\"wp-block-paragraph\">La protesta social, se\u00f1ala Amnist\u00eda Internacional, es una herramienta leg\u00edtima para exigir derechos, protestar no es un crimen.<\/p>\n\n\n\n<p class=\"wp-block-paragraph\"><\/p>\n","protected":false},"excerpt":{"rendered":"<p>Redacci\u00f3n SemM\u00e9xico, Cd. de M\u00e9xico, 31 de enero, 2025.- Amnist\u00eda Internacional expresa preocupaci\u00f3n por la reforma hecha por el Congreso local de Quintan Roo que criminalizar la protesta. Se\u00f1ala que la reforma al art\u00edculo 182 del C\u00f3digo Penal de esa entidad criminaliza la protesta al castigar con c\u00e1rcel de cuatro a\u00f1os y multa la obstrucci\u00f3n [&hellip;]<\/p>\n","protected":false},"author":3,"featured_media":92395,"comment_status":"open","ping_status":"open","sticky":false,"template":"","format":"standard","meta":{"_monsterinsights_skip_tracking":false,"footnotes":""},"categories":[700],"tags":[],"class_list":["post-92392","post","type-post","status-publish","format-standard","has-post-thumbnail","category-estados"],"_links":{"self":[{"href":"https:\/\/redsemlac.com\/semmexico\/wp-json\/wp\/v2\/posts\/92392","targetHints":{"allow":["GET"]}}],"collection":[{"href":"https:\/\/redsemlac.com\/semmexico\/wp-json\/wp\/v2\/posts"}],"about":[{"href":"https:\/\/redsemlac.com\/semmexico\/wp-json\/wp\/v2\/types\/post"}],"author":[{"embeddable":true,"href":"https:\/\/redsemlac.com\/semmexico\/wp-json\/wp\/v2\/users\/3"}],"replies":[{"embeddable":true,"href":"https:\/\/redsemlac.com\/semmexico\/wp-json\/wp\/v2\/comments?post=92392"}],"version-history":[{"count":0,"href":"https:\/\/redsemlac.com\/semmexico\/wp-json\/wp\/v2\/posts\/92392\/revisions"}],"wp:featuredmedia":[{"embeddable":true,"href":"https:\/\/redsemlac.com\/semmexico\/wp-json\/wp\/v2\/media\/92395"}],"wp:attachment":[{"href":"https:\/\/redsemlac.com\/semmexico\/wp-json\/wp\/v2\/media?parent=92392"}],"wp:term":[{"taxonomy":"category","embeddable":true,"href":"https:\/\/redsemlac.com\/semmexico\/wp-json\/wp\/v2\/categories?post=92392"},{"taxonomy":"post_tag","embeddable":true,"href":"https:\/\/redsemlac.com\/semmexico\/wp-json\/wp\/v2\/tags?post=92392"}],"curies":[{"name":"wp","href":"https:\/\/api.w.org\/{rel}","templated":true}]}}