{"id":9236,"date":"2019-06-26T23:03:49","date_gmt":"2019-06-26T23:03:49","guid":{"rendered":"https:\/\/redsemlac.com\/semmexico\/?p=9236"},"modified":"2023-07-21T14:49:38","modified_gmt":"2023-07-21T19:49:38","slug":"maria-zenaida-la-migrante-masacrada-por-la-policia-federal","status":"publish","type":"post","link":"https:\/\/redsemlac.com\/semmexico\/maria-zenaida-la-migrante-masacrada-por-la-policia-federal\/","title":{"rendered":"Mar\u00eda Zenaida, la migrante masacrada por la Polic\u00eda Federal"},"content":{"rendered":"\n<ul class=\"wp-block-list\"><li><strong><em>Joven nacida en El Salvador, viajar\u00eda a\ntrav\u00e9s de M\u00e9xico en camino hacia Estados Unidos y hacia su padre, quien ten\u00eda\nen el extranjero desde 2009.<\/em><\/strong><\/li><\/ul>\n\n\n\n<p class=\"wp-block-paragraph\"><strong>Redacci\u00f3n<\/strong><\/p>\n\n\n\n<p class=\"wp-block-paragraph\">SemM\u00e9xico\/ Pagina3.mx.  26 de junio 2019.- Mar\u00eda Zenaida, joven nacida en El Salvador, viajar\u00eda a trav\u00e9s de M\u00e9xico en camino hacia Estados Unidos y hacia su padre, quien ten\u00eda en el extranjero desde 2009; Mar\u00eda Zenaida iba en b\u00fasqueda de una vida menos complicada.<\/p>\n\n\n\n<p class=\"wp-block-paragraph\">Su viaje iba tranquilo, seg\u00fan recopilaciones de chats que\nVoz Alterna documenta para contar su historia en contribuci\u00f3n al contexto\nhostil que existe en M\u00e9xico para los migrantes de estos tiempos.<\/p>\n\n\n\n<p class=\"wp-block-paragraph\">Por Whatsapp y Facebook Messenger, Mar\u00eda Zenaida Escobar\nCerritos manten\u00eda comunicaci\u00f3n con su hermana Heidi, salvadore\u00f1a en Santa Cruz,\nCalifornia que se dedica a limpiar casas, all\u00e1 en la ambici\u00f3n migrante.<\/p>\n\n\n\n<p class=\"wp-block-paragraph\">Seg\u00fan cuenta la periodista Violeta Santiago, Mar\u00eda Zenaida\ncumplir\u00eda 20 a\u00f1os el nueve de noviembre siguiente, la m\u00e1s peque\u00f1a de 6 hermanas\ny un var\u00f3n \u201cquer\u00eda saber c\u00f3mo se ganaban los cheques\u201d en Estados Unidos junto a\nDar\u00edo Escobar Lainez, progenitor que ten\u00eda media vida sin ver a su hija.<\/p>\n\n\n\n<p class=\"wp-block-paragraph\">Con miedo, ansias, incertidumbre y harta motivaci\u00f3n,\nemprendi\u00f3 el plan para llegar hasta su padre y hermanas al otro lado de M\u00e9xico.\nContact\u00f3 a su coyote y se organiz\u00f3 con su familia para mantener una red de\napoyo.<\/p>\n\n\n\n<p class=\"wp-block-paragraph\">La joven Escobar se movi\u00f3 en veh\u00edculos particulares. Pag\u00f3\npor salida 4 mil d\u00f3lares que liquidar\u00eda con 11 mil 700 m\u00e1s al llegar a su\ndestino.<\/p>\n\n\n\n<p class=\"wp-block-paragraph\">&nbsp;\u201cHija, cuando usted\nviene viajando debe hacer amistad. Cuando usted compre una cosita, una comida,\nuna tortilla o una soda, comp\u00e1rtala con sus amigas, porque ah\u00ed se merece la\namistad. Uno no sabe el camino c\u00f3mo es\u201c, aconsejar\u00eda Dar\u00edo Escobar a su peque\u00f1a,\npreocupado.<\/p>\n\n\n\n<p class=\"wp-block-paragraph\">La traves\u00eda llev\u00f3 a Mar\u00eda Zenaida hasta un Tabasco reforzado\npor el ejecutivo con miles de guardias nacionales y otros elementos&nbsp; de seguridad federal.<\/p>\n\n\n\n<p class=\"wp-block-paragraph\">En Villahermosa, Mar\u00eda usar\u00eda sus \u00faltimos megas para cuidar\nla preocupaci\u00f3n de sus seres queridos mientras segu\u00eda instrucciones de esperar\nunos d\u00edas para continuar el \u00e9xodo. Estaba bien. Hasta que lleg\u00f3 el fin de\nsemana y la Chevrolet Avalanche 2002 blanca se puso en marcha hacia Veracruz,\ndonde ser\u00edan retenidos por las autoridades.<\/p>\n\n\n\n<p class=\"wp-block-paragraph\">La historia avanza hacia la tr\u00e1gica masacre que los Polic\u00edas\nFederales escenifican en el kil\u00f3metro 26+500 en la carretera federal 180\nVilla-Coatza. Dispararon a los migrantes, quienes se hab\u00edan fugado del ret\u00e9n y\ndado pie a una persecuci\u00f3n con final horrendo.<\/p>\n\n\n\n<p class=\"wp-block-paragraph\">Algunos sobreviven, pero el rostro de Mar\u00eda Zenaida Escobar\nCerritos se apaga en el asiento del copiloto, lleno de plomo pagado con recurso\nnacional.<\/p>\n\n\n\n<p class=\"has-text-color has-vivid-red-color wp-block-paragraph\">Lea la historia m\u00e1s completa y con m\u00e1s informaci\u00f3n aqu\u00ed en <strong><a href=\"https:\/\/vozalterna.com\/el-viaje-de-zenaida-la-migrante-de-19-anos-asesinada-por-la-policia-en-veracruz\/\" target=\"_blank\" rel=\"noreferrer noopener\" aria-label=\" (abre en una nueva pesta\u00f1a)\">Voz Alterna<\/a><\/strong>.<\/p>\n","protected":false},"excerpt":{"rendered":"<p>Mar\u00eda Zenaida cumplir\u00eda 20 a\u00f1os el nueve de noviembre siguiente, la m\u00e1s peque\u00f1a de 6 hermanas y un var\u00f3n \u201cquer\u00eda saber c\u00f3mo se ganaban los cheques\u201d en Estados Unidos.<\/p>\n","protected":false},"author":3,"featured_media":9237,"comment_status":"open","ping_status":"open","sticky":false,"template":"","format":"standard","meta":{"_monsterinsights_skip_tracking":false,"footnotes":""},"categories":[690,56],"tags":[],"class_list":["post-9236","post","type-post","status-publish","format-standard","has-post-thumbnail","category-690","category-redes"],"_links":{"self":[{"href":"https:\/\/redsemlac.com\/semmexico\/wp-json\/wp\/v2\/posts\/9236","targetHints":{"allow":["GET"]}}],"collection":[{"href":"https:\/\/redsemlac.com\/semmexico\/wp-json\/wp\/v2\/posts"}],"about":[{"href":"https:\/\/redsemlac.com\/semmexico\/wp-json\/wp\/v2\/types\/post"}],"author":[{"embeddable":true,"href":"https:\/\/redsemlac.com\/semmexico\/wp-json\/wp\/v2\/users\/3"}],"replies":[{"embeddable":true,"href":"https:\/\/redsemlac.com\/semmexico\/wp-json\/wp\/v2\/comments?post=9236"}],"version-history":[{"count":0,"href":"https:\/\/redsemlac.com\/semmexico\/wp-json\/wp\/v2\/posts\/9236\/revisions"}],"wp:featuredmedia":[{"embeddable":true,"href":"https:\/\/redsemlac.com\/semmexico\/wp-json\/wp\/v2\/media\/9237"}],"wp:attachment":[{"href":"https:\/\/redsemlac.com\/semmexico\/wp-json\/wp\/v2\/media?parent=9236"}],"wp:term":[{"taxonomy":"category","embeddable":true,"href":"https:\/\/redsemlac.com\/semmexico\/wp-json\/wp\/v2\/categories?post=9236"},{"taxonomy":"post_tag","embeddable":true,"href":"https:\/\/redsemlac.com\/semmexico\/wp-json\/wp\/v2\/tags?post=9236"}],"curies":[{"name":"wp","href":"https:\/\/api.w.org\/{rel}","templated":true}]}}