{"id":92358,"date":"2025-01-30T10:57:06","date_gmt":"2025-01-30T16:57:06","guid":{"rendered":"https:\/\/redsemlac.com\/semmexico\/?p=92358"},"modified":"2025-01-30T10:57:07","modified_gmt":"2025-01-30T16:57:07","slug":"regresa-al-teatro-el-granero-xavier-rojas-con-la-senora-de-la-radio-en-torno-al-8m","status":"publish","type":"post","link":"https:\/\/redsemlac.com\/semmexico\/regresa-al-teatro-el-granero-xavier-rojas-con-la-senora-de-la-radio-en-torno-al-8m\/","title":{"rendered":"Regresa al Teatro El Granero Xavier Rojas con La Se\u00f1ora de la Radio en torno al \u00a0 \u00a0 8M"},"content":{"rendered":"\n<p class=\"wp-block-paragraph\">El Programa de teatro para ni\u00f1as, ni\u00f1os y j\u00f3venes de la Coordinaci\u00f3n Nacional de Teatro y la compa\u00f1\u00eda Mamba, presentan la puesta en escena La se\u00f1ora de la radio, escrita por Mariana Teyer.<\/p>\n\n\n\n<p class=\"wp-block-paragraph\">Una producci\u00f3n de la compa\u00f1\u00eda Mamba, que ofrecer\u00e1 temporada del 1 de febrero al 9 de marzo<\/p>\n\n\n\n<p class=\"wp-block-paragraph\">Redacci\u00f3n<\/p>\n\n\n\n<p class=\"wp-block-paragraph\">SemM\u00e9xico, Cd. de M\u00e9xico, 30 de enero,&nbsp; 2025.-Esta producci\u00f3n presenta las aventuras de una joven que, al descubrir que su&nbsp;<em>am\u00e1&nbsp;<\/em>no aparece por ninguna parte, escapa de la escuela y decide emprender un viaje en su b\u00fasqueda. Un viaje acompa\u00f1ado por la siempre fiel voz de la \u201cSe\u00f1ora de la radio\u201d.<\/p>\n\n\n\n<p class=\"wp-block-paragraph\">La Secretar\u00eda de Cultura del Gobierno de M\u00e9xico y el Instituto Nacional de Bellas Artes y Literatura (INBAL), a trav\u00e9s del Programa de teatro para ni\u00f1as, ni\u00f1os y j\u00f3venes de la Coordinaci\u00f3n Nacional de Teatro y la compa\u00f1\u00eda Mamba, presentan la puesta en escena&nbsp;<em>La se\u00f1ora de la radio<\/em>, escrita por Mariana Teyer, bajo la direcci\u00f3n de Gabriela Guraieb e interpretaci\u00f3n de Bel\u00e9n Mercado.<\/p>\n\n\n\n<p class=\"wp-block-paragraph\">Su temporada tendr\u00e1 lugar del 1 de febrero al 9 de marzo, con funciones los s\u00e1bados y domingos a las 12:30 horas, en el Teatro El Granero&nbsp;<em>Xavier Rojas<\/em>&nbsp;del Centro Cultural del Bosque.<\/p>\n\n\n\n<p class=\"wp-block-paragraph\"><em>La se\u00f1ora de la radio<\/em>&nbsp;es una historia contada desde el punto de vista de una ni\u00f1a de unos 10 a\u00f1os, que decide ir en busca de su madre cuando se entera que \u00e9sta ha desaparecido, una voz que invita a la ingenuidad y a un mundo donde \u201ctodo es posible\u201d.<\/p>\n\n\n\n<p class=\"wp-block-paragraph\">Con esta obra, se busca generar un montaje en el que el universo interno de la actriz cobre vida y se vea materializado a trav\u00e9s de distintos sentidos; visualmente apoyada por el espacio esc\u00e9nico que utilizar\u00e1 elementos evocativos que refuercen la construcci\u00f3n de mundo desde los ojos de una ni\u00f1a.<\/p>\n\n\n\n<p class=\"wp-block-paragraph\">A trav\u00e9s de la luz se generar\u00e1n ambientes que contengan las sensaciones de la historia; mientras que, por medio de los paisajes sonoros y de la ficci\u00f3n, se pretende la construcci\u00f3n de im\u00e1genes apoyadas de textos que abren paso a la aparici\u00f3n de nuevos personajes.<\/p>\n\n\n\n<p class=\"wp-block-paragraph\">La puesta en escena nos invita a cumplir sue\u00f1os, atrevernos a so\u00f1ar y creer que todo es posible si queremos. Invita a ver las dificultades de la vida con esperanza, confiando que en el camino habr\u00e1 personas que nos quieren ayudar, que pueden entender por lo que estamos pasando y desean que logremos lo que queremos.<\/p>\n\n\n\n<p class=\"wp-block-paragraph\">\u201cLa se\u00f1ora de la radio es una obra cruda y al mismo tiempo divertida, llena de luz. Es una obra que toca fibras de lo que m\u00e1s nos duele en este pa\u00eds; en donde la violencia y las desapariciones se han vuelto el pan de cada d\u00eda; y s\u00ed, esa violencia existe y solo puede combatirse siendo expuesta y nombrada\u201d, comparti\u00f3 en entrevista la directora de escena, Gabriela Guraieb.<\/p>\n\n\n\n<p class=\"wp-block-paragraph\">\u201cHay obras que nos tocan el coraz\u00f3n porque nos llevan a explorar otras formas de ver la realidad que se presenta en el d\u00eda a d\u00eda. Creemos que La Se\u00f1ora de la radio es una obra que debe ser contada con la ligereza, ingenuidad y el brillo de su protagonista\u201d, finaliz\u00f3 Guraieb.<\/p>\n\n\n\n<p class=\"wp-block-paragraph\">Los dise\u00f1os de espacio esc\u00e9nico y de vestuario son de Airam Castillo, el dise\u00f1o de iluminaci\u00f3n es de Alita Escobedo, el dise\u00f1o sonoro es de David Almaga, mientras que la producci\u00f3n ejecutiva estuvo a cargo de Joana N\u00fa\u00f1ez.<\/p>\n","protected":false},"excerpt":{"rendered":"<p>El Programa de teatro para ni\u00f1as, ni\u00f1os y j\u00f3venes de la Coordinaci\u00f3n Nacional de Teatro y la compa\u00f1\u00eda Mamba, presentan la puesta en escena La se\u00f1ora de la radio, escrita por Mariana Teyer. Una producci\u00f3n de la compa\u00f1\u00eda Mamba, que ofrecer\u00e1 temporada del 1 de febrero al 9 de marzo Redacci\u00f3n SemM\u00e9xico, Cd. de M\u00e9xico, [&hellip;]<\/p>\n","protected":false},"author":3,"featured_media":92359,"comment_status":"open","ping_status":"open","sticky":false,"template":"","format":"standard","meta":{"_monsterinsights_skip_tracking":false,"footnotes":""},"categories":[46],"tags":[],"class_list":["post-92358","post","type-post","status-publish","format-standard","has-post-thumbnail","category-cultura-cultura"],"_links":{"self":[{"href":"https:\/\/redsemlac.com\/semmexico\/wp-json\/wp\/v2\/posts\/92358","targetHints":{"allow":["GET"]}}],"collection":[{"href":"https:\/\/redsemlac.com\/semmexico\/wp-json\/wp\/v2\/posts"}],"about":[{"href":"https:\/\/redsemlac.com\/semmexico\/wp-json\/wp\/v2\/types\/post"}],"author":[{"embeddable":true,"href":"https:\/\/redsemlac.com\/semmexico\/wp-json\/wp\/v2\/users\/3"}],"replies":[{"embeddable":true,"href":"https:\/\/redsemlac.com\/semmexico\/wp-json\/wp\/v2\/comments?post=92358"}],"version-history":[{"count":0,"href":"https:\/\/redsemlac.com\/semmexico\/wp-json\/wp\/v2\/posts\/92358\/revisions"}],"wp:featuredmedia":[{"embeddable":true,"href":"https:\/\/redsemlac.com\/semmexico\/wp-json\/wp\/v2\/media\/92359"}],"wp:attachment":[{"href":"https:\/\/redsemlac.com\/semmexico\/wp-json\/wp\/v2\/media?parent=92358"}],"wp:term":[{"taxonomy":"category","embeddable":true,"href":"https:\/\/redsemlac.com\/semmexico\/wp-json\/wp\/v2\/categories?post=92358"},{"taxonomy":"post_tag","embeddable":true,"href":"https:\/\/redsemlac.com\/semmexico\/wp-json\/wp\/v2\/tags?post=92358"}],"curies":[{"name":"wp","href":"https:\/\/api.w.org\/{rel}","templated":true}]}}