{"id":9232,"date":"2019-06-26T22:50:11","date_gmt":"2019-06-26T22:50:11","guid":{"rendered":"https:\/\/redsemlac.com\/semmexico\/?p=9232"},"modified":"2023-07-21T14:49:38","modified_gmt":"2023-07-21T19:49:38","slug":"por-la-cuarta-las-mujeres-se-arrepienten-de-no-ser-madres-y-punto","status":"publish","type":"post","link":"https:\/\/redsemlac.com\/semmexico\/por-la-cuarta-las-mujeres-se-arrepienten-de-no-ser-madres-y-punto\/","title":{"rendered":"Por la Cuarta: Las mujeres se arrepienten de no ser madres. Y punto"},"content":{"rendered":"\n<ul class=\"wp-block-list\"><li><strong><em>En las sociedades actuales todav\u00eda es mal\nvista&nbsp; la mujer que no desea tener hijos,\nincluso se le tacha de ego\u00edsmo e insensibilidad.<\/em><\/strong><\/li><\/ul>\n\n\n\n<p class=\"wp-block-paragraph\"><strong>Enriqueta Burelo\nMelgar<\/strong><\/p>\n\n\n\n<p class=\"wp-block-paragraph\">SemM\u00e9xico. 26 de junio 2019.- Me imagino como en los cuentos\nde hadas, que hubo una vez un tiempo donde&nbsp;\ntodas las mujeres eran madres, como un deber sagrado y no se\ncuestionaban ni se preguntaban a s\u00ed mismas si quer\u00edan serlo o no, las \u00fanicas\nque se salvaban de cumplir este deber las eran sacerdotisas consagradas a Vesta\nen la antigua Roma, llamadas vestales \u201centre las obligaciones de las vestales\ncontaban ciertas pr\u00e1cticas de austeridad y la observancia de la castidad\u201d o las\nreligiosas en el culto cat\u00f3lico por citar dos ejemplos, asimismo, quienes\npermanec\u00edan solteras, lo cual no era una condici\u00f3n com\u00fan de las mujeres a menos\nque fueran de una familia pobre que no tuviera para la dote, todas las dem\u00e1s\nmujeres estaban destinadas a ser madres tarde que temprano, y era una maldici\u00f3n\ny pod\u00edan ser repudiadas por la pareja cuando no pod\u00edan dar descendencia y m\u00e1s,\nsino pod\u00edan concebir un hijo var\u00f3n, nunca se cuestionaron en las sociedades\nantiguas que la esterilidad pod\u00eda ser causa del hombre y hoy los adelantos de\nla ciencia nos muestran que es el var\u00f3n quien otorga el sexo, pero durante\nsiglos las mujeres cargaron con la culpa.<\/p>\n\n\n\n<p class=\"wp-block-paragraph\">En las sociedades actuales todav\u00eda es mal vista&nbsp; la mujer que no desea tener hijos, incluso se\nle tacha de ego\u00edsmo e insensibilidad. \u00bfPor qu\u00e9 no querer ser madre es catalogado\ncomo ego\u00edsmo? Porque mirar por uno mismo est\u00e1 todav\u00eda mal visto, querer tener\nlibertad y no querer ocuparse de las responsabilidades que supone un hijo suena\na ego\u00edsmo, cuando en realidad hay muchas mujeres que no quieren ser madres y\nson sensibles y generosas, simplemente han tomado la decisi\u00f3n y prefieren otro\nestilo de vida.<\/p>\n\n\n\n<p class=\"wp-block-paragraph\">En su momento Rosario Castellanos en el texto \u201cY las madres\nqu\u00e9 opinan\u201d puede leerse: \u201cSi la tarea de ser madre consume tantas energ\u00edas,\ntanto tiempo y tanta capacidad, si es tan absorbente que no se encuentra raro\nque sea exclusiva, lo menos que pod\u00edan hacer quienes deliberan en torno al\nasunto del control de la natalidad, es saber qu\u00e9 opinan de \u00e9l las madres\u201d. Para\nella el tema es candente e importante de discutir sin tab\u00fas, pues no puede\nseguir \u201casumi\u00e9ndose como una de las fatalidades con que la Naturaleza nos\nagobia como si se extendiese hasta all\u00ed el campo del dominio del hombre\u201d. Por\nlo mismo se necesitar\u00eda \u201cun cuestionamiento acerca de lo que la maternidad\nsignifica no como proceso biol\u00f3gico sino como experiencia humana.\u201d Esta puede\nconvertirse en \u201cun atentado contra la libre determinaci\u00f3n individual\u201d e\nimponerla \u201ca mujeres que la rechazan porque carecen de vocaci\u00f3n, que la evitan\nporque es un estorbo para la forma de vida que eligieron o de la que se alejan\ncomo de un peligro para su integridad f\u00edsica.\u201d<\/p>\n\n\n\n<p class=\"wp-block-paragraph\">Por otro lado se habla del instinto maternal, algo en lo que\nyo no creo, sino todas estar\u00edamos pariendo cada a\u00f1o, lo que s\u00ed sienten muchas\nmujeres es que llega la hora de ser madre, pero habitualmente es producido por\nlas creencias, cultura y sociedad que parece que lo inculca. Hoy en d\u00eda cada\nvez m\u00e1s mujeres que son capaces de no escuchar las tradiciones que medio nos\nimponen, se escuchan a s\u00ed mismas para llevar la vida que realmente desean.<\/p>\n\n\n\n<p class=\"wp-block-paragraph\">Ser o no ser madre es un tema que siempre me ha interesado,\npor lo que cuando encontr\u00e9 el libro Madres Arrepentidas de Orna Donath, me\nsent\u00ed identificada con ella, ya que es un texto que ignora la ley del silencio\ny sit\u00faa el arrepentimiento lejos de lo pol\u00edticamente incorrecto y dentro de las\nemociones l\u00edcitas.<\/p>\n\n\n\n<p class=\"wp-block-paragraph\">El libro recoge cerca de 200 opiniones de mujeres que por\ndiversas razones y en muy distintos grados, una vez han sido madres no\nencuentran la felicidad prometida. Resaltan, eso s\u00ed, que el arrepentimiento de\nser madres no anula el amor que sienten por sus hijos: la clave est\u00e1 en que ese\namor incondicional no compensa el sacrificio que para una mujer supone, casi\nsiempre, ser madres.<\/p>\n\n\n\n<p class=\"wp-block-paragraph\">Hoy por otra parte estamos en el proceso de desacralizar el\nmito de la madre perfecta, sabemos que la maternidad puede ser opresiva en s\u00ed\nmisma, pues reduce las posibilidades de movimiento y el grado de independencia\nde las mujeres. Y ya hemos empezado a mostrarnos dispuestos a comprender que\nlas madres son seres humanos capaces de hacer da\u00f1o, maltratar y a veces incluso\nmatar, ya sea consciente o inconscientemente. No obstante, seguimos anhelando\nque esas experiencias de mujeres de carne y hueso no destrocen la imagen m\u00edtica\nque tenemos de la madre por excelencia, y por ello seguimos resisti\u00e9ndonos a\nreconocer que la maternidad \u2013 as\u00ed como otros muchos \u00e1mbitos de nuestra vida a\nlos que estamos obligados, en los que sufrimos y por los que nos preocupamos, y\nque por tanto nos suscitan el deseo de volver atr\u00e1s y hacer las cosas de otro\nmodo\u2013 podr\u00eda estar expuesta tambi\u00e9n al arrepentimiento. Tanto si las madres se\nenfrentan a dificultades como si no, no se espera de ellas ni se les permite\nsentir o pensar que la transici\u00f3n a la maternidad ha sido para ellas un paso\ndesafortunado.<\/p>\n\n\n\n<p class=\"wp-block-paragraph\">El texto de Orna Donath Madres arrepentidas, llega en un\nbuen momento, es un libro que ignora esa ley del silencio y sit\u00faa el\narrepentimiento lejos de lo pol\u00edticamente incorrecto y dentro de las emociones\nl\u00edcitas.<\/p>\n\n\n\n<p class=\"wp-block-paragraph\">Quiero terminar este art\u00edculo con un fragmento del poema\n\u201cLas Madres Errantes\u201d de la poeta espa\u00f1ola Paula Jim\u00e9nez, que se suma a\nnuestras reflexiones desde otro lenguaje:<\/p>\n\n\n\n<p class=\"wp-block-paragraph\"><em>Todos los d\u00edas las\nmujeres dan<\/em><\/p>\n\n\n\n<p class=\"wp-block-paragraph\"><em>hijos en adopci\u00f3n y\ndurante meses<\/em><\/p>\n\n\n\n<p class=\"wp-block-paragraph\"><em>supieron lo que ir\u00edan\na hacer.<\/em><\/p>\n\n\n\n<p class=\"wp-block-paragraph\"><em>Algunas meten la\ncabeza en el horno<\/em><\/p>\n\n\n\n<p class=\"wp-block-paragraph\"><em>y se desligan\ndefinitivamente.<\/em><\/p>\n\n\n\n<p class=\"wp-block-paragraph\"><em>Est\u00e1n las que se\nquedan y amenazan<\/em><\/p>\n\n\n\n<p class=\"wp-block-paragraph\"><em>con morir de un\ns\u00edncope.<\/em><\/p>\n","protected":false},"excerpt":{"rendered":"<p>En las sociedades actuales todav\u00eda es mal vista  la mujer que no desea tener hijos, incluso se le tacha de ego\u00edsmo e insensibilidad.<\/p>\n","protected":false},"author":3,"featured_media":9233,"comment_status":"open","ping_status":"open","sticky":false,"template":"","format":"standard","meta":{"_monsterinsights_skip_tracking":false,"footnotes":""},"categories":[690,118,117],"tags":[],"class_list":["post-9232","post","type-post","status-publish","format-standard","has-post-thumbnail","category-690","category-enriqueta-burelo-melgar","category-por-la-cuarta"],"_links":{"self":[{"href":"https:\/\/redsemlac.com\/semmexico\/wp-json\/wp\/v2\/posts\/9232","targetHints":{"allow":["GET"]}}],"collection":[{"href":"https:\/\/redsemlac.com\/semmexico\/wp-json\/wp\/v2\/posts"}],"about":[{"href":"https:\/\/redsemlac.com\/semmexico\/wp-json\/wp\/v2\/types\/post"}],"author":[{"embeddable":true,"href":"https:\/\/redsemlac.com\/semmexico\/wp-json\/wp\/v2\/users\/3"}],"replies":[{"embeddable":true,"href":"https:\/\/redsemlac.com\/semmexico\/wp-json\/wp\/v2\/comments?post=9232"}],"version-history":[{"count":0,"href":"https:\/\/redsemlac.com\/semmexico\/wp-json\/wp\/v2\/posts\/9232\/revisions"}],"wp:featuredmedia":[{"embeddable":true,"href":"https:\/\/redsemlac.com\/semmexico\/wp-json\/wp\/v2\/media\/9233"}],"wp:attachment":[{"href":"https:\/\/redsemlac.com\/semmexico\/wp-json\/wp\/v2\/media?parent=9232"}],"wp:term":[{"taxonomy":"category","embeddable":true,"href":"https:\/\/redsemlac.com\/semmexico\/wp-json\/wp\/v2\/categories?post=9232"},{"taxonomy":"post_tag","embeddable":true,"href":"https:\/\/redsemlac.com\/semmexico\/wp-json\/wp\/v2\/tags?post=9232"}],"curies":[{"name":"wp","href":"https:\/\/api.w.org\/{rel}","templated":true}]}}