{"id":92310,"date":"2025-01-29T15:29:59","date_gmt":"2025-01-29T21:29:59","guid":{"rendered":"https:\/\/redsemlac.com\/semmexico\/?p=92310"},"modified":"2025-01-29T15:30:00","modified_gmt":"2025-01-29T21:30:00","slug":"mueren-cuatro-personas-en-detencion-de-presuntos-implicados-en-desaparicion-de-sandra-dominguez","status":"publish","type":"post","link":"https:\/\/redsemlac.com\/semmexico\/mueren-cuatro-personas-en-detencion-de-presuntos-implicados-en-desaparicion-de-sandra-dominguez\/","title":{"rendered":"Mueren cuatro personas, en detenci\u00f3n de presuntos implicados en desaparici\u00f3n de Sandra Dom\u00ednguez"},"content":{"rendered":"\n<ul class=\"wp-block-list\">\n<li>Garc\u00eda Harfuch dijo que uno de los fallecidos era polic\u00eda, los otros tres pertenec\u00edan a una c\u00e9lula delictiva<\/li>\n\n\n\n<li>Aun sin informaci\u00f3n la familia de la abogada y activista mixe\u00a0<\/li>\n<\/ul>\n\n\n\n<p class=\"wp-block-paragraph\">Roc\u00edo Flores<\/p>\n\n\n\n<p class=\"wp-block-paragraph\">SemM\u00e9xico\/OaxacaMedia, 29 de enero, 2025.- Cuatro personas resultaron muertas durante un operativo realizado en la regi\u00f3n de la Cuenca del Papaloapan realizada para detener a los presuntos responsables de la desaparici\u00f3n de la activista Sandra Dom\u00ednguez Mart\u00ednez, desaparecida desde el 4 de octubre de 2024, confirm\u00f3 el secretario de Seguridad y Protecci\u00f3n Ciudadana federal Omar Garc\u00eda Harfuch.<\/p>\n\n\n\n<p class=\"wp-block-paragraph\">Los agentes realizaron el operativo en inmediaciones de la Carretera Federal 147, en el tramo Palomares-Tuxtepec, en Veracruz, cuando fueron atacados por tres personas, los elementos de seguridad al ver en riesgo su vida, repelieron la agresi\u00f3n conforme a los protocolos de actuaci\u00f3n y uso de la fuerza, donde los agresores perdieron la vida.<\/p>\n\n\n\n<p class=\"wp-block-paragraph\">Uno de los integrantes de la SSPC fue lesionado y de manera inmediata fue trasladado a un hospital cercano donde minutos m\u00e1s tarde perdi\u00f3 la vida a causa de las lesiones.<\/p>\n\n\n\n<p class=\"wp-block-paragraph\">\u201cAl dar cumplimiento a una orden de aprehensi\u00f3n, en Veracruz, de una persona relacionada con la desaparici\u00f3n de la activista Sandra Dom\u00ednguez, compa\u00f1eros de Secretar\u00eda de Seguridad y Protecci\u00f3n Ciudadana y de la Fiscal\u00eda General de Oaxaca fueron agredidos por hombres armados\u00bb, inform\u00f3 el funcionario federal en su red social oficial.<\/p>\n\n\n\n<p class=\"wp-block-paragraph\">Derivado del enfrentamiento, dijo, tres agresores perdieron la vida incluyendo el l\u00edder de la c\u00e9lula delictiva.<\/p>\n\n\n\n<p class=\"wp-block-paragraph\">\u201cLamentablemente un compa\u00f1ero de Investigaci\u00f3n perdi\u00f3 la vida tras ser atendido en el hospital. Nuestro compa\u00f1ero perdi\u00f3 la vida en una acci\u00f3n valiente cumpliendo con su deber y sacando de las calles a generadores de violencia que afectan a nuestro pa\u00eds\u201d, agreg\u00f3.<\/p>\n\n\n\n<p class=\"wp-block-paragraph\">En Oaxaca, el secretario de Seguridad y Protecci\u00f3n Ciudadana Iv\u00e1n Garc\u00eda solo confirm\u00f3 el operativo. Pero, dijo, ser\u00e1 la fiscal\u00eda general de Justicia del Estado de Oaxaca la instituci\u00f3n encargada de confirmar las detenciones.<\/p>\n\n\n\n<p class=\"wp-block-paragraph\">\u201cS\u00ed hubo un enfrentamiento y que \u00abhay resultados positivos\u00bb, se limit\u00f3 a responder.<\/p>\n\n\n\n<p class=\"wp-block-paragraph\">Hasta el momento, la Fiscal\u00eda de Oaxaca no ha reportado los detalles de este operativo.<\/p>\n\n\n\n<p class=\"wp-block-paragraph\">A su vez, familiares de la activista Sandra Dom\u00ednguez Mart\u00ednez a\u00fan no tienen informaci\u00f3n oficial respecto a este operativo y los resultados de este.<\/p>\n\n\n\n<p class=\"wp-block-paragraph\">SEM-OM\/rf\/sj<\/p>\n","protected":false},"excerpt":{"rendered":"<p>Roc\u00edo Flores SemM\u00e9xico\/OaxacaMedia, 29 de enero, 2025.- Cuatro personas resultaron muertas durante un operativo realizado en la regi\u00f3n de la Cuenca del Papaloapan realizada para detener a los presuntos responsables de la desaparici\u00f3n de la activista Sandra Dom\u00ednguez Mart\u00ednez, desaparecida desde el 4 de octubre de 2024, confirm\u00f3 el secretario de Seguridad y Protecci\u00f3n Ciudadana [&hellip;]<\/p>\n","protected":false},"author":3,"featured_media":92311,"comment_status":"open","ping_status":"open","sticky":false,"template":"","format":"standard","meta":{"_monsterinsights_skip_tracking":false,"footnotes":""},"categories":[48],"tags":[],"class_list":["post-92310","post","type-post","status-publish","format-standard","has-post-thumbnail","category-no-mas-impunidad-no-mas-impunidad"],"_links":{"self":[{"href":"https:\/\/redsemlac.com\/semmexico\/wp-json\/wp\/v2\/posts\/92310","targetHints":{"allow":["GET"]}}],"collection":[{"href":"https:\/\/redsemlac.com\/semmexico\/wp-json\/wp\/v2\/posts"}],"about":[{"href":"https:\/\/redsemlac.com\/semmexico\/wp-json\/wp\/v2\/types\/post"}],"author":[{"embeddable":true,"href":"https:\/\/redsemlac.com\/semmexico\/wp-json\/wp\/v2\/users\/3"}],"replies":[{"embeddable":true,"href":"https:\/\/redsemlac.com\/semmexico\/wp-json\/wp\/v2\/comments?post=92310"}],"version-history":[{"count":0,"href":"https:\/\/redsemlac.com\/semmexico\/wp-json\/wp\/v2\/posts\/92310\/revisions"}],"wp:featuredmedia":[{"embeddable":true,"href":"https:\/\/redsemlac.com\/semmexico\/wp-json\/wp\/v2\/media\/92311"}],"wp:attachment":[{"href":"https:\/\/redsemlac.com\/semmexico\/wp-json\/wp\/v2\/media?parent=92310"}],"wp:term":[{"taxonomy":"category","embeddable":true,"href":"https:\/\/redsemlac.com\/semmexico\/wp-json\/wp\/v2\/categories?post=92310"},{"taxonomy":"post_tag","embeddable":true,"href":"https:\/\/redsemlac.com\/semmexico\/wp-json\/wp\/v2\/tags?post=92310"}],"curies":[{"name":"wp","href":"https:\/\/api.w.org\/{rel}","templated":true}]}}