{"id":92296,"date":"2025-01-29T10:55:32","date_gmt":"2025-01-29T16:55:32","guid":{"rendered":"https:\/\/redsemlac.com\/semmexico\/?p=92296"},"modified":"2025-01-29T10:55:33","modified_gmt":"2025-01-29T16:55:33","slug":"latam-frente-a-trump-la-paradoja-populista","status":"publish","type":"post","link":"https:\/\/redsemlac.com\/semmexico\/latam-frente-a-trump-la-paradoja-populista\/","title":{"rendered":"Latam frente a Trump: la paradoja populista"},"content":{"rendered":"\n<ul class=\"wp-block-list\">\n<li>Buscan enfrentar al magnate estadounidense, pero los populistas latinoamericanos no son distintos a \u00e9l<\/li>\n\n\n\n<li>Con estrategias similares, la Ley de la Selva se vuelve intolerable cuando el bully mayor entra en acci\u00f3n<\/li>\n<\/ul>\n\n\n\n<p class=\"wp-block-paragraph\">Miguel \u00c1ngel Romero Ram\u00edrez<\/p>\n\n\n\n<p class=\"wp-block-paragraph\">SemM\u00e9xico, Cd. de M\u00e9xico, 29 de enero, 2025.- Los l\u00edderes populistas de Am\u00e9rica Latina se declaran v\u00edctimas del imperialismo estadounidense mientras replican, al interior de sus propias fronteras, las mismas pr\u00e1cticas autoritarias que critican. Donald Trump, el&nbsp;bully&nbsp;mayor, no es un fen\u00f3meno externo: es el espejo amplificado de sus propias estrategias y de c\u00f3mo el populismo destruye las sociedades. Trump concentra poder, atropella instituciones y opera bajo la l\u00f3gica de la fuerza. Pero esa es la misma f\u00f3rmula que muchos mandatarios de la regi\u00f3n utilizan para consolidar su control pol\u00edtico. La diferencia es que ahora, en la arena internacional, ellos son los d\u00e9biles.<\/p>\n\n\n\n<p class=\"wp-block-paragraph\">Los discursos de resistencia que los gobiernos latinoamericanos empiezan a lanzar contra Trump son una paradoja que raya en el cinismo. Acusan a Estados Unidos de imponer la Ley de la Selva mientras, dentro de sus pa\u00edses, act\u00faan como depredadores pol\u00edticos: concentran poder, eliminan contrapesos, descalifican a la oposici\u00f3n, presionan a medios de comunicaci\u00f3n y manejan las instituciones como extensiones de su voluntad. El mensaje que parecen transmitir es absurdo. \u00abLos \u00fanicos que podemos violar los derechos de nuestros gobernados, somos nosotros\u00bb.<\/p>\n\n\n\n<p class=\"wp-block-paragraph\">En M\u00e9xico, Claudia Sheinbaum enfrenta un ba\u00f1o de sangre sin precedentes producto de la expansi\u00f3n complaciente del narcogobierno que controla regiones completas del pa\u00eds, pero la narrativa gubernamental insiste en desviar la atenci\u00f3n hacia otro lado. Resulta que es m\u00e1s importante para ella preguntarle a Estados Unidos por qu\u00e9 decidi\u00f3 romper la pax narca al extraer y capturar a un l\u00edder hist\u00f3rico del narcotr\u00e1fico como lo es El Mayo Zambada. En Colombia, por ejemplo, Gustavo Petro habla de justicia social, pero su administraci\u00f3n est\u00e1 marcada por actos de corrupci\u00f3n, tanto de sus familiares como de sus aliados. En Venezuela, Nicol\u00e1s Maduro, contin\u00faa consolidando un r\u00e9gimen que aplasta cualquier disidencia mientras culpa al \u00abbloqueo imperialista\u00bb de su perenne crisis. Todos ellos apuntan a Trump como enemigo externo, pero practican el mismo manual populista hacia el interior de sus fronteras.<\/p>\n\n\n\n<p class=\"wp-block-paragraph\">En las \u00faltimas horas, M\u00e9xico, Brasil y Colombia han cedido ante la presi\u00f3n de Washington. Han aceptado la repatriaci\u00f3n masiva de sus connacionales acusados por Estados Unidos de ser criminales. Trump, el&nbsp;bully&nbsp;mayor, los est\u00e1 empujando a actuar en contra de lo que supuestamente son sus principios. Mientras en privado no les queda m\u00e1s que agachar la cabeza y someterse; en p\u00fablico, la propaganda buscar\u00e1 transformar esta derrota y las que est\u00e1n por venir en una narrativa de resistencia heroica.<\/p>\n\n\n\n<p class=\"wp-block-paragraph\">La Comunidad de Estados Latinoamericanos y Caribe\u00f1os, CELAC, integrada por 33 pa\u00edses, convoc\u00f3 a reuni\u00f3n extraordinaria para el pr\u00f3ximo jueves. Lo que deber\u00eda ser un foro para articular respuestas regionales, corre el riesgo de convertirse en un espacio en donde los mandatarios se dediquen a analizar c\u00f3mo maquillar, ante sus gobernados, estas concesiones. El objetivo real no ser\u00e1 desafiar a Trump, sino dise\u00f1ar la estrategia que permita a cada l\u00edder populista tropicalizar la narrativa al interior de sus naciones para evitar un desgaste pol\u00edtico dom\u00e9stico. Mientras tanto, el&nbsp;bully&nbsp;mayor seguir\u00e1 imponiendo las reglas.<\/p>\n\n\n\n<p class=\"wp-block-paragraph\">La reuni\u00f3n de la CELAC promete discursos encendidos en donde las palabras favoritas sean soberan\u00eda y dignidad, pero en los hechos podr\u00eda ser un s\u00edntoma y reflejo de la agotada democracia latinoamericana, cristalizada en la mediocridad de cada uno de sus gobernantes. La regi\u00f3n no parece tener una estrategia com\u00fan para enfrentar a Estados Unidos. La dependencia econ\u00f3mica que tiene Latam de Estados Unidos es profunda. M\u00e9xico, por ejemplo, no puede permitirse un enfrentamiento real con su principal socio comercial. Colombia, por su parte, sigue dependiendo del apoyo estadounidense en temas de seguridad y cooperaci\u00f3n internacional.<\/p>\n\n\n\n<p class=\"wp-block-paragraph\">La ret\u00f3rica anti-Trump que dominar\u00e1 la cumbre ser\u00e1, en el fondo, un ejercicio de propaganda. Los l\u00edderes populistas intentar\u00e1n presentar una imagen de unidad y resistencia, pero la realidad es que, en los hechos, est\u00e1n cediendo. Trump no solo los supera en poder; los desarma utilizando las mismas t\u00e1cticas autoritarias que ellos aplican en casa. Los victimarios al interior de sus pa\u00edses aprovechar\u00e1n la ocasi\u00f3n para vestirse de v\u00edctimas en el plano internacional.<\/p>\n\n\n\n<p class=\"wp-block-paragraph\">Trump no es un fen\u00f3meno aislado. Es el reflejo de un liderazgo que opera bajo la l\u00f3gica de la fuerza y la concentraci\u00f3n del poder. Los l\u00edderes populistas latinoamericanos se enfrentan a un adversario que amplifica su propio estilo de gobernar, pero en un escenario en donde las asimetr\u00edas de poder los dejan sin herramientas reales para resistir.<\/p>\n\n\n\n<p class=\"wp-block-paragraph\">Ser\u00e1 interesante ver si la CELAC hace planteamientos reales y ejecutables m\u00e1s all\u00e1 de discursos incendiarios. La narrativa de resistencia ser\u00e1 la protagonista pues para cada uno de ellos es estrat\u00e9gico cumplir con las expectativas de sus gobernados. El&nbsp;bully&nbsp;mayor los tiene contra las cuerdas y no hay evidencia que permita prever autocr\u00edtica y posterior dise\u00f1o de estrategia que los saque de este callej\u00f3n sin salida. Am\u00e9rica Latina no solo enfrenta a Trump; enfrenta su propia incapacidad de romper con el autoritarismo que tanto cr\u00edtica y practica producto de un populismo, de derecha y de izquierda, que tiene como com\u00fan denominador operar con Ley de la Selva, en donde hacia el exterior, lleg\u00f3 el momento de ser los m\u00e1s d\u00e9biles.&nbsp;<\/p>\n\n\n\n<ul class=\"wp-block-list\">\n<li>Publicado LaPol\u00edticaOnLine.com\/Mexico<\/li>\n<\/ul>\n","protected":false},"excerpt":{"rendered":"<p>Miguel \u00c1ngel Romero Ram\u00edrez SemM\u00e9xico, Cd. de M\u00e9xico, 29 de enero, 2025.- Los l\u00edderes populistas de Am\u00e9rica Latina se declaran v\u00edctimas del imperialismo estadounidense mientras replican, al interior de sus propias fronteras, las mismas pr\u00e1cticas autoritarias que critican. Donald Trump, el&nbsp;bully&nbsp;mayor, no es un fen\u00f3meno externo: es el espejo amplificado de sus propias estrategias y [&hellip;]<\/p>\n","protected":false},"author":3,"featured_media":90567,"comment_status":"open","ping_status":"open","sticky":false,"template":"","format":"standard","meta":{"_monsterinsights_skip_tracking":false,"footnotes":""},"categories":[35],"tags":[],"class_list":["post-92296","post","type-post","status-publish","format-standard","has-post-thumbnail","category-opinion"],"_links":{"self":[{"href":"https:\/\/redsemlac.com\/semmexico\/wp-json\/wp\/v2\/posts\/92296","targetHints":{"allow":["GET"]}}],"collection":[{"href":"https:\/\/redsemlac.com\/semmexico\/wp-json\/wp\/v2\/posts"}],"about":[{"href":"https:\/\/redsemlac.com\/semmexico\/wp-json\/wp\/v2\/types\/post"}],"author":[{"embeddable":true,"href":"https:\/\/redsemlac.com\/semmexico\/wp-json\/wp\/v2\/users\/3"}],"replies":[{"embeddable":true,"href":"https:\/\/redsemlac.com\/semmexico\/wp-json\/wp\/v2\/comments?post=92296"}],"version-history":[{"count":0,"href":"https:\/\/redsemlac.com\/semmexico\/wp-json\/wp\/v2\/posts\/92296\/revisions"}],"wp:featuredmedia":[{"embeddable":true,"href":"https:\/\/redsemlac.com\/semmexico\/wp-json\/wp\/v2\/media\/90567"}],"wp:attachment":[{"href":"https:\/\/redsemlac.com\/semmexico\/wp-json\/wp\/v2\/media?parent=92296"}],"wp:term":[{"taxonomy":"category","embeddable":true,"href":"https:\/\/redsemlac.com\/semmexico\/wp-json\/wp\/v2\/categories?post=92296"},{"taxonomy":"post_tag","embeddable":true,"href":"https:\/\/redsemlac.com\/semmexico\/wp-json\/wp\/v2\/tags?post=92296"}],"curies":[{"name":"wp","href":"https:\/\/api.w.org\/{rel}","templated":true}]}}