{"id":9229,"date":"2019-06-26T22:35:01","date_gmt":"2019-06-26T22:35:01","guid":{"rendered":"https:\/\/redsemlac.com\/semmexico\/?p=9229"},"modified":"2023-07-21T14:49:38","modified_gmt":"2023-07-21T19:49:38","slug":"negada-segunda-alerta-de-genero-en-zacatecas","status":"publish","type":"post","link":"https:\/\/redsemlac.com\/semmexico\/negada-segunda-alerta-de-genero-en-zacatecas\/","title":{"rendered":"Negada, segunda alerta de g\u00e9nero en Zacatecas"},"content":{"rendered":"\n<ul class=\"wp-block-list\"><li><strong><em>Conavim neg\u00f3 una segunda AVGM con el argumento de que existe una primera sobre la cual trabajan las instituciones estatales.<\/em><\/strong><\/li><\/ul>\n\n\n\n<ul class=\"wp-block-list\"><li><strong><em>No hay atenci\u00f3n y seguimiento a la primera alerta, denuncian <\/em><\/strong><\/li><\/ul>\n\n\n\n<p class=\"wp-block-paragraph\"><strong>Franzely Reyna<\/strong><\/p>\n\n\n\n<p class=\"wp-block-paragraph\">SemM\u00e9xico\/NTR Noticias. Zacatecas. 26 de junio 2019.-\nEugenia Flores Hern\u00e1ndez, representante de Zacatecas dentro del Consejo Social\ndel Instituto Nacional de las Mujeres (Inmujeres), inform\u00f3 que la petici\u00f3n para\nque se aplique una segunda Alerta de Violencia de G\u00e9nero contra las Mujeres (AVGM)\nen el estado fue negada.<\/p>\n\n\n\n<p class=\"wp-block-paragraph\">Detall\u00f3 que la Comisi\u00f3n Nacional para Prevenir y Erradicar\nla Violencia Contra las Mujeres (Conavim), neg\u00f3 una segunda AVGM con el\nargumento de que existe una primera sobre la cual trabajan las instituciones\nestatales.<\/p>\n\n\n\n<p class=\"wp-block-paragraph\">Sin embargo, la activista enfatiz\u00f3 que a la fecha las\norganizaciones civiles que dan seguimiento a las acciones de las dependencias\nno observan cambios significativos para la disminuci\u00f3n de la violencia\nfeminicida en Zacatecas, por lo que se encuentran en el proceso de interponer\nun amparo.<\/p>\n\n\n\n<p class=\"wp-block-paragraph\">Flores Hern\u00e1ndez lament\u00f3 que se tengan que llegar a esos\nt\u00e9rminos jur\u00eddicos porque el estado no ha realizado su deber, \u201ccualquier mujer\nse da cuenta que no hay cambios por parte de los tres \u00f3rdenes de gobierno, ni\nse ha se\u00f1alado&nbsp; a los causantes de\nfeminicidio ni se les ha sentenciado\u201d.<\/p>\n\n\n\n<p class=\"wp-block-paragraph\">\u201cEntonces, cuando no hay acciones reales de prevenci\u00f3n,\natenci\u00f3n, sanci\u00f3n y erradicaci\u00f3n de la violencia de g\u00e9nero, tenemos que\navanzar. Esta segunda AVGM fue presentada porque no hay atenci\u00f3n a la primera\u201d.<\/p>\n\n\n\n<p class=\"wp-block-paragraph\">Adem\u00e1s, mencion\u00f3 que la segunda alerta, que est\u00e1 en procesos\njur\u00eddicos, est\u00e1 enfocada a fijar la atenci\u00f3n a que la violencia feminicida en\nZacatecas, \u201cya no es s\u00f3lo esa violencia en el \u00e1mbito dom\u00e9stico, sino que es una\nviolencia ligada al crimen organizado. Tenemos una realidad cada vez m\u00e1s cruda,\npor lo que tenemos que adecuarnos con una AVG que responda a lo que pasa con\nesa violencia feminicida ligada al crimen organizado\u201d.<\/p>\n\n\n\n<p class=\"wp-block-paragraph\">SEM\/NTR Noticias.com<\/p>\n","protected":false},"excerpt":{"rendered":"<p>No hay atenci\u00f3n y seguimiento a la primera alerta, denuncian <\/p>\n","protected":false},"author":3,"featured_media":9230,"comment_status":"open","ping_status":"open","sticky":false,"template":"","format":"standard","meta":{"_monsterinsights_skip_tracking":false,"footnotes":""},"categories":[690,56],"tags":[],"class_list":["post-9229","post","type-post","status-publish","format-standard","has-post-thumbnail","category-690","category-redes"],"_links":{"self":[{"href":"https:\/\/redsemlac.com\/semmexico\/wp-json\/wp\/v2\/posts\/9229","targetHints":{"allow":["GET"]}}],"collection":[{"href":"https:\/\/redsemlac.com\/semmexico\/wp-json\/wp\/v2\/posts"}],"about":[{"href":"https:\/\/redsemlac.com\/semmexico\/wp-json\/wp\/v2\/types\/post"}],"author":[{"embeddable":true,"href":"https:\/\/redsemlac.com\/semmexico\/wp-json\/wp\/v2\/users\/3"}],"replies":[{"embeddable":true,"href":"https:\/\/redsemlac.com\/semmexico\/wp-json\/wp\/v2\/comments?post=9229"}],"version-history":[{"count":0,"href":"https:\/\/redsemlac.com\/semmexico\/wp-json\/wp\/v2\/posts\/9229\/revisions"}],"wp:featuredmedia":[{"embeddable":true,"href":"https:\/\/redsemlac.com\/semmexico\/wp-json\/wp\/v2\/media\/9230"}],"wp:attachment":[{"href":"https:\/\/redsemlac.com\/semmexico\/wp-json\/wp\/v2\/media?parent=9229"}],"wp:term":[{"taxonomy":"category","embeddable":true,"href":"https:\/\/redsemlac.com\/semmexico\/wp-json\/wp\/v2\/categories?post=9229"},{"taxonomy":"post_tag","embeddable":true,"href":"https:\/\/redsemlac.com\/semmexico\/wp-json\/wp\/v2\/tags?post=9229"}],"curies":[{"name":"wp","href":"https:\/\/api.w.org\/{rel}","templated":true}]}}