{"id":9221,"date":"2019-06-26T21:42:37","date_gmt":"2019-06-26T21:42:37","guid":{"rendered":"https:\/\/redsemlac.com\/semmexico\/?p=9221"},"modified":"2023-07-21T14:49:39","modified_gmt":"2023-07-21T19:49:39","slug":"en-mexico-no-se-ha-visibilizado-el-desplazamiento-interno-de-mujeres-inmujeres-tijuana","status":"publish","type":"post","link":"https:\/\/redsemlac.com\/semmexico\/en-mexico-no-se-ha-visibilizado-el-desplazamiento-interno-de-mujeres-inmujeres-tijuana\/","title":{"rendered":"En M\u00e9xico, no se ha visibilizado el desplazamiento interno de mujeres: INMUJERES Tijuana"},"content":{"rendered":"\n<p class=\"wp-block-paragraph\"><strong><em> En M\u00e9xico, tan solo entre 2011 y 2018, m\u00e1s de 300,000 hogares, conformados por m\u00e1s de un mill\u00f3n de personas, cambiaron de vivienda o lugar de residencia a consecuencia de la inseguridad.<\/em><\/strong><\/p>\n\n\n\n<p class=\"wp-block-paragraph\"><strong>Elda Montiel<\/strong><\/p>\n\n\n\n<p class=\"wp-block-paragraph\">SemM\u00e9xico. Tijuana. 26 de junio de 2019.- Las personas desplazadas no solo son personas migrantes, son hombres, mujeres, ni\u00f1as, ni\u00f1os y adolescentes que tienen que abandonar su tierra y trasladarse a otros lugares para preservar su vida, su integridad personal y la de su familia.<\/p>\n\n\n\n<p class=\"wp-block-paragraph\">En M\u00e9xico, tan solo entre 2011 y 2018, m\u00e1s de 300,000 hogares, conformados por m\u00e1s de un mill\u00f3n de personas, cambiaron de vivienda o lugar de residencia a consecuencia de la inseguridad (excepto en el a\u00f1o 2016 cuando la cifra fue menor). En la ENVIPE 2018, representaban 0.91% de hogares.<\/p>\n\n\n\n<p class=\"wp-block-paragraph\">Situaci\u00f3n por la que en 2013 la Comisi\u00f3n Interamericana de los Derechos Humanos inst\u00f3 al gobierno mexicano a crear pol\u00edticas espec\u00edficas para cuantificar y atender a la poblaci\u00f3n que ha huido de sus hogares y localidades por la violencia derivada del narcotr\u00e1fico.<\/p>\n\n\n\n<p class=\"wp-block-paragraph\">En opini\u00f3n de Gabriela Navarro Peraza, directora de INMUJERES Tijuana, no se ha visibilizado el desplazamiento interno de mujeres, ya que en los pocos estudios que existen sobre desplazamiento forzado, no se hace expl\u00edcita la especificidad de g\u00e9nero y la vulnerabilidad particular de las mujeres.<\/p>\n\n\n\n<p class=\"wp-block-paragraph\">Aun cuando la experiencia internacional y nacional reporta que cada vez m\u00e1s las personas desplazadas son mujeres.<\/p>\n\n\n\n<p class=\"wp-block-paragraph\">Navarro Peraza destaca que, en 2016, Casa Madre Asunta, organizaci\u00f3n de la Sociedad Civil que atiende mujeres migrantes y desplazadas en Tijuana, Baja California recibi\u00f3 aproximadamente 7,000 mujeres desplazadas por la violencia que se vive en M\u00e9xico, especialmente en Guerrero y Michoac\u00e1n, para solicitar asilo en Estados Unidos, aunque saben que son pocas las probabilidades de ser aceptadas.&nbsp;&nbsp;<\/p>\n\n\n\n<p class=\"wp-block-paragraph\">Indic\u00f3 que se tiene referencia por parte de las mismas albergadas en Madre Asunta, as\u00ed como de sus directivas Mary Galv\u00e1n y Esmeralda Siu (quienes les apoyan con los tr\u00e1mites) que solo 1% de las mujeres que llega consigue que les den asilo en Estados Unidos.<\/p>\n\n\n\n<p class=\"wp-block-paragraph\">Las dem\u00e1s se quedan en esta frontera, sin que tengan redes de apoyo, ni existan pol\u00edticas p\u00fablicas para estas.<\/p>\n\n\n\n<p class=\"wp-block-paragraph\">Es necesario considerar que el desplazamiento forzado, posiciona a las mujeres en una circunstancia de pobreza y vulnerabilidad extrema, donde es necesaria la inversi\u00f3n de recursos para mitigar estas condiciones.<\/p>\n\n\n\n<p class=\"wp-block-paragraph\">As\u00ed como definir, dise\u00f1ar e instrumentar pol\u00edticas p\u00fablicas en nuestro pa\u00eds, de respeto a sus derechos humanos, la protecci\u00f3n de su vida, seguridad, integridad, salud, libre circulaci\u00f3n, uni\u00f3n familiar durante el desplazamiento hasta llegar al lugar de acogida.<\/p>\n\n\n\n<p class=\"wp-block-paragraph\">Consider\u00f3 que se requieren pol\u00edticas publicas integrales con perspectiva de g\u00e9nero para los estados expulsores como para los receptores, y tomar medidas en los tres niveles de gobierno para la prevenci\u00f3n, atenci\u00f3n y protecci\u00f3n durante el desplazamiento forzado interno, y con estad\u00edsticas cuantitativas y cualitativas.&nbsp;&nbsp;&nbsp;<\/p>\n\n\n\n<p class=\"wp-block-paragraph\">Por su parte, Carlos Javier Echarri C\u00e1novas, Secretario General del Consejo Nacional de Poblaci\u00f3n, explic\u00f3 que, en M\u00e9xico, las fuentes de informaci\u00f3n que recaban datos sobre migraci\u00f3n o los movimientos territoriales no logran identificar con toda exactitud a las personas desplazadas (PD), aunque s\u00ed constituyen el mejor acercamiento a una medici\u00f3n indirecta.<\/p>\n\n\n\n<p class=\"wp-block-paragraph\">La Encuesta Nacional de Victimizaci\u00f3n y Percepci\u00f3n sobre Seguridad P\u00fablica (ENVIPE),<\/p>\n\n\n\n<p class=\"wp-block-paragraph\">que aplica el INEGI, indaga las medidas tomadas en los hogares para protegerse de la delincuencia durante el a\u00f1o anterior, sobresaliendo el cambio de vivienda o lugar de residencia entre las respuestas.<\/p>\n\n\n\n<p class=\"wp-block-paragraph\">En la edici\u00f3n de junio del suplemento TODAS del INMUJERES, el titular del CONAPO, se\u00f1ala que la ENVIPE no se restringe a documentar los movimientos en t\u00e9rminos pol\u00edticos-administrativos, pues recolecta cualquier cambio de vivienda o lugar de residencia.<\/p>\n\n\n\n<p class=\"wp-block-paragraph\">Del mismo modo, permite diferenciar el sexo de las personas que se movieron. En 2018 fueron m\u00e1s mujeres que hombres que se movieron (52% vs 48%), e igual sucedi\u00f3 entre las que no se movieron (51% vs 49%).<\/p>\n\n\n\n<p class=\"wp-block-paragraph\">Por grupos de edad, en el periodo 2011-2018 la poblaci\u00f3n que se movi\u00f3 es m\u00e1s joven que el resto, predominan los grupos de 0 a 11 a\u00f1os y de 12 a 29 a\u00f1os. Mientras las personas que no se movieron son los grupos de personas mayores de 60 a\u00f1os y m\u00e1s.<\/p>\n\n\n\n<p class=\"wp-block-paragraph\">Concluye que la tarea es continuar estudiando a las poblaciones desplazadas o \u201cque se mueven\u201d, pues su conocimiento facilita el dise\u00f1o e pol\u00edticas p\u00fablicas de prevenci\u00f3n, atenci\u00f3n, retorno o reinserci\u00f3n.<\/p>\n","protected":false},"excerpt":{"rendered":"<p> En M\u00e9xico, tan solo entre 2011 y 2018, m\u00e1s de 300,000 hogares, conformados por m\u00e1s de un mill\u00f3n de personas, cambiaron de vivienda o lugar de residencia a consecuencia de la inseguridad.<\/p>\n","protected":false},"author":3,"featured_media":9222,"comment_status":"open","ping_status":"open","sticky":false,"template":"","format":"standard","meta":{"_monsterinsights_skip_tracking":false,"footnotes":""},"categories":[690,119],"tags":[],"class_list":["post-9221","post","type-post","status-publish","format-standard","has-post-thumbnail","category-690","category-mujeres-migrantes"],"_links":{"self":[{"href":"https:\/\/redsemlac.com\/semmexico\/wp-json\/wp\/v2\/posts\/9221","targetHints":{"allow":["GET"]}}],"collection":[{"href":"https:\/\/redsemlac.com\/semmexico\/wp-json\/wp\/v2\/posts"}],"about":[{"href":"https:\/\/redsemlac.com\/semmexico\/wp-json\/wp\/v2\/types\/post"}],"author":[{"embeddable":true,"href":"https:\/\/redsemlac.com\/semmexico\/wp-json\/wp\/v2\/users\/3"}],"replies":[{"embeddable":true,"href":"https:\/\/redsemlac.com\/semmexico\/wp-json\/wp\/v2\/comments?post=9221"}],"version-history":[{"count":0,"href":"https:\/\/redsemlac.com\/semmexico\/wp-json\/wp\/v2\/posts\/9221\/revisions"}],"wp:featuredmedia":[{"embeddable":true,"href":"https:\/\/redsemlac.com\/semmexico\/wp-json\/wp\/v2\/media\/9222"}],"wp:attachment":[{"href":"https:\/\/redsemlac.com\/semmexico\/wp-json\/wp\/v2\/media?parent=9221"}],"wp:term":[{"taxonomy":"category","embeddable":true,"href":"https:\/\/redsemlac.com\/semmexico\/wp-json\/wp\/v2\/categories?post=9221"},{"taxonomy":"post_tag","embeddable":true,"href":"https:\/\/redsemlac.com\/semmexico\/wp-json\/wp\/v2\/tags?post=9221"}],"curies":[{"name":"wp","href":"https:\/\/api.w.org\/{rel}","templated":true}]}}