{"id":92206,"date":"2025-01-27T19:33:53","date_gmt":"2025-01-28T01:33:53","guid":{"rendered":"https:\/\/redsemlac.com\/semmexico\/?p=92206"},"modified":"2025-01-27T19:33:54","modified_gmt":"2025-01-28T01:33:54","slug":"opinion-en-el-tiempo-de-mujeres-desmantelan-al-celig","status":"publish","type":"post","link":"https:\/\/redsemlac.com\/semmexico\/opinion-en-el-tiempo-de-mujeres-desmantelan-al-celig\/","title":{"rendered":"Opini\u00f3n| En el \u201ctiempo de mujeres\u201d, desmantelan al CELIG"},"content":{"rendered":"\n<p class=\"wp-block-paragraph\">A quienes construyeron e hicieron vivo al CEAMEG y al CELIG<\/p>\n\n\n\n<p class=\"wp-block-paragraph\"><a href=\"https:\/\/oem.com.mx\/elsoldetlaxcala\/analisis\/autor\/aurora-aguilar-rodriguez-2775\" target=\"_blank\" rel=\"noreferrer noopener\"><\/a><\/p>\n\n\n\n<p class=\"wp-block-paragraph\">Aurora Aguilar Rodr\u00edguez*<\/p>\n\n\n\n<p class=\"wp-block-paragraph\">SemM\u00e9xico\/El Sol de Tlaxcala, Tlaxcala, 27 de enero, 2025.- A\u00f1o de 2006, as\u00ed como&nbsp;empiezan los corridos mexicanos, en este a\u00f1o naci\u00f3 el Centro de Estudios para el Adelanto&nbsp;de las Mujeres y la Equidad de G\u00e9nero (CEAMEG), de la C\u00e1mara de Diputados, una&nbsp;instituci\u00f3n pionera en su tipo, logro del esfuerzo tit\u00e1nico de mujeres diputadas en la LIX&nbsp;Legislatura, una conquista pol\u00edtica y social alcanzada por el movimiento amplio de mujeres&nbsp;y las legisladoras mexicanas de todos los partidos. Se constituy\u00f3 como el primero en su&nbsp;tipo, para apoyar el trabajo legislativo de las y los diputados, siendo un referente en su&nbsp;tema.<\/p>\n\n\n\n<p class=\"wp-block-paragraph\">Por \u00e9l pasaron muchas y muchos que despu\u00e9s fueron y son diputadas, senadoras,&nbsp;directoras de instituciones nacionales e internacionales, etc.<\/p>\n\n\n\n<p class=\"wp-block-paragraph\">El CEAMEG cambi\u00f3 su nombre a Centro de Estudios para el Logro de la Igualdad de&nbsp;G\u00e9nero (CELIG), en 2017 para adecuarse a los avances logrados por la lucha de las&nbsp;colectivas y legisladoras, pero hoy, justamente en el \u201ctiempo de mujeres\u201d, despu\u00e9s de dos&nbsp;legislaturas paritarias e incluyentes, el CELIG, en los hechos, da sus \u00faltimos respiros.<\/p>\n\n\n\n<p class=\"wp-block-paragraph\">Su trabajo pionero de investigaci\u00f3n con perspectiva de g\u00e9nero, seguimiento y an\u00e1lisis al&nbsp;Anexo 13, ese creado para garantizar presupuestos que atendieran las problem\u00e1ticas de&nbsp;las ni\u00f1as y mujeres, el seguimiento a las cifras de violencia contra las mujeres, sus aportes&nbsp;a visibilizar los tipos de violencias, visibilizaci\u00f3n de embarazo infantil y adolescente; el&nbsp;seguimiento de la participaci\u00f3n de mujeres en la vida p\u00fablica; y, su audacia para lograr&nbsp;que todas las legisladoras que durante 22 legislaturas formaron parte del Congreso fueran&nbsp;reconocidas, son solo algunos de los trabajos que vamos a extra\u00f1ar.<\/p>\n\n\n\n<p class=\"wp-block-paragraph\">Lo que tard\u00f3 lustros en consolidarse bastaron unos cuantos a\u00f1os para desmantelarlo. Se\u00a0acot\u00f3 su trabajo, y se elimin\u00f3 ejercicio de presupuesto, se descalificaron sus ideas, ideales, visi\u00f3n, misi\u00f3n, se quitaron plazas, se despidi\u00f3 a sus mandos en septiembre y\u00a0finalmente este 22 de enero, un secretario t\u00e9cnico al que han dado el indignante papel de\u00a0verdugo, les inform\u00f3 al resto de las colaboradoras, que desde el 16 de enero hab\u00edan sido\u00a0despedidas \u201cpor \u00f3rdenes de muy arriba\u201d.<\/p>\n\n\n\n<p class=\"wp-block-paragraph\">En su mayor\u00eda quienes hoy fueron despedidas son mujeres, mujeres capacitadas,&nbsp;comprometidas con su patria y familia, mujeres que creyeron que el cristalazo de techo&nbsp;roto con la llegada de una mujer a la presidencia abrir\u00eda puertas para \u201cllegar todas\u201d.<\/p>\n\n\n\n<p class=\"wp-block-paragraph\">\u00bfCu\u00e1l es el objetivo de este escrito? por supuesto no es defender a mi persona, como&nbsp;Directora General del CELIG los \u00faltimos 6 a\u00f1os, puse cabeza, alma y coraz\u00f3n pero no&nbsp;pude detener el proceso de erosi\u00f3n primero con quita de presupuesto, de plazas, de&nbsp;espacios de trabajo y al final con el despido de mis compa\u00f1eras de causa. &nbsp;<\/p>\n\n\n\n<p class=\"wp-block-paragraph\">En 30 a\u00f1os dedicada al servicio p\u00fablico comprendo los relevos. Yo sal\u00ed desde septiembre&nbsp;y no lo hab\u00eda hecho p\u00fablico pero hoy claro que levanto la voz por la instituci\u00f3n, por el&nbsp;esfuerzo y empe\u00f1o que tantas antes de nosotras dedicaron para construir una instituci\u00f3n&nbsp;insignia del pa\u00eds, por el dolor y la tristeza que nos causa y nos debe causar ver al CELIG,&nbsp;orgullo de muchas mujeres, invisibilizado, destrozado, cuando deber\u00eda al contrario ser&nbsp;fortalecido como \u00f3rgano t\u00e9cnico para la buena legislaci\u00f3n en defensa de los derechos&nbsp;humanos de mujeres de todas las edades.<\/p>\n\n\n\n<p class=\"wp-block-paragraph\">\u00bfD\u00f3nde est\u00e1n las legisladoras? Una o dos han luchado y levantado la voz, me consta, han&nbsp;sido sororarias con quienes al final son -insisto- compa\u00f1eras de causa. Las dem\u00e1s creen&nbsp;que el camino a la paridad, el goce de derechos, la tipificaci\u00f3n de la violencia, entre otras&nbsp;garant\u00edas ciudadanas se dio solito, sin sacrificios previos, sin luchas de activistas tomadas&nbsp;de la mano con bancadas de mujeres de todos los partidos. No saben o no quieren saber&nbsp;que el patriarcado vuelve con fuerza, que ma\u00f1ana quienes piensan que las mujeres deben&nbsp;estar \u201ccargadas y tras la puerta\u201d, o \u201ccalladitas para verse m\u00e1s bonitas\u201d, que deben pedir&nbsp;permiso a los hombres de su vida o que su val\u00eda estriba en su comportamiento sexual, ir\u00e1n&nbsp;por ellas. Ejemplos claritos en el nuevo presidente del vecino del norte o en el del profundo&nbsp;sur de Latinoam\u00e9rica. Tambi\u00e9n en algunos que hoy tienen poder y la verdad que las&nbsp;mujeres pensantes les caemos muy muy mal.<\/p>\n\n\n\n<p class=\"wp-block-paragraph\">Especialmente levanto la voz por mis compa\u00f1eras. No es f\u00e1cil ser sororaria frente al poder.&nbsp;Lamento mucho que \u201cel tiempo de mujeres\u201d, \u201cel siglo de las mujeres\u201d y el \u201ctodas llegamos\u201d&nbsp;no es, no fue para el CELIG ni para quienes le integraron. Ellas ya hab\u00edan llegado, ya&nbsp;hab\u00edan salido del piso pegajoso; hoy hay que volverse a formar.<\/p>\n\n\n\n<p class=\"wp-block-paragraph\">*Colaboradora de la OEM desde 2017. Es su palabra contra las versiones oficialistas<\/p>\n","protected":false},"excerpt":{"rendered":"<p>A quienes construyeron e hicieron vivo al CEAMEG y al CELIG Aurora Aguilar Rodr\u00edguez* SemM\u00e9xico\/El Sol de Tlaxcala, Tlaxcala, 27 de enero, 2025.- A\u00f1o de 2006, as\u00ed como&nbsp;empiezan los corridos mexicanos, en este a\u00f1o naci\u00f3 el Centro de Estudios para el Adelanto&nbsp;de las Mujeres y la Equidad de G\u00e9nero (CEAMEG), de la C\u00e1mara de Diputados, [&hellip;]<\/p>\n","protected":false},"author":3,"featured_media":92207,"comment_status":"open","ping_status":"open","sticky":false,"template":"","format":"standard","meta":{"_monsterinsights_skip_tracking":false,"footnotes":""},"categories":[82,110,35],"tags":[],"class_list":["post-92206","post","type-post","status-publish","format-standard","has-post-thumbnail","category-la-opinion","category-la-opinion-columnas","category-opinion"],"_links":{"self":[{"href":"https:\/\/redsemlac.com\/semmexico\/wp-json\/wp\/v2\/posts\/92206","targetHints":{"allow":["GET"]}}],"collection":[{"href":"https:\/\/redsemlac.com\/semmexico\/wp-json\/wp\/v2\/posts"}],"about":[{"href":"https:\/\/redsemlac.com\/semmexico\/wp-json\/wp\/v2\/types\/post"}],"author":[{"embeddable":true,"href":"https:\/\/redsemlac.com\/semmexico\/wp-json\/wp\/v2\/users\/3"}],"replies":[{"embeddable":true,"href":"https:\/\/redsemlac.com\/semmexico\/wp-json\/wp\/v2\/comments?post=92206"}],"version-history":[{"count":0,"href":"https:\/\/redsemlac.com\/semmexico\/wp-json\/wp\/v2\/posts\/92206\/revisions"}],"wp:featuredmedia":[{"embeddable":true,"href":"https:\/\/redsemlac.com\/semmexico\/wp-json\/wp\/v2\/media\/92207"}],"wp:attachment":[{"href":"https:\/\/redsemlac.com\/semmexico\/wp-json\/wp\/v2\/media?parent=92206"}],"wp:term":[{"taxonomy":"category","embeddable":true,"href":"https:\/\/redsemlac.com\/semmexico\/wp-json\/wp\/v2\/categories?post=92206"},{"taxonomy":"post_tag","embeddable":true,"href":"https:\/\/redsemlac.com\/semmexico\/wp-json\/wp\/v2\/tags?post=92206"}],"curies":[{"name":"wp","href":"https:\/\/api.w.org\/{rel}","templated":true}]}}