{"id":9218,"date":"2019-06-26T21:23:02","date_gmt":"2019-06-26T21:23:02","guid":{"rendered":"https:\/\/redsemlac.com\/semmexico\/?p=9218"},"modified":"2023-07-21T14:49:39","modified_gmt":"2023-07-21T19:49:39","slug":"rafaga-13","status":"publish","type":"post","link":"https:\/\/redsemlac.com\/semmexico\/rafaga-13\/","title":{"rendered":"R\u00e1faga"},"content":{"rendered":"\n<h2 class=\"wp-block-heading\"> <strong>El Pueblo \u201cNo Sabio\u201d Muestra su Preocupaci\u00f3n\u00a0por las Acciones de AMLO<\/strong> <\/h2>\n\n\n\n<p class=\"wp-block-paragraph\"><strong>Jorge Herrera Valenzuela<\/strong><\/p>\n\n\n\n<p class=\"wp-block-paragraph\">SemM\u00e9xico. Cd. de M\u00e9xico. 26 de junio de 2019.- Ya son muchas las voces del pueblo que se escuchan, en diferentes partes del pa\u00eds, no en son de protesta sino para manifestar el sentir popular en torno a las acciones, declaraciones y amenazas que lanza el presidente L\u00f3pez Obrador, responsabilizando a las anteriores administraciones sexenales, en especial a lade Pe\u00f1a Nieto, de la violencia y&nbsp;de la inseguridad&nbsp;crecientes,&nbsp;as\u00ed como&nbsp;del desbasto de medicinas en hospitales p\u00fablicos y&nbsp;hay quien lo acusa&nbsp;de no cumplir con su promesa de campa\u00f1a de bajar el precio de las gasolinas.<\/p>\n\n\n\n<p class=\"wp-block-paragraph\">Muy censurable que el Presidente de M\u00e9xico haya entregado la nada despreciable suma de 30 millones de d\u00f3lares para \u201calivianar\u201d a los salvadore\u00f1os. Un acto de esa naturaleza, sea pr\u00e9stamo u obsequio, debe tener la aprobaci\u00f3n de la C\u00e1mara de Diputados. Ese dinero es parte del erario nacional. Obviamente&nbsp;los comentarios y los memes fluyeron en redes sociales, en el sentido deque&nbsp;esos&nbsp;600 millones de pesos debieron aplicarse en favor de las&nbsp;familias mexicanasque viven&nbsp;en pobreza extrema. El gobierno de \u201cla austeridad republicana\u201d reparte dinero en el extranjero.<\/p>\n\n\n\n<p class=\"wp-block-paragraph\">Severo el comentario que escribi\u00f3 Armando Fuentes Aguirre, \u201cCat\u00f3n\u201d,&nbsp;en relaci\u00f3n a ese donativo presidencial:&nbsp;<strong>\u201cEl hambre ayudando<\/strong><strong>&nbsp;a la necesidad<\/strong><strong>, h\u00e1ganme el refabr\u00f3n cavor\u201d<\/strong>. Agreg\u00f3 el porqu\u00e9 de su enojo: \u201cCuando incontables mexicanos no saben si tendr\u00e1n algo para llevarse a la boca el d\u00eda de ma\u00f1ana; cuando en los hospitales p\u00fablicos no hay medicamentos suficientes y los enfermos&nbsp;yacen en el suelo por falta de camas; cuando decenas de miles de bur\u00f3cratas fueron echados a la calle en nombre de la austeridad republicana; cuando la ciencia y la cultura, lo mismo que los Estados y los Municipios sufren recortes en su presupuesto\u2026..nos ponemos enviar dinero a otros pa\u00edses\u201d.&nbsp;<\/p>\n\n\n\n<p class=\"wp-block-paragraph\"><strong>\u201cHASTA D\u00d3NDE VAM<\/strong><strong>OS A LLEGAR\u201d<\/strong><\/p>\n\n\n\n<p class=\"wp-block-paragraph\">Uno de los&nbsp;permanentes&nbsp;(lectores) de esteportal, me env\u00edo su comentario, breve pero contundente y lo transcribo: \u201cLo poco que hab\u00edamos avanzando, se est\u00e1 yendo por la borda.<strong>&nbsp;No s\u00e9 hasta d\u00f3nde vamos a llegar, para actuar<\/strong>. No podemos permitir lo que est\u00e1 sucediendo. La verdad, estoy muy preocupado con todo lo que hace este se\u00f1or presidente\u201d.<strong>&nbsp;<\/strong>Tiene raz\u00f3n don Gustavo Pineda, porque las contradicciones en que incurre L\u00f3pez Obrador, sin dar soluci\u00f3n a un solo problema, nos conduce al aborde del abismo.<strong><\/strong><\/p>\n\n\n\n<p class=\"wp-block-paragraph\">Por su parte Teresa Castellanos&nbsp;Ruiz, de la&nbsp;<strong>Asamblea Permanente de los Pueblos de Morelos<\/strong>&nbsp;ha dicho que \u201cAndr\u00e9s Manuel L\u00f3pez Obrador no est\u00e1 cumpliendo con su palabra. Est\u00e1 traicionando a la gente vot\u00f3 por \u00e9l y traicionando al pa\u00eds.&nbsp;No est\u00e1 con el pueblo\u201c. Teresa es una &nbsp;de&nbsp;las activistas de Huexca, donde la poblaci\u00f3n se opone a que pongan a funcionar una termoel\u00e9ctrica e indic\u00f3 que hay guardia las 24 horas del d\u00eda, a fin de impedir que la planta funcione. Ah\u00ed hubo consulta popular, pero para AMLO ese \u201cno es pueblo sabio\u201d.<\/p>\n\n\n\n<p class=\"wp-block-paragraph\">Resulta incomprensible, de parte del pueblo no sabio,&nbsp;que AMLO mantenga su capricho de anular las obras del Nuevo Aeropuerto Internacional de M\u00e9xico, sin presentar dict\u00e1menes t\u00e9cnicos y sin revelar los nombres de todos los corruptos, funcionarios, empresarios y t\u00e9cnicos, sin presentar la denuncia correspondiente contra personas, empresas y funcionarios que incurrieron en actos de corrupci\u00f3n. Tampoco lo ha hecho contra quienes tramitaron&nbsp;amparos judiciales para frenar las obras en el Base A\u00e9rea Militar de Santa Luc\u00eda.&nbsp;Palabras, palabras y m\u00e1s palabras.&nbsp;<\/p>\n\n\n\n<p class=\"wp-block-paragraph\">El analista period\u00edstico y comentaristatelevisivo Ren\u00e9 Delgado en su comentario sabatino, en el diario Reforma, public\u00f3 que \u201centre que el pa\u00eds avanza, corre y se tropieza, el presente resulta&nbsp;insoportable, sella el imperio de la incertidumbre. Los nuevos horizontes no acaban de configurarse y los viejos se desmoronan. La nueva administraci\u00f3n no acredita el dominio del quehacer cotidiano y, por lo mismo, no delinea el car\u00e1cter y el talante de lo que podr\u00eda ser el gobierno, al tiempo que factores externos lo asedian y lo tambalean\u201d.<\/p>\n\n\n\n<p class=\"wp-block-paragraph\">En la entrega de los Arieles, el lunes pasado,en la Ciudad de M\u00e9xico, el veterano cineasta Arturo Ripstein dijo en relaci\u00f3n a los recortes presupuestales y que afectan al cine mexicano: \u201cEl cine no es un lujo que se puede desechar o un bien prescindible al que se le tomar\u00e1 en cuenta cuando vengan tiempos mejores\u201d y a\u00f1adi\u00f3: \u201c<strong>No hay crecimiento sin cultura<\/strong>,&nbsp;<strong>no hay democracia sin cultura<\/strong>. La cultura, en su sentido m\u00e1s estricto y riguroso, es la \u00fanica opci\u00f3n que tenemos para enfrentar a la barbarie\u201d<\/p>\n\n\n\n<p class=\"wp-block-paragraph\">As\u00ed pues, el tabasque\u00f1o debe darse cuenta de que su capital pol\u00edtico, in\u00fatilmente pierde buen porcentaje, aunque \u00e9l y los del c\u00edrculo no lo reconozcan. Puede pasarle lo mismo que le sucedi\u00f3 a Vicente Fox, triunfador indiscutible la noche del 1 de julio del 2000. Al a\u00f1o siguiente, sus votantes estaban decepcionados.&nbsp;<\/p>\n\n\n\n<p class=\"wp-block-paragraph\">La fiesta popular que est\u00e1 preparando L\u00f3pez Obrador para festejar el primer aniversario de su victoria&nbsp;electoral, s\u00ed tendr\u00e1 llena la Plaza de la Constituci\u00f3n, porque se aplican las viejas t\u00e1cticas del acarreo&nbsp;de supuesto simpatizantes o beneficiarios de los programas sociales&nbsp;y la jefa de Gobierno de la Ciudad de M\u00e9xico est\u00e1 comprometida a demostrar que \u201c\u00a1No est\u00e1 Sola!&#8230;. \u00a1No est\u00e1 Sola!&#8230;. \u00a1No est\u00e1 Sola!\u201d.<\/p>\n\n\n\n<p class=\"wp-block-paragraph\"><strong>PREGUNTA PARA MEDITAR:<\/strong><\/p>\n\n\n\n<p class=\"wp-block-paragraph\">\u00bfRealmente lo del sargazo en las playas quintanarroenses, hasta 80 toneladas al d\u00eda, no son un grav\u00edsimo problema en el aspecto tur\u00edstico internacional?<\/p>\n\n\n\n<p class=\"wp-block-paragraph\"><strong><a href=\"mailto:jherrerav@live.com.mx\" target=\"_blank\" rel=\"noreferrer noopener\">jherrerav@live.com.mx<\/a><\/strong>&nbsp;&nbsp;<\/p>\n\n\n\n<p class=\"wp-block-paragraph\"><\/p>\n","protected":false},"excerpt":{"rendered":"<p>El Pueblo \u201cNo Sabio\u201d Muestra su Preocupaci\u00f3n\u00a0por las Acciones de AMLO Jorge Herrera Valenzuela SemM\u00e9xico. Cd. de M\u00e9xico. 26 de junio de 2019.- Ya son muchas las voces del pueblo que se escuchan, en diferentes partes del pa\u00eds, no en son de protesta sino para manifestar el sentir popular en torno a las acciones, declaraciones [&hellip;]<\/p>\n","protected":false},"author":3,"featured_media":9219,"comment_status":"open","ping_status":"open","sticky":false,"template":"","format":"standard","meta":{"_monsterinsights_skip_tracking":false,"footnotes":""},"categories":[690,94,107],"tags":[],"class_list":["post-9218","post","type-post","status-publish","format-standard","has-post-thumbnail","category-690","category-jorge-herrera-valenzuela","category-rafaga"],"_links":{"self":[{"href":"https:\/\/redsemlac.com\/semmexico\/wp-json\/wp\/v2\/posts\/9218","targetHints":{"allow":["GET"]}}],"collection":[{"href":"https:\/\/redsemlac.com\/semmexico\/wp-json\/wp\/v2\/posts"}],"about":[{"href":"https:\/\/redsemlac.com\/semmexico\/wp-json\/wp\/v2\/types\/post"}],"author":[{"embeddable":true,"href":"https:\/\/redsemlac.com\/semmexico\/wp-json\/wp\/v2\/users\/3"}],"replies":[{"embeddable":true,"href":"https:\/\/redsemlac.com\/semmexico\/wp-json\/wp\/v2\/comments?post=9218"}],"version-history":[{"count":0,"href":"https:\/\/redsemlac.com\/semmexico\/wp-json\/wp\/v2\/posts\/9218\/revisions"}],"wp:featuredmedia":[{"embeddable":true,"href":"https:\/\/redsemlac.com\/semmexico\/wp-json\/wp\/v2\/media\/9219"}],"wp:attachment":[{"href":"https:\/\/redsemlac.com\/semmexico\/wp-json\/wp\/v2\/media?parent=9218"}],"wp:term":[{"taxonomy":"category","embeddable":true,"href":"https:\/\/redsemlac.com\/semmexico\/wp-json\/wp\/v2\/categories?post=9218"},{"taxonomy":"post_tag","embeddable":true,"href":"https:\/\/redsemlac.com\/semmexico\/wp-json\/wp\/v2\/tags?post=9218"}],"curies":[{"name":"wp","href":"https:\/\/api.w.org\/{rel}","templated":true}]}}