{"id":92177,"date":"2025-01-27T10:47:57","date_gmt":"2025-01-27T16:47:57","guid":{"rendered":"https:\/\/redsemlac.com\/semmexico\/?p=92177"},"modified":"2025-01-27T10:47:58","modified_gmt":"2025-01-27T16:47:58","slug":"terapia-fotodinamica-como-elimino-una-cientifica-mexicana-el-vph-al-100","status":"publish","type":"post","link":"https:\/\/redsemlac.com\/semmexico\/terapia-fotodinamica-como-elimino-una-cientifica-mexicana-el-vph-al-100\/","title":{"rendered":"Terapia Fotodin\u00e1mica: \u00bfc\u00f3mo elimin\u00f3 una cient\u00edfica mexicana el VPH al 100%?"},"content":{"rendered":"\n<p class=\"wp-block-paragraph\">La cient\u00edfica Eva Ram\u00f3n Gallegos es quien elimin\u00f3 el VPH al 100 por ciento en 2019.Foto \u00a0Especial\/Pexels<\/p>\n\n\n\n<p class=\"wp-block-paragraph\"><a href=\"https:\/\/www.radioformula.com.mx\/autor\/blanca-cortes.html\">Blanca Cort\u00e9s Mart\u00ednez<\/a>*<\/p>\n\n\n\n<p class=\"wp-block-paragraph\">SemM\u00e9xico, Cd. de M\u00e9xico, 27 de enero, 2025.- La ciencia mexicana est\u00e1 en tendencia debido al trabajo de la&nbsp;<strong>doctora Eva Ram\u00f3n Gallegos<\/strong>, investigadora de la Escuela Nacional de Ciencias Biol\u00f3gicas (<strong>ENCB<\/strong>) del&nbsp;<strong>Instituto Polit\u00e9cnico Nacional (IPN)<\/strong>, quien junto a su equipo logr\u00f3 e<a href=\"https:\/\/www.radioformula.com.mx\/nacional\/2025\/1\/7\/cofepris-aprueba-medicamento-contra-el-cancer-para-que-tipos-sirve-bevacizumab-847369.html\">liminar al&nbsp;<\/a><a href=\"https:\/\/www.radioformula.com.mx\/nacional\/2025\/1\/7\/cofepris-aprueba-medicamento-contra-el-cancer-para-que-tipos-sirve-bevacizumab-847369.html\"><strong>Virus del Papiloma Humano (VPH<\/strong><\/a><strong>)<\/strong>&nbsp;en el 100 por ciento&nbsp;de las pacientes tratadas con su innovadora&nbsp;<strong>Terapia Fotodin\u00e1mica.<\/strong><\/p>\n\n\n\n<p class=\"wp-block-paragraph\">Sin embargo, aunque recientemente ha generado mucho revuelo, el estudio en el que logr\u00f3 combatir el VPH obtuvo sus primeros resultados en 2019.\u00a0As\u00ed lo detall\u00f3 la Gaceta Polit\u00e9cnica #117, publicada el 28 de febrero de 2019.<\/p>\n\n\n\n<figure class=\"wp-block-image size-full\"><a href=\"https:\/\/redsemlac.com\/semmexico\/wp-content\/uploads\/2025\/01\/terapia-foto-02.jpg\"><img loading=\"lazy\" decoding=\"async\" width=\"768\" height=\"782\" src=\"https:\/\/redsemlac.com\/semmexico\/wp-content\/uploads\/2025\/01\/terapia-foto-02.jpg\" alt=\"\" class=\"wp-image-92179\" srcset=\"https:\/\/redsemlac.com\/semmexico\/wp-content\/uploads\/2025\/01\/terapia-foto-02.jpg 768w, https:\/\/redsemlac.com\/semmexico\/wp-content\/uploads\/2025\/01\/terapia-foto-02-295x300.jpg 295w, https:\/\/redsemlac.com\/semmexico\/wp-content\/uploads\/2025\/01\/terapia-foto-02-150x153.jpg 150w, https:\/\/redsemlac.com\/semmexico\/wp-content\/uploads\/2025\/01\/terapia-foto-02-300x305.jpg 300w, https:\/\/redsemlac.com\/semmexico\/wp-content\/uploads\/2025\/01\/terapia-foto-02-696x709.jpg 696w\" sizes=\"auto, (max-width: 768px) 100vw, 768px\" \/><\/a><\/figure>\n\n\n\n<p class=\"wp-block-paragraph\">Eva Ram\u00f3n Gallegos indic\u00f3 -en aquel entonces- que&nbsp;<strong>en su estudio&nbsp;participaron 449 mujeres: 420 de Veracruz y Oaxaca, as\u00ed como 29 de la Ciudad de M\u00e9xico<\/strong>.&nbsp;En el estudio piloto con las pacientes de la CDMX, revel\u00f3 resultados por dem\u00e1s alentadores, ya que al revisarlas despu\u00e9s de 3, 6 y 12 meses y realizarles nuevamente los estudios de diagn\u00f3stico, se constat\u00f3 la efectividad de dicho tratamiento.<\/p>\n\n\n\n<p class=\"wp-block-paragraph\"><strong><em>\u00abMediante estudios moleculares buscamos el genoma del virus sin \u00e9xito, en ninguna de las 29 mujeres del primer grupo sali\u00f3 positiva su presencia\u201d, puntualiz\u00f3 la doctora para la Gaceta.<\/em><\/strong><\/p>\n\n\n\n<p class=\"wp-block-paragraph\">Adem\u00e1s, este tratamiento no solo erradica el virus, sino tambi\u00e9n elimina lesiones premalignas de c\u00e1ncer cervicouterino en etapas iniciales.<\/p>\n\n\n\n<p class=\"wp-block-paragraph\"><strong>\u00bfEn qu\u00e9 consiste la Terapia Fotodin\u00e1mica?<\/strong><\/p>\n\n\n\n<p class=\"wp-block-paragraph\">Ram\u00f3n Gallegos revel\u00f3 que la erradicaci\u00f3n del VPH fue gracias a la Terapia Fotodin\u00e1mica, que es un tratamiento que utiliza un enfoque no invasivo para combatir el VPH y las lesiones premalignas en el cuello del \u00fatero. El proceso&nbsp;consiste en:<\/p>\n\n\n\n<ul class=\"wp-block-list\">\n<li>Aplicaci\u00f3n de un\u00a0<strong>f\u00e1rmaco especial:<\/strong>\u00a0se utiliza \u00e1cido delta aminolevul\u00ednico, un compuesto que, despu\u00e9s de cuatro horas, se transforma en protoporfirina IX, una sustancia qu\u00edmica fluorescente que se acumula en las c\u00e9lulas da\u00f1adas.<\/li>\n\n\n\n<li>Uso de un\u00a0<strong>l\u00e1ser especial<\/strong>: este l\u00e1ser act\u00faa exclusivamente sobre las c\u00e9lulas impregnadas con la protoporfirina IX, elimin\u00e1ndolas sin afectar los tejidos sanos.<\/li>\n<\/ul>\n\n\n\n<p class=\"wp-block-paragraph\">Los incre\u00edbles resultados se demostraron en un estudio realizado en 26 mujeres mexicanas y representan un avance significativo en la lucha contra el c\u00e1ncer cervicouterino, el cual es una de las&nbsp;<strong>principales causas de muerte por c\u00e1ncer en mujeres en M\u00e9xico.<\/strong><\/p>\n\n\n\n<figure class=\"wp-block-image size-full\"><a href=\"https:\/\/redsemlac.com\/semmexico\/wp-content\/uploads\/2025\/01\/terapia-foto-03.jpg\"><img loading=\"lazy\" decoding=\"async\" width=\"640\" height=\"480\" src=\"https:\/\/redsemlac.com\/semmexico\/wp-content\/uploads\/2025\/01\/terapia-foto-03.jpg\" alt=\"\" class=\"wp-image-92180\" srcset=\"https:\/\/redsemlac.com\/semmexico\/wp-content\/uploads\/2025\/01\/terapia-foto-03.jpg 640w, https:\/\/redsemlac.com\/semmexico\/wp-content\/uploads\/2025\/01\/terapia-foto-03-300x225.jpg 300w, https:\/\/redsemlac.com\/semmexico\/wp-content\/uploads\/2025\/01\/terapia-foto-03-150x113.jpg 150w\" sizes=\"auto, (max-width: 640px) 100vw, 640px\" \/><\/a><\/figure>\n\n\n\n<p class=\"wp-block-paragraph\">Aunque los primeros trabajos sobre Terapia Fotodin\u00e1mica fueron publicados en 1999, fue hasta 2019 cuando el equipo liderado por la doctora Ram\u00f3n Gallegos encontr\u00f3 las condiciones precisas para aplicar el tratamiento de manera eficaz en el cuello uterino.<\/p>\n\n\n\n<p class=\"wp-block-paragraph\">Entre los principales beneficios de esta terapia se encuentran:<\/p>\n\n\n\n<ul class=\"wp-block-list\">\n<li><strong>M\u00ednim<\/strong>a\u00a0<strong>invasividad:<\/strong>\u00a0el f\u00e1rmaco se aplica de manera t\u00f3pica, sin necesidad de procedimientos quir\u00fargicos.<\/li>\n\n\n\n<li><strong>Efectos secundarios m\u00ednimos<\/strong>: el tratamiento es seguro y bien tolerado por las pacientes.<\/li>\n\n\n\n<li><strong>Alta efectividad<\/strong>: elimina tanto el VPH como las lesiones premalignas de c\u00e1ncer cervicouterino en etapas tempranas.<\/li>\n<\/ul>\n\n\n\n<p class=\"wp-block-paragraph\">El&nbsp;<strong>Virus del Papiloma Humano (VPH)&nbsp;<\/strong>es la principal causa del carcinoma cervicouterino, una enfermedad que afecta a miles de mujeres en M\u00e9xico y el mundo. Esta infecci\u00f3n de transmisi\u00f3n sexual representa un alto riesgo para la salud femenina.<\/p>\n\n\n\n<p class=\"wp-block-paragraph\"><strong>\u00bfCu\u00e1l es la trayectoria de Eva Ram\u00f3n Gallegos, cient\u00edfica que elimin\u00f3 el VPH en mujeres?<\/strong><\/p>\n\n\n\n<p class=\"wp-block-paragraph\">De acuerdo con el IPN, Eva Ram\u00f3n Gallegos es Qu\u00edmica Farmac\u00e9utica Bi\u00f3loga de la Universidad Veracruzana. Obtuvo la maestr\u00eda en Ciencias en Citopatolog\u00eda, con menci\u00f3n honor\u00edfica en la Escuela Nacional de Ciencias Biol\u00f3gicas del Instituto Polit\u00e9cnico Nacional.<\/p>\n\n\n\n<p class=\"wp-block-paragraph\">Posteriormente realiz\u00f3 el<strong>&nbsp;Doctorado en Ciencias Qu\u00edmicobiol\u00f3gicas<\/strong>, y obtuvo menci\u00f3n honor\u00edfica tambi\u00e9n en la misma instituci\u00f3n.<\/p>\n\n\n\n<figure class=\"wp-block-image size-large\"><a href=\"https:\/\/redsemlac.com\/semmexico\/wp-content\/uploads\/2025\/01\/terapia-foto-04.jpg\"><img loading=\"lazy\" decoding=\"async\" width=\"683\" height=\"1024\" src=\"https:\/\/redsemlac.com\/semmexico\/wp-content\/uploads\/2025\/01\/terapia-foto-04-683x1024.jpg\" alt=\"\" class=\"wp-image-92181\" srcset=\"https:\/\/redsemlac.com\/semmexico\/wp-content\/uploads\/2025\/01\/terapia-foto-04-683x1024.jpg 683w, https:\/\/redsemlac.com\/semmexico\/wp-content\/uploads\/2025\/01\/terapia-foto-04-200x300.jpg 200w, https:\/\/redsemlac.com\/semmexico\/wp-content\/uploads\/2025\/01\/terapia-foto-04-150x225.jpg 150w, https:\/\/redsemlac.com\/semmexico\/wp-content\/uploads\/2025\/01\/terapia-foto-04-300x450.jpg 300w, https:\/\/redsemlac.com\/semmexico\/wp-content\/uploads\/2025\/01\/terapia-foto-04-696x1044.jpg 696w, https:\/\/redsemlac.com\/semmexico\/wp-content\/uploads\/2025\/01\/terapia-foto-04.jpg 768w\" sizes=\"auto, (max-width: 683px) 100vw, 683px\" \/><\/a><\/figure>\n\n\n\n<p class=\"wp-block-paragraph\">Ilustrativa\/Pixabay<\/p>\n\n\n\n<p class=\"wp-block-paragraph\">Ram\u00f3n Gallegos realiz\u00f3 una estancia en el departamento de F\u00edsica en la Universidad Do Minho, Braga, Portugal y en el Centro de Investigaci\u00f3n y Estudios Avanzados del IPN.&nbsp; A partir del a\u00f1o 2001 se incorpora como profesora-investigadora de la Escuela Nacional de Ciencias Biol\u00f3gicas del IPN.<\/p>\n\n\n\n<p class=\"wp-block-paragraph\">Eva Ram\u00f3n pertenece al Sistema Nacional de Investigadores Nivel 2, es parte del comit\u00e9 editorial del International Journal on Hand-on Science, es revisora de art\u00edculos de revistas internacionales de prestigio y es miembro fundador y del Consejo T\u00e9cnico Acad\u00e9mico de la red tem\u00e1tica de&nbsp;<strong>Biofot\u00f3nica del CONACyT.<\/strong><\/p>\n\n\n\n<p class=\"wp-block-paragraph\"><strong>*Originalmente publicada en la GacetaPolit\u00e9cnica<\/strong><\/p>\n","protected":false},"excerpt":{"rendered":"<p>La cient\u00edfica Eva Ram\u00f3n Gallegos es quien elimin\u00f3 el VPH al 100 por ciento en 2019.Foto \u00a0Especial\/Pexels Blanca Cort\u00e9s Mart\u00ednez* SemM\u00e9xico, Cd. de M\u00e9xico, 27 de enero, 2025.- La ciencia mexicana est\u00e1 en tendencia debido al trabajo de la&nbsp;doctora Eva Ram\u00f3n Gallegos, investigadora de la Escuela Nacional de Ciencias Biol\u00f3gicas (ENCB) del&nbsp;Instituto Polit\u00e9cnico Nacional (IPN), [&hellip;]<\/p>\n","protected":false},"author":3,"featured_media":92178,"comment_status":"open","ping_status":"open","sticky":false,"template":"","format":"standard","meta":{"_monsterinsights_skip_tracking":false,"footnotes":""},"categories":[748],"tags":[],"class_list":["post-92177","post","type-post","status-publish","format-standard","has-post-thumbnail","category-cultura-feminista"],"_links":{"self":[{"href":"https:\/\/redsemlac.com\/semmexico\/wp-json\/wp\/v2\/posts\/92177","targetHints":{"allow":["GET"]}}],"collection":[{"href":"https:\/\/redsemlac.com\/semmexico\/wp-json\/wp\/v2\/posts"}],"about":[{"href":"https:\/\/redsemlac.com\/semmexico\/wp-json\/wp\/v2\/types\/post"}],"author":[{"embeddable":true,"href":"https:\/\/redsemlac.com\/semmexico\/wp-json\/wp\/v2\/users\/3"}],"replies":[{"embeddable":true,"href":"https:\/\/redsemlac.com\/semmexico\/wp-json\/wp\/v2\/comments?post=92177"}],"version-history":[{"count":0,"href":"https:\/\/redsemlac.com\/semmexico\/wp-json\/wp\/v2\/posts\/92177\/revisions"}],"wp:featuredmedia":[{"embeddable":true,"href":"https:\/\/redsemlac.com\/semmexico\/wp-json\/wp\/v2\/media\/92178"}],"wp:attachment":[{"href":"https:\/\/redsemlac.com\/semmexico\/wp-json\/wp\/v2\/media?parent=92177"}],"wp:term":[{"taxonomy":"category","embeddable":true,"href":"https:\/\/redsemlac.com\/semmexico\/wp-json\/wp\/v2\/categories?post=92177"},{"taxonomy":"post_tag","embeddable":true,"href":"https:\/\/redsemlac.com\/semmexico\/wp-json\/wp\/v2\/tags?post=92177"}],"curies":[{"name":"wp","href":"https:\/\/api.w.org\/{rel}","templated":true}]}}