{"id":92158,"date":"2025-01-25T16:22:35","date_gmt":"2025-01-25T22:22:35","guid":{"rendered":"https:\/\/redsemlac.com\/semmexico\/?p=92158"},"modified":"2025-01-25T16:23:17","modified_gmt":"2025-01-25T22:23:17","slug":"espana-los-lunes-al-sol-todas-las-hijas-y-estas-ahi-obras-para-recordar","status":"publish","type":"post","link":"https:\/\/redsemlac.com\/semmexico\/espana-los-lunes-al-sol-todas-las-hijas-y-estas-ahi-obras-para-recordar\/","title":{"rendered":"Espa\u00f1a: Los lunes al sol, Todas las hijas y \u00bfEst\u00e1s ah\u00ed? obras para recordar"},"content":{"rendered":"\n<p class=\"wp-block-paragraph\">Mar\u00eda Esther Beltr\u00e1n Mart\u00ednez, &nbsp; Fotos Festival de Teatro<\/p>\n\n\n\n<p class=\"wp-block-paragraph\">SemM\u00e9xico\/Ceprovysa , M\u00e1laga, Espa\u00f1a, 25 de enero, 2025 .-&nbsp; Ha iniciado el 42 Festival de Teatro de M\u00e1laga y se han presentado un ramillete de g\u00e9neros de los que seguramente quedar\u00e1n en la mente del p\u00fablico:&nbsp;<em>Los lunes al sol, Todas las hijas, Divinas Palabras y \u00bfEst\u00e1s ah\u00ed?<\/em><\/p>\n\n\n\n<p class=\"wp-block-paragraph\">Empecemos por&nbsp;<em>Los lunes al sol (2002)&nbsp;<\/em>de Fernando Le\u00f3n de Aranoa,&nbsp; pel\u00edcula que reflej\u00f3 la&nbsp; situaci\u00f3n&nbsp; laboral y econ\u00f3mica que viv\u00edan miles de trabajadores en&nbsp; Espa\u00f1a&nbsp; en los sectores de la siderurgia.&nbsp;<\/p>\n\n\n\n<p class=\"wp-block-paragraph\">Actualmente es totalmente recomendable asistir a ver la obra de teatro que es adaptaci\u00f3n de Ignacio del Moral, coautor del guion cinemat\u00f3grafo, y el director Javier Hern\u00e1ndez Sim\u00f3n.&nbsp;<\/p>\n\n\n\n<p class=\"wp-block-paragraph\">Es una obra donde todos los personajes tienen protagonismo y cada uno deja mucho que meditar y comentar por varios d\u00edas.<\/p>\n\n\n\n<figure class=\"wp-block-image size-large\"><a href=\"https:\/\/redsemlac.com\/semmexico\/wp-content\/uploads\/2025\/01\/lunes-al-sol-02.jpg\"><img loading=\"lazy\" decoding=\"async\" width=\"1024\" height=\"683\" src=\"https:\/\/redsemlac.com\/semmexico\/wp-content\/uploads\/2025\/01\/lunes-al-sol-02-1024x683.jpg\" alt=\"\" class=\"wp-image-92160\" srcset=\"https:\/\/redsemlac.com\/semmexico\/wp-content\/uploads\/2025\/01\/lunes-al-sol-02-1024x683.jpg 1024w, https:\/\/redsemlac.com\/semmexico\/wp-content\/uploads\/2025\/01\/lunes-al-sol-02-300x200.jpg 300w, https:\/\/redsemlac.com\/semmexico\/wp-content\/uploads\/2025\/01\/lunes-al-sol-02-768x512.jpg 768w, https:\/\/redsemlac.com\/semmexico\/wp-content\/uploads\/2025\/01\/lunes-al-sol-02-150x100.jpg 150w, https:\/\/redsemlac.com\/semmexico\/wp-content\/uploads\/2025\/01\/lunes-al-sol-02-696x464.jpg 696w, https:\/\/redsemlac.com\/semmexico\/wp-content\/uploads\/2025\/01\/lunes-al-sol-02-1068x712.jpg 1068w, https:\/\/redsemlac.com\/semmexico\/wp-content\/uploads\/2025\/01\/lunes-al-sol-02.jpg 1080w\" sizes=\"auto, (max-width: 1024px) 100vw, 1024px\" \/><\/a><\/figure>\n\n\n\n<p class=\"wp-block-paragraph\">Como en la pel\u00edcula Santa y Jos\u00e9 mantienen el hilo de los sindicalistas detenidos en 2007 durante la lucha en los&nbsp; astilleros de Naval Gij\u00f3n vieron el cierre y centenares de trabajadores se quedaron sin trabajo y en malas condiciones.<\/p>\n\n\n\n<p class=\"wp-block-paragraph\">Yune Nogueiras, Marcial \u00c1lvarez, Jos\u00e9 Luis Torrijo, Fernando Cayo, Fermi Herrero, Fernando Huesca, C\u00e9sar S\u00e1nchez y Lidia Navarro, llevan al espectador por los sentimientos puros del abandon\u00f3 y de sentirse en un abismo hasta perder la raz\u00f3n y la propia vida.<\/p>\n\n\n\n<p class=\"wp-block-paragraph\">Es una obra donde se refleja&nbsp; la experiencia de lo que pasa cuando a los cincuenta a\u00f1os te quedas sin trabajo. \u00bfQu\u00e9 futuro puede haber?&nbsp;<\/p>\n\n\n\n<p class=\"wp-block-paragraph\">Muchas preguntas y pocas respuestas se encuentran. Una historia que no pasa de moda y sigue presente en la sociedad actual.&nbsp;<\/p>\n\n\n\n<figure class=\"wp-block-image size-large\"><a href=\"https:\/\/redsemlac.com\/semmexico\/wp-content\/uploads\/2025\/01\/lunes-al-sol-03.jpg\"><img loading=\"lazy\" decoding=\"async\" width=\"1024\" height=\"683\" src=\"https:\/\/redsemlac.com\/semmexico\/wp-content\/uploads\/2025\/01\/lunes-al-sol-03-1024x683.jpg\" alt=\"\" class=\"wp-image-92161\" srcset=\"https:\/\/redsemlac.com\/semmexico\/wp-content\/uploads\/2025\/01\/lunes-al-sol-03-1024x683.jpg 1024w, https:\/\/redsemlac.com\/semmexico\/wp-content\/uploads\/2025\/01\/lunes-al-sol-03-300x200.jpg 300w, https:\/\/redsemlac.com\/semmexico\/wp-content\/uploads\/2025\/01\/lunes-al-sol-03-768x512.jpg 768w, https:\/\/redsemlac.com\/semmexico\/wp-content\/uploads\/2025\/01\/lunes-al-sol-03-150x100.jpg 150w, https:\/\/redsemlac.com\/semmexico\/wp-content\/uploads\/2025\/01\/lunes-al-sol-03-696x464.jpg 696w, https:\/\/redsemlac.com\/semmexico\/wp-content\/uploads\/2025\/01\/lunes-al-sol-03-1068x712.jpg 1068w, https:\/\/redsemlac.com\/semmexico\/wp-content\/uploads\/2025\/01\/lunes-al-sol-03.jpg 1080w\" sizes=\"auto, (max-width: 1024px) 100vw, 1024px\" \/><\/a><\/figure>\n\n\n\n<p class=\"wp-block-paragraph\"><em>Los lunes al sol,&nbsp;<\/em>&nbsp;Una puesta en escena que est\u00e1 bien montada, actuada y producida y merece mucho ser vista. Y principalmente fue un buen inicio para el Festival de Teatro de M\u00e1laga&nbsp; en el Teatro Cervantes.<\/p>\n\n\n\n<p class=\"wp-block-paragraph\">Producciones de Atalaya,&nbsp; present\u00f3&nbsp;&nbsp;<em>Divinas Palabras<\/em>, de Valle Incl\u00e1n. Con una producci\u00f3n basada en clave minimalista, La palabra est\u00e1 en primer plano. El escenario lo ocupan conos de m\u00e1s de tres metros de altura con alguna r\u00e9plica menor . La&nbsp; historia est\u00e1 basada en la crueldad, la avaricia, la codicia, la violencia y la desigualdad. Ponerse enfrente de las producciones de Atalaya es encontrarse con la experiencia de ver situaciones diferentes en los montajes y en la representaci\u00f3n con los actores. Est\u00e1 puesta en escena lleva al p\u00fablico a enfrentarse con un lenguaje po\u00e9tico y simb\u00f3lico,&nbsp; los personajes presentan la miseria humana, que nunca pasa de moda.&nbsp;&nbsp;&nbsp;<\/p>\n\n\n\n<p class=\"wp-block-paragraph\"><\/p>\n","protected":false},"excerpt":{"rendered":"<p>Mar\u00eda Esther Beltr\u00e1n Mart\u00ednez, &nbsp; Fotos Festival de Teatro SemM\u00e9xico\/Ceprovysa , M\u00e1laga, Espa\u00f1a, 25 de enero, 2025 .-&nbsp; Ha iniciado el 42 Festival de Teatro de M\u00e1laga y se han presentado un ramillete de g\u00e9neros de los que seguramente quedar\u00e1n en la mente del p\u00fablico:&nbsp;Los lunes al sol, Todas las hijas, Divinas Palabras y \u00bfEst\u00e1s [&hellip;]<\/p>\n","protected":false},"author":3,"featured_media":92159,"comment_status":"open","ping_status":"open","sticky":false,"template":"","format":"standard","meta":{"_monsterinsights_skip_tracking":false,"footnotes":""},"categories":[748],"tags":[],"class_list":["post-92158","post","type-post","status-publish","format-standard","has-post-thumbnail","category-cultura-feminista"],"_links":{"self":[{"href":"https:\/\/redsemlac.com\/semmexico\/wp-json\/wp\/v2\/posts\/92158","targetHints":{"allow":["GET"]}}],"collection":[{"href":"https:\/\/redsemlac.com\/semmexico\/wp-json\/wp\/v2\/posts"}],"about":[{"href":"https:\/\/redsemlac.com\/semmexico\/wp-json\/wp\/v2\/types\/post"}],"author":[{"embeddable":true,"href":"https:\/\/redsemlac.com\/semmexico\/wp-json\/wp\/v2\/users\/3"}],"replies":[{"embeddable":true,"href":"https:\/\/redsemlac.com\/semmexico\/wp-json\/wp\/v2\/comments?post=92158"}],"version-history":[{"count":0,"href":"https:\/\/redsemlac.com\/semmexico\/wp-json\/wp\/v2\/posts\/92158\/revisions"}],"wp:featuredmedia":[{"embeddable":true,"href":"https:\/\/redsemlac.com\/semmexico\/wp-json\/wp\/v2\/media\/92159"}],"wp:attachment":[{"href":"https:\/\/redsemlac.com\/semmexico\/wp-json\/wp\/v2\/media?parent=92158"}],"wp:term":[{"taxonomy":"category","embeddable":true,"href":"https:\/\/redsemlac.com\/semmexico\/wp-json\/wp\/v2\/categories?post=92158"},{"taxonomy":"post_tag","embeddable":true,"href":"https:\/\/redsemlac.com\/semmexico\/wp-json\/wp\/v2\/tags?post=92158"}],"curies":[{"name":"wp","href":"https:\/\/api.w.org\/{rel}","templated":true}]}}