{"id":92156,"date":"2025-01-25T16:14:10","date_gmt":"2025-01-25T22:14:10","guid":{"rendered":"https:\/\/redsemlac.com\/semmexico\/?p=92156"},"modified":"2025-01-25T16:14:54","modified_gmt":"2025-01-25T22:14:54","slug":"opinion-tensa-vecindad","status":"publish","type":"post","link":"https:\/\/redsemlac.com\/semmexico\/opinion-tensa-vecindad\/","title":{"rendered":"Opini\u00f3n| Tensa vecindad"},"content":{"rendered":"\n<p class=\"wp-block-paragraph\">Claudia Corichi <a href=\"https:\/\/whatsapp.com\/channel\/0029Va7IpF5Id7nJvkxFt02Q\"><\/a><a href=\"https:\/\/news.google.com\/s\/CBIwrbqeozY\"><\/a><\/p>\n\n\n\n<p class=\"wp-block-paragraph\">SemM\u00e9xico, Cd. de M\u00e9xico, 25 de enero, 2025.-La plutocracia que burla la ley, socava las instituciones, desprecia el orden mundial, aborrece la diversidad sexual y debilita al Estado ha expresado en voz de su representante en la Casa Blanca un ins\u00f3lito discurso nacionalista que sugiere el comienzo de una era de oscurantismo y de resistencia al progreso de la humanidad.<\/p>\n\n\n\n<p class=\"wp-block-paragraph\">Trump de 78 a\u00f1os vuelve a la presidencia arropado por 77.3 millones de votos de electores convencidos de su credo y su desparpajo. Entre muchas razones porque \u00e9l y su vicepresidente representan a la Am\u00e9rica profunda, rural, blanca, supremacista que reclama volver a tiempos del imperialismo ya no por la v\u00eda militar sino por la guerra cultural y de las ideas con base en mentiras.<\/p>\n\n\n\n<p class=\"wp-block-paragraph\">Trump apel\u00f3 al fanatismo y la euforia de sus seguidores a quienes prometi\u00f3 en campa\u00f1a todo lo que ha firmado el d\u00eda de su juramento a trav\u00e9s de unas cien \u00f3rdenes ejecutivas. Es un personaje megal\u00f3mano muy empoderado que simboliza al t\u00edpico macho anglosaj\u00f3n violento y violentador. Que defiende la tenencia de armas de fuego sin preocuparse por las frecuentes masacres y las vidas que se quiebran tras de s\u00ed.<\/p>\n\n\n\n<p class=\"wp-block-paragraph\">La agenda negacionista est\u00e1 en marcha en medio de contradicciones. Apelan a la libertad pero proscriben la diversidad sexual e imponen obst\u00e1culos legales contra el derecho a decidir de las mujeres; acusan corrupci\u00f3n pero se saltan la ley de manera grosera al indultar a condenados por el asalto al Capitolio, el mismo sitio donde volvi\u00f3 a rendir protesta.<\/p>\n\n\n\n<p class=\"wp-block-paragraph\">La \u00e9lite que desea imponer su visi\u00f3n al mundo con Trump a la cabeza ya no oculta sus alianzas con los tecnooligarcas. Musk, Zuckerberg y Bezos que fueron avasallados, activan la m\u00e1quina de propaganda a trav\u00e9s de sus medios y plataformas sociales. El tono envalentonado del magnate inmobiliario se refleja en su trato hacia las mujeres a quienes siempre ha acosado y manipulado.<\/p>\n\n\n\n<p class=\"wp-block-paragraph\">De las 12 carteras del gabinete (secretar\u00edas) solo cuatro est\u00e1n integradas por mujeres (Justicia, Seguridad Nacional, Trabajo y Agricultura). Buena parte de su equipo proviene del \u00e1mbito financiero, armamentista, inmobiliario y tecnol\u00f3gico. El Trump que se declaraba contra las vacunas del Covid, ahora ha tomado otra decisi\u00f3n alarmante: retirar a su pa\u00eds de la OMS al tiempo que decide abandonar una vez m\u00e1s el Acuerdo de Par\u00eds sobre cambio clim\u00e1tico. En su primer periodo tambi\u00e9n orden\u00f3 salir de la UNESCO.<\/p>\n\n\n\n<p class=\"wp-block-paragraph\">Su rabia contra M\u00e9xico es delirante y objeto de estudio. Al jurar el cargo lanz\u00f3 una bater\u00eda de medidas dirigidas a tensar al m\u00e1ximo las relaciones bilaterales y a mandar un mensaje: no queremos cooperaci\u00f3n, no necesitamos a M\u00e9xico para debilitar a los c\u00e1rteles, frenar la migraci\u00f3n o restringir el comercio exterior.<\/p>\n\n\n\n<p class=\"wp-block-paragraph\">Abandonemos la idea de que Trump es el mismo de su primer periodo. En absoluto; ha radicalizado su giro a la derecha a\u00f1orando un pasado imperialista y hegem\u00f3nico. En M\u00e9xico se dec\u00eda que republicanos y dem\u00f3cratas eran iguales; basta ver el endurecimiento del discurso antiinmigrante y de odio contra las minor\u00edas latinas que se ejemplifica en el cierre de redes sociales en espa\u00f1ol de su gobierno.<\/p>\n\n\n\n<p class=\"wp-block-paragraph\">Al observar la juramentaci\u00f3n, me identifiqu\u00e9 con la cara de Kamala, las risas tensas de los Clinton y la preocupaci\u00f3n sin complacencias del combativo senador Sanders. Esta vez el discurso xen\u00f3fobo, racista y expansionista parece que ir\u00e1 m\u00e1s all\u00e1 de las amenazas. Nuestra primera presidenta de izquierda y su equipo tendr\u00e1n un reto enorme frente a un aut\u00f3crata beligerante y provocador.<\/p>\n\n\n\n<p class=\"wp-block-paragraph\">@ClauCorichi<\/p>\n\n\n\n<p class=\"wp-block-paragraph\"><\/p>\n","protected":false},"excerpt":{"rendered":"<p>Claudia Corichi SemM\u00e9xico, Cd. de M\u00e9xico, 25 de enero, 2025.-La plutocracia que burla la ley, socava las instituciones, desprecia el orden mundial, aborrece la diversidad sexual y debilita al Estado ha expresado en voz de su representante en la Casa Blanca un ins\u00f3lito discurso nacionalista que sugiere el comienzo de una era de oscurantismo y [&hellip;]<\/p>\n","protected":false},"author":3,"featured_media":79168,"comment_status":"open","ping_status":"open","sticky":false,"template":"","format":"standard","meta":{"_monsterinsights_skip_tracking":false,"footnotes":""},"categories":[82,110,35],"tags":[],"class_list":["post-92156","post","type-post","status-publish","format-standard","has-post-thumbnail","category-la-opinion","category-la-opinion-columnas","category-opinion"],"_links":{"self":[{"href":"https:\/\/redsemlac.com\/semmexico\/wp-json\/wp\/v2\/posts\/92156","targetHints":{"allow":["GET"]}}],"collection":[{"href":"https:\/\/redsemlac.com\/semmexico\/wp-json\/wp\/v2\/posts"}],"about":[{"href":"https:\/\/redsemlac.com\/semmexico\/wp-json\/wp\/v2\/types\/post"}],"author":[{"embeddable":true,"href":"https:\/\/redsemlac.com\/semmexico\/wp-json\/wp\/v2\/users\/3"}],"replies":[{"embeddable":true,"href":"https:\/\/redsemlac.com\/semmexico\/wp-json\/wp\/v2\/comments?post=92156"}],"version-history":[{"count":0,"href":"https:\/\/redsemlac.com\/semmexico\/wp-json\/wp\/v2\/posts\/92156\/revisions"}],"wp:featuredmedia":[{"embeddable":true,"href":"https:\/\/redsemlac.com\/semmexico\/wp-json\/wp\/v2\/media\/79168"}],"wp:attachment":[{"href":"https:\/\/redsemlac.com\/semmexico\/wp-json\/wp\/v2\/media?parent=92156"}],"wp:term":[{"taxonomy":"category","embeddable":true,"href":"https:\/\/redsemlac.com\/semmexico\/wp-json\/wp\/v2\/categories?post=92156"},{"taxonomy":"post_tag","embeddable":true,"href":"https:\/\/redsemlac.com\/semmexico\/wp-json\/wp\/v2\/tags?post=92156"}],"curies":[{"name":"wp","href":"https:\/\/api.w.org\/{rel}","templated":true}]}}